{"id":17053,"date":"2013-09-23T06:58:37","date_gmt":"2013-09-23T04:58:37","guid":{"rendered":"http:\/\/stockportal.hu\/?p=17053"},"modified":"2013-09-23T06:58:57","modified_gmt":"2013-09-23T04:58:57","slug":"washingtoni-tamadas-obama-az-amerikaiaknak-tobbet-kell-tenniuk-a-fegyveres-eroszak-visszaszoritasaert","status":"publish","type":"post","link":"https:\/\/gazdasagportal.hu\/index.php\/washingtoni-tamadas-obama-az-amerikaiaknak-tobbet-kell-tenniuk-a-fegyveres-eroszak-visszaszoritasaert\/","title":{"rendered":"Washingtoni t\u00e1mad\u00e1s &#8211; Obama: az amerikaiaknak t\u00f6bbet kell tenni\u00fck a fegyveres er\u0151szak visszaszor\u00edt\u00e1s\u00e1\u00e9rt"},"content":{"rendered":"<p><strong>Az amerikaiak nem tesznek meg minden t\u0151l\u00fck telhet\u0151t a fegyveres er\u0151szak visszaszor\u00edt\u00e1s\u00e1\u00e9rt &#8211; jelentette ki Barack Obama amerikai eln\u00f6k a washingtoni haditenger\u00e9szeti parancsnoks\u00e1g ellen elk\u00f6vetett fegyveres t\u00e1mad\u00e1s 12 \u00e1ldozat\u00e1nak vas\u00e1rnapi b\u00facs\u00faztat\u00e1s\u00e1n.<!--more--><\/strong><\/p>\n<p>&#8222;Nem tessz\u00fck meg a j\u00f3zan \u00e9sz dikt\u00e1lta, alapvet\u0151 l\u00e9p\u00e9seket, hogy ne ker\u00fclj\u00f6n fegyver b\u0171n\u00f6z\u0151k \u00e9s vesz\u00e9lyes emberek kez\u00e9be&#8221; &#8211; mondta.<br \/>\nAz eln\u00f6k r\u00e1mutatott: nem tudja elfogadni, hogy j\u00f3zan \u00e9sszel, a biztons\u00e1g k\u00f6vetelm\u00e9ny\u00e9t \u00e9s a fegyvertart\u00e1s alkotm\u00e1nyosan szavatolt jog\u00e1t egyar\u00e1nt tiszteletben tartva, ne lehessen visszaszor\u00edtani a fegyveres er\u0151szakot. Kifejezte meggy\u0151z\u0151d\u00e9s\u00e9t, hogy ez, ha nem is a k\u00f6vetkez\u0151 h\u00f3napokban, de meg fog t\u00f6rt\u00e9nni.<br \/>\nObama hangs\u00falyozta: &#8222;nem norm\u00e1lis&#8221; az, hogy embereket a munkahely\u00fck\u00f6n, gyerekeket pedig az oszt\u00e1lyteremben gyilkoljanak meg.\u00a0\u00a0\u00a0\u00a0Kit\u00e9rt r\u00e1, hogy az Egyes\u00fclt \u00c1llamokban h\u00e1romszor annyi er\u0151szakcselekm\u00e9ny \u00e9s t\u00edzszer annyi fegyveres er\u0151szakcselekm\u00e9ny t\u00f6rt\u00e9nik, mint m\u00e1s fejlett orsz\u00e1gokban. Az eln\u00f6k a brit \u00e9s az ausztr\u00e1l p\u00e9ld\u00e1val bizony\u00edtotta, hogy lehet olyan helyzetet teremteni, amelyben a l\u0151fegyverrel elk\u00f6vetett t\u00f6meggyilkoss\u00e1gok ritkas\u00e1gsz\u00e1mba mennek.<br \/>\nAz eln\u00f6k, aki a tavaly decemberi connecticuti iskolai m\u00e9sz\u00e1rl\u00e1s nyom\u00e1n eredm\u00e9nytelen k\u00eds\u00e9rletet tett a fegyvertart\u00e1sra vonatkoz\u00f3 t\u00f6rv\u00e9nyek megszigor\u00edt\u00e1s\u00e1ra, elismerte, hogy nem lehet minden t\u00e1mad\u00e1st megakad\u00e1lyozni. Ugyanakkor megism\u00e9telte \u00e1ll\u00e1spontj\u00e1t, hogy ha csak egy \u00e9letet is meg lehet menteni, akkor azt k\u00f6telez\u0151 megpr\u00f3b\u00e1lni. Eml\u00e9keztetett r\u00e1, hogy elrendelte a katonai l\u00e9tes\u00edtm\u00e9nyek biztons\u00e1g\u00e1nak fel\u00fclvizsg\u00e1lat\u00e1t \u00e9s elmondta: biztos\u00edtani kell, hogy aki elmeorvosi seg\u00edts\u00e9gre szorul, az meg is kapja azt.<br \/>\nWayne LaPierre, a fegyvertart\u00e1s korl\u00e1toz\u00e1sa ellen fell\u00e9p\u0151 Nemzeti L\u0151fegyversz\u00f6vets\u00e9g eln\u00f6ke vas\u00e1rnap az NBC telev\u00edzi\u00f3nak nyilatkozva azzal magyar\u00e1zta a m\u00falt heti washingtoni trag\u00e9di\u00e1t, hogy a haditenger\u00e9szeti parancsnoks\u00e1got &#8222;j\u00f3r\u00e9szt v\u00e9dtelen\u00fcl hagyt\u00e1k&#8221;. &#8222;Nem volt ott el\u00e9g pusk\u00e1s j\u00f3fi\u00fa. Amikor a pusk\u00e1s j\u00f3fi\u00fak oda\u00e9rtek, az eg\u00e9sznek v\u00e9ge szakadt&#8221; &#8211; mondta.<br \/>\nLaPierre a b\u00fcntet\u0151 igazs\u00e1gszolg\u00e1ltat\u00e1si rendszert hib\u00e1ztatta az\u00e9rt, hogy vesz\u00e9lyes \u0151r\u00fcltek lehetnek szabadon az amerikai utc\u00e1kon.<br \/>\nA nagy val\u00f3sz\u00edn\u0171s\u00e9ggel elmeh\u00e1borodott mer\u00e9nyl\u0151 \u00e1ltal agyonl\u0151tt \u00e1ldozatok egyike, Martin Bodrog magyar sz\u00e1rmaz\u00e1s\u00fa volt. Az 54 \u00e9ves f\u00e9rfi hossz\u00fa akt\u00edv haditenger\u00e9szeti szolg\u00e1lat ut\u00e1n a hader\u0151nem polg\u00e1ri szak\u00e9rt\u0151je lett. Bodrog tan\u00edtott a virginiai Springfieldben tal\u00e1lhat\u00f3 Immanuel Bibliai Templom vas\u00e1rnapi iskol\u00e1j\u00e1ban.<br \/>\nA templom lelkip\u00e1sztora az MTI-t arr\u00f3l t\u00e1j\u00e9koztatta, hogy Martin Bodrog tudott r\u00f3la, hogy magyar sz\u00e1rmaz\u00e1s\u00fa volt, de nem besz\u00e9lt magyarul \u00e9s nem volt tiszt\u00e1ban azzal, hogy \u0151sei mikor v\u00e1ndoroltak be Amerik\u00e1ba.(MTI)<\/p>\n","protected":false},"excerpt":{"rendered":"<p>Az amerikaiak nem tesznek meg minden t\u0151l\u00fck telhet\u0151t a fegyveres er\u0151szak visszaszor\u00edt\u00e1s\u00e1\u00e9rt &#8211; jelentette ki Barack Obama amerikai eln\u00f6k a washingtoni haditenger\u00e9szeti parancsnoks\u00e1g ellen elk\u00f6vetett fegyveres t\u00e1mad\u00e1s 12 \u00e1ldozat\u00e1nak vas\u00e1rnapi b\u00facs\u00faztat\u00e1s\u00e1n.<\/p>\n","protected":false},"author":1,"featured_media":0,"comment_status":"open","ping_status":"closed","sticky":false,"template":"","format":"standard","meta":[],"categories":[13],"tags":[],"_links":{"self":[{"href":"https:\/\/gazdasagportal.hu\/index.php\/wp-json\/wp\/v2\/posts\/17053"}],"collection":[{"href":"https:\/\/gazdasagportal.hu\/index.php\/wp-json\/wp\/v2\/posts"}],"about":[{"href":"https:\/\/gazdasagportal.hu\/index.php\/wp-json\/wp\/v2\/types\/post"}],"author":[{"embeddable":true,"href":"https:\/\/gazdasagportal.hu\/index.php\/wp-json\/wp\/v2\/users\/1"}],"replies":[{"embeddable":true,"href":"https:\/\/gazdasagportal.hu\/index.php\/wp-json\/wp\/v2\/comments?post=17053"}],"version-history":[{"count":3,"href":"https:\/\/gazdasagportal.hu\/index.php\/wp-json\/wp\/v2\/posts\/17053\/revisions"}],"predecessor-version":[{"id":17055,"href":"https:\/\/gazdasagportal.hu\/index.php\/wp-json\/wp\/v2\/posts\/17053\/revisions\/17055"}],"wp:attachment":[{"href":"https:\/\/gazdasagportal.hu\/index.php\/wp-json\/wp\/v2\/media?parent=17053"}],"wp:term":[{"taxonomy":"category","embeddable":true,"href":"https:\/\/gazdasagportal.hu\/index.php\/wp-json\/wp\/v2\/categories?post=17053"},{"taxonomy":"post_tag","embeddable":true,"href":"https:\/\/gazdasagportal.hu\/index.php\/wp-json\/wp\/v2\/tags?post=17053"}],"curies":[{"name":"wp","href":"https:\/\/api.w.org\/{rel}","templated":true}]}}