{"id":17049,"date":"2013-09-23T06:29:08","date_gmt":"2013-09-23T04:29:08","guid":{"rendered":"http:\/\/stockportal.hu\/?p=17049"},"modified":"2013-09-23T06:29:08","modified_gmt":"2013-09-23T04:29:08","slug":"nemet-valasztasok-nem-sikerult-az-abszolut-tobbseg-csak-egy-hajszallal-maradtak-le","status":"publish","type":"post","link":"https:\/\/gazdasagportal.hu\/index.php\/nemet-valasztasok-nem-sikerult-az-abszolut-tobbseg-csak-egy-hajszallal-maradtak-le\/","title":{"rendered":"N\u00e9met v\u00e1laszt\u00e1sok &#8211; Nem siker\u00fclt az abszol\u00fat t\u00f6bbs\u00e9g, csak egy hajsz\u00e1llal maradtak le"},"content":{"rendered":"<p><strong>Az Angela Merkel vezette konzervat\u00edvok gy\u0151ztek a n\u00e9metorsz\u00e1gi parlamenti (Bundestag-) v\u00e1laszt\u00e1son, \u00e9s csup\u00e1n \u00f6t mand\u00e1tummal maradtak el az abszol\u00fat t\u00f6bbs\u00e9gt\u0151l a h\u00e9tf\u0151 hajnalban kihirdetett el\u0151zetes hivatalos v\u00e9geredm\u00e9ny szerint.<!--more--><\/strong><\/p>\n<p>A Kereszt\u00e9nydemokrata Uni\u00f3 (CDU) \u00e9s a bajor testv\u00e9rp\u00e1rt, a Kereszt\u00e9nyszoci\u00e1lis Uni\u00f3 (CSU) sz\u00f6vets\u00e9ge a szavazatok 41,5 sz\u00e1zal\u00e9k\u00e1t szerezte meg, ez 311 mand\u00e1tumot jelent a 630 f\u0151s Bundestagban. Az abszol\u00fat t\u00f6bbs\u00e9ghez &#8211; 316 mand\u00e1tumhoz &#8211; 42,5 sz\u00e1zal\u00e9k kellett volna.<br \/>\nA CDU\/CSU 23 \u00e9ve, 1990 \u00f3ta a legjobb eredm\u00e9nnyel nyerte meg a v\u00e1laszt\u00e1st, a p\u00e1rtsz\u00f6vets\u00e9g akkor 43,8 sz\u00e1zal\u00e9kot szerzett.<br \/>\nA konzervat\u00edvok a legut\u00f3bbi, 2009-es v\u00e1laszt\u00e1son 33,8 sz\u00e1zal\u00e9kkal v\u00e9geztek az els\u0151 helyen, az a m\u00e1sodik legrosszabb eredm\u00e9ny volt az uni\u00f3p\u00e1rtok t\u00f6rt\u00e9net\u00e9ben.<br \/>\nA CDU\/CSU 2009 \u00f3ta a liber\u00e1lis Szabad Demokrata P\u00e1rttal (FDP) korm\u00e1nyzott, amely a vas\u00e1rnapi v\u00e1laszt\u00e1son 4,8 sz\u00e1zal\u00e9kot szerzett, \u00e9s \u00edgy 64 \u00e9v ut\u00e1n kiesett a sz\u00f6vets\u00e9gi gy\u0171l\u00e9sb\u0151l. Az FDP a legt\u00f6bb korm\u00e1nyzati tapasztalattal rendelkez\u0151 n\u00e9met p\u00e1rt, eddig 52 \u00e9vig volt korm\u00e1nyon, t\u00f6bbnyire a konzervat\u00edvok koal\u00edci\u00f3s partnerek\u00e9nt, \u00e9s 2009-ben m\u00e9g rekordnak sz\u00e1m\u00edt\u00f3 14,6 sz\u00e1zal\u00e9kot \u00e9rt el.<br \/>\nA N\u00e9met Szoci\u00e1ldemokrata P\u00e1rt (SPD) a szavazatok 25,7 sz\u00e1zal\u00e9k\u00e1t nyerte el, k\u00e9pvisel\u0151csoportjuk 192 f\u0151s lesz. A 150 \u00e9ve alap\u00edtott p\u00e1rt jav\u00edtott a n\u00e9gy \u00e9ve 23 sz\u00e1zal\u00e9kon el\u00e9rt t\u00f6rt\u00e9nelmi m\u00e9lyponthoz k\u00e9pest.<br \/>\nA Baloldal 8,6 sz\u00e1zal\u00e9kot szerzett a 2009-es 11,9 sz\u00e1zal\u00e9k ut\u00e1n, \u00e9s 64 k\u00e9pvisel\u0151t k\u00fcldhet a Bundestagba.<br \/>\nA Z\u00f6ldek is gyeng\u00fcltek, a 2009-es 10,7 sz\u00e1zal\u00e9kkal szemben 8,4 sz\u00e1zal\u00e9kos eredm\u00e9nyt \u00e9rtek el, ami 63 mand\u00e1tumot jelent.<br \/>\nM\u00e1s p\u00e1rt nem l\u00e9pte \u00e1t az 5 sz\u00e1zal\u00e9kos bejut\u00e1si k\u00fcsz\u00f6b\u00f6t. A bejut\u00e1sra legink\u00e1bb es\u00e9lyesnek tartott euroszkeptikus Alternat\u00edva N\u00e9metorsz\u00e1gnak (AfD) a szavazatok 4,7 sz\u00e1zal\u00e9k\u00e1t szerezte meg.<br \/>\nAz 5 sz\u00e1zal\u00e9k alatti eredm\u00e9nyt el\u00e9r\u0151 p\u00e1rtokra adott szavazatok ar\u00e1nya kiugr\u00f3an magas, 15,8 sz\u00e1zal\u00e9kos, \u00edgy rendk\u00edv\u00fcl alacsonyra s\u00fcllyedt az a szavazatar\u00e1ny, amelyet el\u00e9rve a konzervat\u00edvok abszol\u00fat t\u00f6bbs\u00e9get szerezhettek volna (42,5 sz\u00e1zal\u00e9k).<br \/>\n\u00d6sszesen 44,3 milli\u00f3an szavaztak, a v\u00e1laszt\u00e1si r\u00e9szv\u00e9teli ar\u00e1ny 71,5 sz\u00e1zal\u00e9kos volt, 0,8 sz\u00e1zal\u00e9kponttal emelkedett a 2009-es t\u00f6rt\u00e9nelmi m\u00e9lyponthoz, 70,8 sz\u00e1zal\u00e9khoz k\u00e9pest.<br \/>\nAz uni\u00f3p\u00e1rtok vezet\u0151 test\u00fcletei h\u00e9tf\u0151n \u00e9rt\u00e9kelik a v\u00e1laszt\u00e1si eredm\u00e9nyeket. V\u00e1rakoz\u00e1sok szerint felk\u00e9rik a szoci\u00e1ldemokrat\u00e1kat a koal\u00edci\u00f3s t\u00e1rgyal\u00e1sok megkezd\u00e9s\u00e9re. A CDU\/CSU legut\u00f3bb a 2005-2009-es ciklusban korm\u00e1nyzott egy\u00fctt az SPD-vel, a kancell\u00e1r akkor is Angela Merkel, a CDU eln\u00f6ke volt.<br \/>\nVas\u00e1rnap Hessenben tartom\u00e1nyi v\u00e1laszt\u00e1sokat is tartottak. A konzervat\u00edv-liber\u00e1lis koal\u00edci\u00f3 elvesz\u00edtette a t\u00f6bbs\u00e9get a wiesbadeni tartom\u00e1nyi gy\u0171l\u00e9sben, de az FDP az els\u0151 eredm\u00e9nybecsl\u00e9sekkel szemben m\u00e9gsem esett ki, az el\u0151zetes hivatalos v\u00e9geredm\u00e9ny szerint a szavazatok 5 sz\u00e1zal\u00e9k\u00e1t szerezte meg. A CDU 38,3 sz\u00e1zal\u00e9kot, az SPD 30,7 sz\u00e1zal\u00e9kot, a Z\u00f6ldek 11,1 sz\u00e1zal\u00e9kot, a Baloldal 5,2 sz\u00e1zal\u00e9kot szerzett a tartom\u00e1nyi v\u00e1laszt\u00e1son.(MTI)<\/p>\n","protected":false},"excerpt":{"rendered":"<p>Az Angela Merkel vezette konzervat\u00edvok gy\u0151ztek a n\u00e9metorsz\u00e1gi parlamenti (Bundestag-) v\u00e1laszt\u00e1son, \u00e9s csup\u00e1n \u00f6t mand\u00e1tummal maradtak el az abszol\u00fat t\u00f6bbs\u00e9gt\u0151l a h\u00e9tf\u0151 hajnalban kihirdetett el\u0151zetes hivatalos v\u00e9geredm\u00e9ny szerint.<\/p>\n","protected":false},"author":1,"featured_media":17050,"comment_status":"open","ping_status":"closed","sticky":false,"template":"","format":"standard","meta":[],"categories":[12,1],"tags":[],"_links":{"self":[{"href":"https:\/\/gazdasagportal.hu\/index.php\/wp-json\/wp\/v2\/posts\/17049"}],"collection":[{"href":"https:\/\/gazdasagportal.hu\/index.php\/wp-json\/wp\/v2\/posts"}],"about":[{"href":"https:\/\/gazdasagportal.hu\/index.php\/wp-json\/wp\/v2\/types\/post"}],"author":[{"embeddable":true,"href":"https:\/\/gazdasagportal.hu\/index.php\/wp-json\/wp\/v2\/users\/1"}],"replies":[{"embeddable":true,"href":"https:\/\/gazdasagportal.hu\/index.php\/wp-json\/wp\/v2\/comments?post=17049"}],"version-history":[{"count":2,"href":"https:\/\/gazdasagportal.hu\/index.php\/wp-json\/wp\/v2\/posts\/17049\/revisions"}],"predecessor-version":[{"id":17052,"href":"https:\/\/gazdasagportal.hu\/index.php\/wp-json\/wp\/v2\/posts\/17049\/revisions\/17052"}],"wp:featuredmedia":[{"embeddable":true,"href":"https:\/\/gazdasagportal.hu\/index.php\/wp-json\/wp\/v2\/media\/17050"}],"wp:attachment":[{"href":"https:\/\/gazdasagportal.hu\/index.php\/wp-json\/wp\/v2\/media?parent=17049"}],"wp:term":[{"taxonomy":"category","embeddable":true,"href":"https:\/\/gazdasagportal.hu\/index.php\/wp-json\/wp\/v2\/categories?post=17049"},{"taxonomy":"post_tag","embeddable":true,"href":"https:\/\/gazdasagportal.hu\/index.php\/wp-json\/wp\/v2\/tags?post=17049"}],"curies":[{"name":"wp","href":"https:\/\/api.w.org\/{rel}","templated":true}]}}