{"id":17046,"date":"2013-09-23T06:12:47","date_gmt":"2013-09-23T04:12:47","guid":{"rendered":"http:\/\/stockportal.hu\/?p=17046"},"modified":"2013-09-23T06:22:18","modified_gmt":"2013-09-23T04:22:18","slug":"nemet-valasztasok-marad-az-eurovalsag-kezelesenek-eddigi-iranya","status":"publish","type":"post","link":"https:\/\/gazdasagportal.hu\/index.php\/nemet-valasztasok-marad-az-eurovalsag-kezelesenek-eddigi-iranya\/","title":{"rendered":"N\u00e9met v\u00e1laszt\u00e1sok &#8211; Marad az eur\u00f3v\u00e1ls\u00e1g kezel\u00e9s\u00e9nek eddigi ir\u00e1nya"},"content":{"rendered":"<p><strong>Angela Merkel n\u00e9met kancell\u00e1r jelent\u0151sen meger\u0151s\u00f6dve ker\u00fclt ki a n\u00e9metorsz\u00e1gi v\u00e1laszt\u00e1sokb\u00f3l, \u00e9s ez egyben azt is jelenti, hogy marad az eur\u00f3\u00f6vezeti ad\u00f3ss\u00e1gv\u00e1ls\u00e1g kezel\u00e9s\u00e9nek eddigi ir\u00e1nya &#8211; j\u00f3solt\u00e1k h\u00e9tf\u0151 hajnali els\u0151 \u00e9rt\u00e9kel\u00e9s\u00fckben londoni strat\u00e9giai elemz\u0151k.<!--more--><\/strong><\/p>\n<p>Az Eurasia Group nev\u0171 glob\u00e1lis politikai-gazdas\u00e1gi kock\u00e1zatelemz\u0151 csoport londoni szak\u00e9rt\u0151i gyorselemz\u00e9s\u00fckben kiemelt\u00e9k azt a v\u00e9lem\u00e9ny\u00fcket, hogy ha a CDU\/CSU konzervat\u00edv p\u00e1rtsz\u00f6vets\u00e9g nagykoal\u00edci\u00f3ra k\u00e9nyszer\u00fclne is a szoci\u00e1ldemokrat\u00e1kkal, az SPD befoly\u00e1sa m\u00e9g egy ilyen korm\u00e1nyzati form\u00e1ci\u00f3ban is val\u00f3sz\u00edn\u0171leg korl\u00e1tozott lenne, tekintettel arra, hogy a p\u00e1rt v\u00e1laszt\u00e1si teljes\u00edtm\u00e9nye j\u00f3val elmaradt az uni\u00f3p\u00e1rtok\u00e9t\u00f3l.<br \/>\nMerkel politikai helyzet\u00e9nek meger\u0151s\u00f6d\u00e9se ugyanakkor &#8211; b\u00e1rmilyen korm\u00e1nyalak\u00edt\u00e1si forgat\u00f3k\u00f6nyv eset\u00e9n &#8211; azt is jelenti, hogy az eur\u00f3\u00f6vezeti v\u00e1ls\u00e1gkezel\u00e9sben gyakorlatilag marad a status quo. A kancell\u00e1r eur\u00f3politik\u00e1j\u00e1r\u00f3l foly\u00f3 hazai vita v\u00e1rhat\u00f3an feler\u0151s\u00f6dik, \u00e1m az val\u00f3sz\u00edn\u0171tlen, hogy Merkel ennek hat\u00e1s\u00e1ra m\u00f3dos\u00edtan\u00e1 hozz\u00e1\u00e1ll\u00e1s\u00e1t a valutauni\u00f3s ad\u00f3ss\u00e1gv\u00e1ls\u00e1g kezel\u00e9s\u00e9hez &#8211; j\u00f3solt\u00e1k h\u00e9tf\u0151i helyzet\u00e9rt\u00e9kel\u00e9s\u00fckben az Eurasia Group londoni elemz\u0151i.<br \/>\nA h\u00e1z szak\u00e9rt\u0151i m\u00e1r a vas\u00e1rnap tartott orsz\u00e1gos v\u00e1laszt\u00e1sok el\u0151tti progn\u00f3zisukban is azt val\u00f3sz\u00edn\u0171s\u00edtett\u00e9k, hogy Angela Merkel marad a kancell\u00e1ri tiszts\u00e9gben, \u00e9s \u00edgy nem lesz komoly \u00e1trendez\u0151d\u00e9s N\u00e9metorsz\u00e1g politik\u00e1j\u00e1ban a kulcsfontoss\u00e1g\u00fa gazdas\u00e1gpolitikai ter\u00fcleteken, \u00edgy az eur\u00f3\u00f6vezeti v\u00e1ls\u00e1gkezel\u00e9sben sem.<br \/>\nA n\u00e9met v\u00e1ls\u00e1gkezel\u00e9si hozz\u00e1\u00e1ll\u00e1sra a j\u00f6v\u0151ben is az lesz a jellemz\u0151, hogy Berlin szigor\u00fa felt\u00e9telrendszereket csatol a tov\u00e1bbi p\u00e9nz\u00fcgyi ment\u0151akci\u00f3khoz, \u00e9s nagyobb gazdas\u00e1gpolitikai fel\u00fcgyeletet fog mag\u00e1nak k\u00f6vetelni b\u00e1rmilyen \u00fajabb ad\u00f3ss\u00e1genyh\u00edt\u00e9s fej\u00e9ben &#8211; v\u00e9lekedtek a v\u00e1laszt\u00e1sokat megel\u0151z\u0151 elemz\u00e9s\u00fckben az Eurasia londoni szak\u00e9rt\u0151i.<br \/>\nA h\u00e1z elemz\u0151i hangs\u00falyozt\u00e1k, hogy az SPD egyet\u00e9rt ezekkel az elvekkel, a szoci\u00e1ldemokrat\u00e1k \u00e1ll\u00e1spontja az EU-val kapcsolatos szakpolitikai \u00fcgyekben \u00e1ltal\u00e1ban is nagyon k\u00f6zel \u00e1ll az eddigi n\u00e9met korm\u00e1ny\u00e9hoz, \u00e9s eddig mindegyik eur\u00f3\u00f6vezeti ment\u0151program int\u00e9zked\u00e9seit t\u00e1mogatt\u00e1k a Bundestagban.<br \/>\nA City egyik legnagyobb p\u00e9nz\u00fcgyi-gazdas\u00e1gi elemz\u0151h\u00e1za, a Capital Economics eur\u00f3pai gazdas\u00e1gokra szakosodott k\u00f6zgazd\u00e1szai is azt j\u00f3solt\u00e1k a n\u00e9met v\u00e1laszt\u00e1sok el\u0151tt, hogy az SPD is ellenzi az ad\u00f3fizet\u0151k p\u00e9nz\u00e9b\u0151l finansz\u00edrozott folyamatos \u00e1tutal\u00e1sokat, amelyekre az eurperif\u00e9ria orsz\u00e1gainak sz\u00fcks\u00e9g\u00fck van, \u00e9s a szoci\u00e1ldemokrat\u00e1k ragaszkodnak ahhoz is, hogy az eur\u00f3\u00f6vezet perif\u00e9ri\u00e1lis gazdas\u00e1gainak bankrendszereit ne m\u00e1s eur\u00f3gazdas\u00e1gok korm\u00e1nyainak &#8222;\u00f6sszedobott p\u00e9nz\u00e9b\u0151l&#8221; oldj\u00e1k meg.<br \/>\nTekintettel arra, hogy a n\u00e9met k\u00f6zv\u00e9lem\u00e9ny er\u0151teljesen t\u00e1mogatja Merkel kancell\u00e1r kem\u00e9ny politik\u00e1j\u00e1t az eur\u00f3\u00f6vezet perif\u00e9ri\u00e1j\u00e1val szemben, nem val\u00f3sz\u00edn\u0171, hogy b\u00e1rmilyen \u00f6sszet\u00e9tel\u0171 n\u00e9met korm\u00e1ny nagyon elt\u00e1volodna az eddigi hozz\u00e1\u00e1ll\u00e1st\u00f3l, \u00e9s \u00edgy nem v\u00e1rhat\u00f3, hogy Berlin radik\u00e1lis m\u00e9rt\u00e9kben nagyvonal\u00fabb\u00e1 v\u00e1lna a valutauni\u00f3 d\u00e9li sz\u00e1rnya ir\u00e1nt &#8211; j\u00f3solt\u00e1k el\u0151zetes v\u00e1laszt\u00e1si forgat\u00f3k\u00f6nyveikben a Capital Economics londoni szakelemz\u0151i.(MTI)<\/p>\n","protected":false},"excerpt":{"rendered":"<p>Angela Merkel n\u00e9met kancell\u00e1r jelent\u0151sen meger\u0151s\u00f6dve ker\u00fclt ki a n\u00e9metorsz\u00e1gi v\u00e1laszt\u00e1sokb\u00f3l, \u00e9s ez egyben azt is jelenti, hogy marad az eur\u00f3\u00f6vezeti ad\u00f3ss\u00e1gv\u00e1ls\u00e1g kezel\u00e9s\u00e9nek eddigi ir\u00e1nya &#8211; j\u00f3solt\u00e1k h\u00e9tf\u0151 hajnali els\u0151 \u00e9rt\u00e9kel\u00e9s\u00fckben londoni strat\u00e9giai elemz\u0151k.<\/p>\n","protected":false},"author":1,"featured_media":0,"comment_status":"open","ping_status":"closed","sticky":false,"template":"","format":"standard","meta":[],"categories":[12],"tags":[],"_links":{"self":[{"href":"https:\/\/gazdasagportal.hu\/index.php\/wp-json\/wp\/v2\/posts\/17046"}],"collection":[{"href":"https:\/\/gazdasagportal.hu\/index.php\/wp-json\/wp\/v2\/posts"}],"about":[{"href":"https:\/\/gazdasagportal.hu\/index.php\/wp-json\/wp\/v2\/types\/post"}],"author":[{"embeddable":true,"href":"https:\/\/gazdasagportal.hu\/index.php\/wp-json\/wp\/v2\/users\/1"}],"replies":[{"embeddable":true,"href":"https:\/\/gazdasagportal.hu\/index.php\/wp-json\/wp\/v2\/comments?post=17046"}],"version-history":[{"count":2,"href":"https:\/\/gazdasagportal.hu\/index.php\/wp-json\/wp\/v2\/posts\/17046\/revisions"}],"predecessor-version":[{"id":17048,"href":"https:\/\/gazdasagportal.hu\/index.php\/wp-json\/wp\/v2\/posts\/17046\/revisions\/17048"}],"wp:attachment":[{"href":"https:\/\/gazdasagportal.hu\/index.php\/wp-json\/wp\/v2\/media?parent=17046"}],"wp:term":[{"taxonomy":"category","embeddable":true,"href":"https:\/\/gazdasagportal.hu\/index.php\/wp-json\/wp\/v2\/categories?post=17046"},{"taxonomy":"post_tag","embeddable":true,"href":"https:\/\/gazdasagportal.hu\/index.php\/wp-json\/wp\/v2\/tags?post=17046"}],"curies":[{"name":"wp","href":"https:\/\/api.w.org\/{rel}","templated":true}]}}