{"id":17042,"date":"2013-09-22T21:52:15","date_gmt":"2013-09-22T19:52:15","guid":{"rendered":"http:\/\/stockportal.hu\/?p=17042"},"modified":"2013-09-22T22:03:05","modified_gmt":"2013-09-22T20:03:05","slug":"nemet-valasztasok-nagykoalicio-alakulhat-nemetorszagban","status":"publish","type":"post","link":"https:\/\/gazdasagportal.hu\/index.php\/nemet-valasztasok-nagykoalicio-alakulhat-nemetorszagban\/","title":{"rendered":"N\u00e9met v\u00e1laszt\u00e1sok &#8211; Nagykoal\u00edci\u00f3 alakulhat N\u00e9metorsz\u00e1gban"},"content":{"rendered":"<p><strong>A CDU\/CSU konzervat\u00edv p\u00e1rtsz\u00f6vets\u00e9g v\u00e9gzett az \u00e9len a vas\u00e1rnapi n\u00e9met parlamenti v\u00e1laszt\u00e1sokon, de nem tudja folytatni a korm\u00e1nyz\u00e1st az FDP-vel, mert a liber\u00e1lis p\u00e1rt nem \u00e9rte el az 5 sz\u00e1zal\u00e9kos parlamenti bejut\u00e1si k\u00fcsz\u00f6b\u00f6t az urnaz\u00e1r\u00e1s ut\u00e1n k\u00f6z\u00f6lt exit poll felm\u00e9r\u00e9sek szerint. Az Angela Merkel vezette konzervat\u00edvok \u00edgy v\u00e1rhat\u00f3an nagykoal\u00edci\u00f3ra l\u00e9pnek a szoci\u00e1ldemokrat\u00e1kkal (SPD).<!--more--><\/strong><\/p>\n<p>Az ARD k\u00f6zszolg\u00e1lati telev\u00edzi\u00f3 felm\u00e9r\u00e9se szerint a CDU\/CSU 42 sz\u00e1zal\u00e9kot szerzett, az FDP pedig 4,7 sz\u00e1zal\u00e9kot. Az SPD 26 sz\u00e1zal\u00e9kkal v\u00e9gzett a m\u00e1sodik helyen. A Baloldal 8,5 sz\u00e1zal\u00e9kkal a harmadik. A Z\u00f6ldek 8 sz\u00e1zal\u00e9kot szerzetek.<br \/>\nA ZDF k\u00f6zszolg\u00e1lati telev\u00edzi\u00f3 felm\u00e9r\u00e9se szerint a konzervat\u00edvok 42,5 sz\u00e1zal\u00e9kot szereztek, az FDP pedig 4,5 sz\u00e1zal\u00e9kot. Az SPD a szavazatok 26,5 sz\u00e1zal\u00e9k\u00e1t szerezte meg, a Baloldal 8,5 sz\u00e1zal\u00e9kot, a Z\u00f6ldek 8 sz\u00e1zal\u00e9kot \u00e9rtek el.<br \/>\nAz euroszkeptikus Alternat\u00edva N\u00e9metorsz\u00e1gnak (AfD) egyik felm\u00e9r\u00e9s szerint sem l\u00e9pte \u00e1t a bejut\u00e1si k\u00fcsz\u00f6b\u00f6t, az ARD-n\u00e9l 4,9 sz\u00e1zal\u00e9kon, a ZDF-n\u00e9l 4,8 sz\u00e1zal\u00e9kon \u00e1llnak a szavaz\u00f3helyis\u00e9gb\u0151l t\u00e1voz\u00f3 v\u00e1laszt\u00f3k nyilatkozatai alapj\u00e1n v\u00e9gzett reprezentat\u00edv felm\u00e9r\u00e9sek (exit poll) szerint.<br \/>\nA v\u00e1laszt\u00e1si r\u00e9szv\u00e9teli ar\u00e1ny 73 sz\u00e1zal\u00e9kos volt, n\u00f6vekedett a legut\u00f3bbi, 2009-es v\u00e1laszt\u00e1son regisztr\u00e1lt t\u00f6rt\u00e9nelmi m\u00e9lyponthoz, 70,8 sz\u00e1zal\u00e9khoz k\u00e9pest.<br \/>\nA CDU\/CSU p\u00e1rtsz\u00f6vets\u00e9g legut\u00f3bb 19 \u00e9ve, az 1994-es v\u00e1laszt\u00e1son \u00e9rt el 40 sz\u00e1zal\u00e9k feletti eredm\u00e9nyt, akkor 41,4 sz\u00e1zal\u00e9kot szerzett. A 2009-es v\u00e1laszt\u00e1son a szavazatok 33,8 sz\u00e1zal\u00e9k\u00e1val v\u00e9geztek az \u00e9len.<br \/>\nA CDU\/CSU sorban a harmadik v\u00e1laszt\u00e1st nyerheti meg az exit poll vizsg\u00e1latok szerint, Angela Merkel, a CDU eln\u00f6ke pedig a harmadik korm\u00e1nyf\u0151i ciklus\u00e1t kezdheti. A CDU \u00e9s bajor testv\u00e9rp\u00e1rtja, a CSU 2005-2009 k\u00f6z\u00f6tt nagykoal\u00edci\u00f3ban korm\u00e1nyzott az SPD-vel.<br \/>\nAz FDP 64 \u00e9v ut\u00e1n vesz\u00edti el a k\u00e9pviseletet a Bundestagban, a n\u00e9met t\u00f6rv\u00e9nyhoz\u00e1s als\u00f3h\u00e1z\u00e1ban, amennyiben a v\u00e9geredm\u00e9ny az exit polloknak megfelel\u0151en alakul. A liber\u00e1lisok 2009-ben minden kor\u00e1bbin\u00e1l jobb eredm\u00e9nyt, 14,6 sz\u00e1zal\u00e9kot \u00e9rtek el.<br \/>\nAz SPD kism\u00e9rt\u00e9kben jav\u00edtott 2009-hez k\u00e9pest, amikor a 150 \u00e9ves p\u00e1rt 23 sz\u00e1zal\u00e9kkal t\u00f6rt\u00e9net\u00e9nek legrosszabb v\u00e1laszt\u00e1si eredm\u00e9ny\u00e9t k\u00f6nyvelte el.<br \/>\nA vas\u00e1rnapi v\u00e1laszt\u00e1s hivatalos el\u0151zetes v\u00e9geredm\u00e9nye h\u00e9tf\u0151 kora reggelre v\u00e1rhat\u00f3.(MTI)<\/p>\n","protected":false},"excerpt":{"rendered":"<p>A CDU\/CSU konzervat\u00edv p\u00e1rtsz\u00f6vets\u00e9g v\u00e9gzett az \u00e9len a vas\u00e1rnapi n\u00e9met parlamenti v\u00e1laszt\u00e1sokon, de nem tudja folytatni a korm\u00e1nyz\u00e1st az FDP-vel, mert a liber\u00e1lis p\u00e1rt nem \u00e9rte el az 5 sz\u00e1zal\u00e9kos parlamenti bejut\u00e1si k\u00fcsz\u00f6b\u00f6t az urnaz\u00e1r\u00e1s ut\u00e1n k\u00f6z\u00f6lt exit poll felm\u00e9r\u00e9sek szerint. Az Angela Merkel vezette konzervat\u00edvok \u00edgy v\u00e1rhat\u00f3an nagykoal\u00edci\u00f3ra l\u00e9pnek a szoci\u00e1ldemokrat\u00e1kkal (SPD).<\/p>\n","protected":false},"author":1,"featured_media":0,"comment_status":"open","ping_status":"closed","sticky":false,"template":"","format":"standard","meta":[],"categories":[12],"tags":[],"_links":{"self":[{"href":"https:\/\/gazdasagportal.hu\/index.php\/wp-json\/wp\/v2\/posts\/17042"}],"collection":[{"href":"https:\/\/gazdasagportal.hu\/index.php\/wp-json\/wp\/v2\/posts"}],"about":[{"href":"https:\/\/gazdasagportal.hu\/index.php\/wp-json\/wp\/v2\/types\/post"}],"author":[{"embeddable":true,"href":"https:\/\/gazdasagportal.hu\/index.php\/wp-json\/wp\/v2\/users\/1"}],"replies":[{"embeddable":true,"href":"https:\/\/gazdasagportal.hu\/index.php\/wp-json\/wp\/v2\/comments?post=17042"}],"version-history":[{"count":2,"href":"https:\/\/gazdasagportal.hu\/index.php\/wp-json\/wp\/v2\/posts\/17042\/revisions"}],"predecessor-version":[{"id":17044,"href":"https:\/\/gazdasagportal.hu\/index.php\/wp-json\/wp\/v2\/posts\/17042\/revisions\/17044"}],"wp:attachment":[{"href":"https:\/\/gazdasagportal.hu\/index.php\/wp-json\/wp\/v2\/media?parent=17042"}],"wp:term":[{"taxonomy":"category","embeddable":true,"href":"https:\/\/gazdasagportal.hu\/index.php\/wp-json\/wp\/v2\/categories?post=17042"},{"taxonomy":"post_tag","embeddable":true,"href":"https:\/\/gazdasagportal.hu\/index.php\/wp-json\/wp\/v2\/tags?post=17042"}],"curies":[{"name":"wp","href":"https:\/\/api.w.org\/{rel}","templated":true}]}}