{"id":17039,"date":"2013-09-22T22:00:59","date_gmt":"2013-09-22T20:00:59","guid":{"rendered":"http:\/\/stockportal.hu\/?p=17039"},"modified":"2013-09-22T22:00:59","modified_gmt":"2013-09-22T20:00:59","slug":"nemet-valasztasok-rogan-tortenelmi-gyozelmet-aratott-a-cducsu","status":"publish","type":"post","link":"https:\/\/gazdasagportal.hu\/index.php\/nemet-valasztasok-rogan-tortenelmi-gyozelmet-aratott-a-cducsu\/","title":{"rendered":"N\u00e9met v\u00e1laszt\u00e1sok &#8211; Rog\u00e1n: t\u00f6rt\u00e9nelmi gy\u0151zelmet aratott a CDU\/CSU"},"content":{"rendered":"<p><strong>Szem\u00e9lyesen gratul\u00e1lt Berlinben a n\u00e9met CDU\/CSU v\u00e1laszt\u00e1si eredm\u00e9ny\u00e9hez Rog\u00e1n Antal, a Fidesz parlamenti frakci\u00f3vezet\u0151je, aki az MTI-nek telefonon nyilatkozva t\u00f6rt\u00e9nelminek nevezte a konzervat\u00edv p\u00e1rtsz\u00f6vets\u00e9g gy\u0151zelm\u00e9t.<!--more--><\/strong><\/p>\n<p>A vas\u00e1rnap esti els\u0151 mand\u00e1tumbecsl\u00e9sek szerint ak\u00e1r abszol\u00fat t\u00f6bbs\u00e9get is szerezhet a gy\u0151ztes CDU\/CSU a n\u00e9metorsz\u00e1gi parlamenti v\u00e1laszt\u00e1son.<br \/>\nA n\u00e9met f\u0151v\u00e1rosban tart\u00f3zkod\u00f3 Rog\u00e1n Antal az MTI-nek hangs\u00falyozta: a CDU\/CSU vas\u00e1rnap t\u00f6rt\u00e9nelmi gy\u0151zelmet aratott a n\u00e9met \u00fajraegyes\u00edt\u00e9s \u00f3ta.<br \/>\n&#8222;Ennek megfelel\u0151en nagy \u00f6r\u00f6m sz\u00e1munkra, hogy a CDU\/CSU, teh\u00e1t a n\u00e9met jobboldal a k\u00f6vetkez\u0151 n\u00e9met korm\u00e1nynak is meghat\u00e1roz\u00f3 ereje marad&#8221; &#8211; mondta a Fidesz parlamenti frakci\u00f3vezet\u0151je, eml\u00e9kezetve, hogy a CDU\/CSU \u00e9s a Fidesz is az eur\u00f3pai szint\u0171 jobbk\u00f6z\u00e9p politikai p\u00e1rt, az Eur\u00f3pai N\u00e9pp\u00e1rt tagja.(MTI)<\/p>\n","protected":false},"excerpt":{"rendered":"<p>Szem\u00e9lyesen gratul\u00e1lt Berlinben a n\u00e9met CDU\/CSU v\u00e1laszt\u00e1si eredm\u00e9ny\u00e9hez Rog\u00e1n Antal, a Fidesz parlamenti frakci\u00f3vezet\u0151je, aki az MTI-nek telefonon nyilatkozva t\u00f6rt\u00e9nelminek nevezte a konzervat\u00edv p\u00e1rtsz\u00f6vets\u00e9g gy\u0151zelm\u00e9t.<\/p>\n","protected":false},"author":1,"featured_media":0,"comment_status":"open","ping_status":"closed","sticky":false,"template":"","format":"standard","meta":[],"categories":[12],"tags":[],"_links":{"self":[{"href":"https:\/\/gazdasagportal.hu\/index.php\/wp-json\/wp\/v2\/posts\/17039"}],"collection":[{"href":"https:\/\/gazdasagportal.hu\/index.php\/wp-json\/wp\/v2\/posts"}],"about":[{"href":"https:\/\/gazdasagportal.hu\/index.php\/wp-json\/wp\/v2\/types\/post"}],"author":[{"embeddable":true,"href":"https:\/\/gazdasagportal.hu\/index.php\/wp-json\/wp\/v2\/users\/1"}],"replies":[{"embeddable":true,"href":"https:\/\/gazdasagportal.hu\/index.php\/wp-json\/wp\/v2\/comments?post=17039"}],"version-history":[{"count":2,"href":"https:\/\/gazdasagportal.hu\/index.php\/wp-json\/wp\/v2\/posts\/17039\/revisions"}],"predecessor-version":[{"id":17041,"href":"https:\/\/gazdasagportal.hu\/index.php\/wp-json\/wp\/v2\/posts\/17039\/revisions\/17041"}],"wp:attachment":[{"href":"https:\/\/gazdasagportal.hu\/index.php\/wp-json\/wp\/v2\/media?parent=17039"}],"wp:term":[{"taxonomy":"category","embeddable":true,"href":"https:\/\/gazdasagportal.hu\/index.php\/wp-json\/wp\/v2\/categories?post=17039"},{"taxonomy":"post_tag","embeddable":true,"href":"https:\/\/gazdasagportal.hu\/index.php\/wp-json\/wp\/v2\/tags?post=17039"}],"curies":[{"name":"wp","href":"https:\/\/api.w.org\/{rel}","templated":true}]}}