{"id":17035,"date":"2013-09-22T21:57:38","date_gmt":"2013-09-22T19:57:38","guid":{"rendered":"http:\/\/stockportal.hu\/?p=17035"},"modified":"2013-09-22T21:57:38","modified_gmt":"2013-09-22T19:57:38","slug":"nemet-valasztasok-orban-gratulalt-merkelnek-fontos-gyozelmet-aratott-a-cducsu","status":"publish","type":"post","link":"https:\/\/gazdasagportal.hu\/index.php\/nemet-valasztasok-orban-gratulalt-merkelnek-fontos-gyozelmet-aratott-a-cducsu\/","title":{"rendered":"N\u00e9met v\u00e1laszt\u00e1sok &#8211; Orb\u00e1n gratul\u00e1lt Merkelnek: fontos gy\u0151zelmet aratott a CDU\/CSU"},"content":{"rendered":"<p><strong>A j\u00f6v\u0151re n\u00e9zve biztat\u00e1st \u00e9s b\u00e1tor\u00edt\u00e1st jelent\u0151 fontos gy\u0151zelemnek nevezte a n\u00e9met CDU\/CSU konzervat\u00edv p\u00e1rtsz\u00f6vets\u00e9g v\u00e1laszt\u00e1si gy\u0151zelm\u00e9t Orb\u00e1n Viktor minisztereln\u00f6k vas\u00e1rnap este k\u00f6zz\u00e9tett video\u00fczenet\u00e9ben, amelyben gratul\u00e1lt Angela Merkel n\u00e9met kancell\u00e1rnak, a CDU eln\u00f6k\u00e9nek \u00e9s a n\u00e9met kereszt\u00e9nydemokrat\u00e1knak.<!--more--><\/strong><\/p>\n<p>&#8222;Nagy \u00f6r\u00f6mmel fogadtuk a h\u00edreket itt, Budapesten arr\u00f3l a diadalr\u00f3l, amelyet a most befejez\u0151d\u00f6tt n\u00e9met v\u00e1laszt\u00e1son arattatok&#8221; &#8211; mondta Orb\u00e1n Viktor a Facebook-oldal\u00e1n megjelent \u00fczenet\u00e9ben.<br \/>\nA korm\u00e1nyf\u0151 \u00fagy fogalmazott, fontos gy\u0151zelem ez &#8211; &#8222;nektek nyilv\u00e1n, de nek\u00fcnk is az&#8221; -, hiszen biztat\u00e1st \u00e9s b\u00e1tor\u00edt\u00e1st jelent a j\u00f6v\u0151re n\u00e9zve. B\u00e1tor\u00edt\u00e1st jelent, mert arr\u00f3l tan\u00faskodik, hogy b\u00e1tor politik\u00e1val m\u00e9g a s\u00falyos eur\u00f3pai v\u00e1ls\u00e1g k\u00f6r\u00fclm\u00e9nyei k\u00f6zepette is ki lehet \u00e9rdemelni a v\u00e1laszt\u00f3k bizalm\u00e1t &#8211; mondta a minisztereln\u00f6k. Biztat\u00e1st is jelent &#8211; folytatta -, mert arr\u00f3l sz\u00f3l: lesz m\u00f3d \u00e9s lehet\u0151s\u00e9g arra, hogy az elk\u00f6vetkez\u0151 \u00e9vekben &#8222;k\u00f6z\u00f6sen keress\u00fcnk orvoss\u00e1got k\u00f6z\u00f6s haz\u00e1nk, Eur\u00f3pa s\u00falyos bajaira&#8221;.<br \/>\n&#8222;Isten \u00e9ltesse a n\u00e9met kereszt\u00e9nydemokrat\u00e1kat, gratul\u00e1lok, kedves Angela!&#8221; &#8211; z\u00e1rta Orb\u00e1n Viktor a n\u00e9met nyelven feliratozott vide\u00f3\u00fczenetet, amely ezt k\u00f6vet\u0151en a n\u00e9met zeneszerz\u0151, Johannes Brahms Magyar t\u00e1ncok c\u00edm\u0171 m\u0171v\u00e9vel folytat\u00f3dik.<br \/>\nA vas\u00e1rnapi n\u00e9met v\u00e1laszt\u00e1sok ut\u00e1n k\u00e9sz\u00fclt els\u0151 eredm\u00e9nybecsl\u00e9sek szerint egyel\u0151re csak az Angela Merkel vezette konzervat\u00edvok gy\u0151zelme a biztos. A konzervat\u00edv CDU\/CSU p\u00e1rtsz\u00f6vets\u00e9g abszol\u00fat t\u00f6bbs\u00e9get szerezhet a Bundestagban, a t\u00f6rv\u00e9nyhoz\u00e1s als\u00f3h\u00e1z\u00e1ban, de nagykoal\u00edci\u00f3ra is l\u00e9phet a szoci\u00e1ldemokrat\u00e1kkal (SPD).(MTI)<\/p>\n","protected":false},"excerpt":{"rendered":"<p>A j\u00f6v\u0151re n\u00e9zve biztat\u00e1st \u00e9s b\u00e1tor\u00edt\u00e1st jelent\u0151 fontos gy\u0151zelemnek nevezte a n\u00e9met CDU\/CSU konzervat\u00edv p\u00e1rtsz\u00f6vets\u00e9g v\u00e1laszt\u00e1si gy\u0151zelm\u00e9t Orb\u00e1n Viktor minisztereln\u00f6k vas\u00e1rnap este k\u00f6zz\u00e9tett video\u00fczenet\u00e9ben, amelyben gratul\u00e1lt Angela Merkel n\u00e9met kancell\u00e1rnak, a CDU eln\u00f6k\u00e9nek \u00e9s a n\u00e9met kereszt\u00e9nydemokrat\u00e1knak.<\/p>\n","protected":false},"author":1,"featured_media":0,"comment_status":"open","ping_status":"closed","sticky":false,"template":"","format":"standard","meta":[],"categories":[12],"tags":[],"_links":{"self":[{"href":"https:\/\/gazdasagportal.hu\/index.php\/wp-json\/wp\/v2\/posts\/17035"}],"collection":[{"href":"https:\/\/gazdasagportal.hu\/index.php\/wp-json\/wp\/v2\/posts"}],"about":[{"href":"https:\/\/gazdasagportal.hu\/index.php\/wp-json\/wp\/v2\/types\/post"}],"author":[{"embeddable":true,"href":"https:\/\/gazdasagportal.hu\/index.php\/wp-json\/wp\/v2\/users\/1"}],"replies":[{"embeddable":true,"href":"https:\/\/gazdasagportal.hu\/index.php\/wp-json\/wp\/v2\/comments?post=17035"}],"version-history":[{"count":1,"href":"https:\/\/gazdasagportal.hu\/index.php\/wp-json\/wp\/v2\/posts\/17035\/revisions"}],"predecessor-version":[{"id":17036,"href":"https:\/\/gazdasagportal.hu\/index.php\/wp-json\/wp\/v2\/posts\/17035\/revisions\/17036"}],"wp:attachment":[{"href":"https:\/\/gazdasagportal.hu\/index.php\/wp-json\/wp\/v2\/media?parent=17035"}],"wp:term":[{"taxonomy":"category","embeddable":true,"href":"https:\/\/gazdasagportal.hu\/index.php\/wp-json\/wp\/v2\/categories?post=17035"},{"taxonomy":"post_tag","embeddable":true,"href":"https:\/\/gazdasagportal.hu\/index.php\/wp-json\/wp\/v2\/tags?post=17035"}],"curies":[{"name":"wp","href":"https:\/\/api.w.org\/{rel}","templated":true}]}}