{"id":17029,"date":"2013-09-22T16:32:22","date_gmt":"2013-09-22T14:32:22","guid":{"rendered":"http:\/\/stockportal.hu\/?p=17029"},"modified":"2013-09-22T16:32:22","modified_gmt":"2013-09-22T14:32:22","slug":"a-magyar-tozsdet-meg-a-qe3-tovabbi-folytatasa-sem-tudta-pozitivan-befolyasolni","status":"publish","type":"post","link":"https:\/\/gazdasagportal.hu\/index.php\/a-magyar-tozsdet-meg-a-qe3-tovabbi-folytatasa-sem-tudta-pozitivan-befolyasolni\/","title":{"rendered":"A magyar t\u0151zsd\u00e9t m\u00e9g a QE3 tov\u00e1bbi folytat\u00e1sa sem tudta pozitivan befoly\u00e1solni"},"content":{"rendered":"<p><strong>Gyeng\u00fcltek a r\u00e9szv\u00e9nyek a h\u00e9ten. A vezet\u0151 r\u00e9szv\u00e9nyek &#8211; az Egis kiv\u00e9tel\u00e9vel &#8211; gyeng\u00fcltek az elm\u00falt h\u00e9ten a Budapesti \u00c9rt\u00e9kt\u0151zsd\u00e9n (B\u00c9T), amelynek r\u00e9szv\u00e9nyindexe, a BUX 177,77 ponttal, 0,96 sz\u00e1zal\u00e9kkal esett \u00e9s 18 423,68 ponton z\u00e1rt p\u00e9nteken.<!--more--><\/strong><\/p>\n<p>A r\u00e9szv\u00e9nypiac forgalma 43,8 milli\u00e1rd forint volt a h\u00e9ten, m\u00edg az el\u0151z\u0151 h\u00e9ten 38,7 milli\u00e1rd forint \u00e9rt\u00e9kben sz\u00fclettek \u00fczletek.<br \/>\nH\u00e9tf\u0151n a Fed szerd\u00e1n esed\u00e9kes bejelent\u00e9s\u00e9t v\u00e1rta a piac, a tov\u00e1bbi &#8222;p\u00e9nznyomda&#8221; rem\u00e9ny\u00e9ben pozit\u00edv hangulat alakult ki a k\u00fclf\u00f6ldi piacokon \u00e9s a hazai b\u00f6rz\u00e9n is.<br \/>\nKedden a t\u0151zsd\u00e9ket m\u00e9g mindig a Fed d\u00f6nt\u00e9s el\u0151tti v\u00e1rakoz\u00e1s jellemezte. A B\u00c9T-en az OTP \u00e1rfolyam\u00e1nak emelked\u00e9s\u00e9t a kedvez\u0151 piaci hangulat mellett az is seg\u00edthette, hogy Orb\u00e1n Viktor minisztereln\u00f6k azt mondta: a korm\u00e1ny c\u00e9lja, hogy n\u00f6velj\u00e9k a magyar tulajdon\u00fa p\u00e9nzint\u00e9zetek ar\u00e1ny\u00e1t.<br \/>\nSzerd\u00e1n a magyar b\u00f6rz\u00e9n az \u00f6sszes vezet\u0151 r\u00e9szv\u00e9ny gyeng\u00fclt. A forgalom leheletnyivel elmaradt a szok\u00e1sos \u00e1tlagt\u00f3l. A szerda esti Fed-d\u00f6nt\u00e9s el\u0151tti vil\u00e1gszerte megfigyelhet\u0151 bizonytalans\u00e1g hatott a magyar piacra is.<br \/>\nCs\u00fct\u00f6rt\u00f6k\u00f6n \u00e1tlagon fel\u00fcli volt a forgalom a magyar t\u0151zsd\u00e9n. Az amerikai jegybank szerep\u00e9t bet\u00f6lt\u0151 Fed szerd\u00e1n este k\u00f6z\u00f6lte, hogy nem cs\u00f6kkenti a likvidit\u00e1sn\u00f6vel\u0151 k\u00f6tv\u00e9nyv\u00e1s\u00e1rl\u00e1si program havi 85 milli\u00e1rd doll\u00e1ros keret\u00f6sszeg\u00e9t, ami kedvez\u0151en hatott a piacokra. A nap elej\u00e9n Magyarorsz\u00e1gra is \u00e1tgy\u0171r\u0171z\u00f6tt az optimizmus, de napk\u00f6zben m\u00e1r l\u00e1tszott, hogy ez nem lesz hossz\u00fa t\u00e1v\u00fa, elfogyott a lend\u00fclet. A BUX enyhe emelked\u00e9se az Egisnek \u00e9s a Molnak volt k\u00f6sz\u00f6nhet\u0151.<br \/>\nA p\u00e9nteki t\u0151zsdenap a szerdai Fed-bejelent\u00e9s ut\u00e1ni emelked\u00e9s korrekci\u00f3ja volt. Az amerikai k\u00f6tv\u00e9nyv\u00e1s\u00e1rl\u00e1sok folytat\u00e1sa cs\u00fct\u00f6rt\u00f6k\u00f6n serkent\u0151leg hatott a vil\u00e1g t\u0151zsd\u00e9ire, amit p\u00e9nteken korrig\u00e1ltak a piacok.<br \/>\nA vezet\u0151 r\u00e9szv\u00e9nyek k\u00f6z\u00fcl az OTP a h\u00e9ten 1,06 sz\u00e1zal\u00e9kkal gyeng\u00fclt, 4285 forinton z\u00e1rta a hetet.<br \/>\nA Mol \u00e1rfolyama 0,95 sz\u00e1zal\u00e9kkal 16245 forintra esett.<br \/>\nA Magyar Telekom r\u00e9szv\u00e9nyek \u00e1ra 2,19 sz\u00e1zal\u00e9kkal 312 forintra cs\u00f6kkent.<br \/>\nA Richter heti z\u00e1r\u00f3\u00e1ra 3660 forint lett, ez 1,21 sz\u00e1zal\u00e9kkal kevesebb, mint az el\u0151z\u0151 heti.<br \/>\nAz Egis 3,25 sz\u00e1zal\u00e9kos er\u0151s\u00f6d\u00e9ssel, 21 270 forinton fejezte be a hetet.<br \/>\nA kis- \u00e9s k\u00f6zepes r\u00e9szv\u00e9nyek indexe, a BUMIX 0,10 sz\u00e1zal\u00e9kkal, 1 ponttal 998,35 pontra emelkedett. (MTI)<\/p>\n","protected":false},"excerpt":{"rendered":"<p>Gyeng\u00fcltek a r\u00e9szv\u00e9nyek a h\u00e9ten. A vezet\u0151 r\u00e9szv\u00e9nyek &#8211; az Egis kiv\u00e9tel\u00e9vel &#8211; gyeng\u00fcltek az elm\u00falt h\u00e9ten a Budapesti \u00c9rt\u00e9kt\u0151zsd\u00e9n (B\u00c9T), amelynek r\u00e9szv\u00e9nyindexe, a BUX 177,77 ponttal, 0,96 sz\u00e1zal\u00e9kkal esett \u00e9s 18 423,68 ponton z\u00e1rt p\u00e9nteken.<\/p>\n","protected":false},"author":1,"featured_media":0,"comment_status":"open","ping_status":"closed","sticky":false,"template":"","format":"standard","meta":[],"categories":[7],"tags":[],"_links":{"self":[{"href":"https:\/\/gazdasagportal.hu\/index.php\/wp-json\/wp\/v2\/posts\/17029"}],"collection":[{"href":"https:\/\/gazdasagportal.hu\/index.php\/wp-json\/wp\/v2\/posts"}],"about":[{"href":"https:\/\/gazdasagportal.hu\/index.php\/wp-json\/wp\/v2\/types\/post"}],"author":[{"embeddable":true,"href":"https:\/\/gazdasagportal.hu\/index.php\/wp-json\/wp\/v2\/users\/1"}],"replies":[{"embeddable":true,"href":"https:\/\/gazdasagportal.hu\/index.php\/wp-json\/wp\/v2\/comments?post=17029"}],"version-history":[{"count":2,"href":"https:\/\/gazdasagportal.hu\/index.php\/wp-json\/wp\/v2\/posts\/17029\/revisions"}],"predecessor-version":[{"id":17032,"href":"https:\/\/gazdasagportal.hu\/index.php\/wp-json\/wp\/v2\/posts\/17029\/revisions\/17032"}],"wp:attachment":[{"href":"https:\/\/gazdasagportal.hu\/index.php\/wp-json\/wp\/v2\/media?parent=17029"}],"wp:term":[{"taxonomy":"category","embeddable":true,"href":"https:\/\/gazdasagportal.hu\/index.php\/wp-json\/wp\/v2\/categories?post=17029"},{"taxonomy":"post_tag","embeddable":true,"href":"https:\/\/gazdasagportal.hu\/index.php\/wp-json\/wp\/v2\/tags?post=17029"}],"curies":[{"name":"wp","href":"https:\/\/api.w.org\/{rel}","templated":true}]}}