{"id":17027,"date":"2013-09-22T16:04:29","date_gmt":"2013-09-22T14:04:29","guid":{"rendered":"http:\/\/stockportal.hu\/?p=17027"},"modified":"2013-09-22T16:27:42","modified_gmt":"2013-09-22T14:27:42","slug":"nairobi-merenylet-brit-kulugy-legalabb-harom-brit-halott","status":"publish","type":"post","link":"https:\/\/gazdasagportal.hu\/index.php\/nairobi-merenylet-brit-kulugy-legalabb-harom-brit-halott\/","title":{"rendered":"Nairobi mer\u00e9nylet &#8211; Brit k\u00fcl\u00fcgy: legal\u00e1bb h\u00e1rom brit halott"},"content":{"rendered":"<p><strong>Legal\u00e1bb h\u00e1rom brit \u00e1llampolg\u00e1r halt meg a kenyai f\u0151v\u00e1ros egyik bev\u00e1s\u00e1rl\u00f3k\u00f6zpontj\u00e1ban v\u00e9grehajtott, t\u00f6bb tucatnyi ember\u00e9letet kiolt\u00f3 terrort\u00e1mad\u00e1sban &#8211; k\u00f6z\u00f6lte vas\u00e1rnap Londonban a brit k\u00fcl\u00fcgyminiszt\u00e9rium.<!--more--><\/strong><\/p>\n<p>A Foreign Office sz\u00f3viv\u0151j\u00e9nek t\u00e1j\u00e9koztat\u00e1sa szerint val\u00f3sz\u00edn\u0171, hogy a brit \u00e1ldozatok t\u00e9nyleges sz\u00e1ma enn\u00e9l t\u00f6bb, mivel a miniszt\u00e9riumhoz tov\u00e1bbra is folyamatosan \u00e9rkeznek friss inform\u00e1ci\u00f3k.<br \/>\nDavid Cameron brit minisztereln\u00f6k is hangs\u00falyozta vas\u00e1rnapi nyilatkozat\u00e1ban, hogy Nagy-Britanni\u00e1nak &#8222;tov\u00e1bbi rossz h\u00edrekre kell k\u00e9sz\u00fclnie&#8221; a brit \u00e1ldozatok sz\u00e1m\u00e1t illet\u0151en.<br \/>\nA londoni hat\u00f3s\u00e1gok m\u00e1r \u00e9rtes\u00edtett\u00e9k azoknak a brit \u00e1llampolg\u00e1roknak a hozz\u00e1tartoz\u00f3it, akikr\u0151l bebizonyosodott, hogy \u00e9let\u00fcket vesztett\u00e9k a Nairobiban elk\u00f6vetett t\u00e1mad\u00e1sban.<br \/>\nA vas\u00e1rnapi brit sajt\u00f3nak nyilatkoz\u00f3 t\u00fal\u00e9l\u0151k egybehangz\u00f3 besz\u00e1mol\u00f3i szerint a pl\u00e1z\u00e1ba behatol\u00f3 fegyveres osztag kifejezetten a nem muszlim &#8222;hitetlenekre&#8221; vad\u00e1szott. Egy szemtan\u00fa a The Sunday Telegraph c\u00edm\u0171 tekint\u00e9lyes vas\u00e1rnapi konzervat\u00edv brit lapnak elmondta: a t\u00e1mad\u00f3k a bev\u00e1s\u00e1rl\u00f3k\u00f6zpontban tart\u00f3zkod\u00f3kt\u00f3l szem\u00e9lyazonos\u00edt\u00f3 okm\u00e1nyokat k\u00f6veteltek, \u00e9s akinek nem muszlim sz\u00e1rmaz\u00e1sra utal\u00f3 neve volt, azt agyonl\u0151tt\u00e9k.(MTI)<\/p>\n","protected":false},"excerpt":{"rendered":"<p>Legal\u00e1bb h\u00e1rom brit \u00e1llampolg\u00e1r halt meg a kenyai f\u0151v\u00e1ros egyik bev\u00e1s\u00e1rl\u00f3k\u00f6zpontj\u00e1ban v\u00e9grehajtott, t\u00f6bb tucatnyi ember\u00e9letet kiolt\u00f3 terrort\u00e1mad\u00e1sban &#8211; k\u00f6z\u00f6lte vas\u00e1rnap Londonban a brit k\u00fcl\u00fcgyminiszt\u00e9rium.<\/p>\n","protected":false},"author":1,"featured_media":0,"comment_status":"open","ping_status":"closed","sticky":false,"template":"","format":"standard","meta":[],"categories":[12],"tags":[],"_links":{"self":[{"href":"https:\/\/gazdasagportal.hu\/index.php\/wp-json\/wp\/v2\/posts\/17027"}],"collection":[{"href":"https:\/\/gazdasagportal.hu\/index.php\/wp-json\/wp\/v2\/posts"}],"about":[{"href":"https:\/\/gazdasagportal.hu\/index.php\/wp-json\/wp\/v2\/types\/post"}],"author":[{"embeddable":true,"href":"https:\/\/gazdasagportal.hu\/index.php\/wp-json\/wp\/v2\/users\/1"}],"replies":[{"embeddable":true,"href":"https:\/\/gazdasagportal.hu\/index.php\/wp-json\/wp\/v2\/comments?post=17027"}],"version-history":[{"count":2,"href":"https:\/\/gazdasagportal.hu\/index.php\/wp-json\/wp\/v2\/posts\/17027\/revisions"}],"predecessor-version":[{"id":17030,"href":"https:\/\/gazdasagportal.hu\/index.php\/wp-json\/wp\/v2\/posts\/17027\/revisions\/17030"}],"wp:attachment":[{"href":"https:\/\/gazdasagportal.hu\/index.php\/wp-json\/wp\/v2\/media?parent=17027"}],"wp:term":[{"taxonomy":"category","embeddable":true,"href":"https:\/\/gazdasagportal.hu\/index.php\/wp-json\/wp\/v2\/categories?post=17027"},{"taxonomy":"post_tag","embeddable":true,"href":"https:\/\/gazdasagportal.hu\/index.php\/wp-json\/wp\/v2\/tags?post=17027"}],"curies":[{"name":"wp","href":"https:\/\/api.w.org\/{rel}","templated":true}]}}