{"id":16832,"date":"2013-09-19T08:35:05","date_gmt":"2013-09-19T06:35:05","guid":{"rendered":"http:\/\/stockportal.hu\/?p=16832"},"modified":"2013-09-19T08:35:05","modified_gmt":"2013-09-19T06:35:05","slug":"sziriai-megallapodas-a-sziriai-kormany-be-fogja-tartani-a-vegyi-fegyverei-megsemmisiteserol-letrejott-amerikai-orosz-megallapodast","status":"publish","type":"post","link":"https:\/\/gazdasagportal.hu\/index.php\/sziriai-megallapodas-a-sziriai-kormany-be-fogja-tartani-a-vegyi-fegyverei-megsemmisiteserol-letrejott-amerikai-orosz-megallapodast\/","title":{"rendered":"Sz\u00edriai meg\u00e1llapod\u00e1s &#8211; A sz\u00edriai korm\u00e1ny be fogja tartani a vegyi fegyverei megsemmis\u00edt\u00e9s\u00e9r\u0151l l\u00e9trej\u00f6tt amerikai-orosz meg\u00e1llapod\u00e1st"},"content":{"rendered":"<p><strong>Aszad \u00edg\u00e9retet tett a vegyi fegyverek \u00e1tad\u00e1s\u00e1ra. A sz\u00edriai korm\u00e1ny be fogja tartani a vegyi fegyverei megsemmis\u00edt\u00e9s\u00e9r\u0151l l\u00e9trej\u00f6tt amerikai-orosz meg\u00e1llapod\u00e1st \u00e9s k\u00e9sz \u00e1tadni azokat &#8211; jelentette ki Bass\u00e1r el-Aszad sz\u00edriai eln\u00f6k a Fox News amerikai telev\u00edzi\u00f3 \u00e1ltal szerd\u00e1n sug\u00e1rzott interj\u00faj\u00e1ban. Azt \u00e1ll\u00edtotta, hogy a fegyverek megsemmis\u00edt\u00e9se hossz\u00fa folyamat, k\u00f6r\u00fclbel\u00fcl egy \u00e9vig tart \u00e9s mintegy egymilli\u00e1rd doll\u00e1rba ker\u00fcl.<!--more--><\/strong><\/p>\n<p>Aszad k\u00f6z\u00f6lte, hogy korm\u00e1nya k\u00e9sz megszabadulni a vegyi fegyverekt\u0151l \u00e9s k\u00e9sz marad\u00e9ktalanul v\u00e9grehajtani a meg\u00e1llapod\u00e1sban foglaltakat. Mint mondta, Damaszkuszt nem az amerikai katonai fenyeget\u00e9s, hanem az orosz diplom\u00e1ciai kezdem\u00e9nyez\u00e9s gy\u0151zte meg. A sz\u00edriai eln\u00f6k szerint korm\u00e1nya hajland\u00f3 rendelkez\u00e9sre bocs\u00e1tani a vegyi fegyverek list\u00e1j\u00e1t \u00e9s k\u00e9sz enged\u00e9lyezni, hogy az ENSZ szak\u00e9rt\u0151i felkereshess\u00e9k a fegyverek t\u00e1rol\u00e1s\u00e1nak helysz\u00edneit.<br \/>\nAszad ugyanakkor azt hangoztatta, hogy nem a korm\u00e1nyer\u0151k felel\u0151sek a Damaszkusz k\u00f6zel\u00e9ben augusztus 21-\u00e9n v\u00e9grehajtott g\u00e1zt\u00e1mad\u00e1s\u00e9rt, amelyet maga is &#8222;megvetend\u0151nek&#8221; \u00e9s &#8222;b\u0171ncselekm\u00e9nynek&#8221; nevezett. Kijelentette, hogy az eml\u00edtett napon a terrorist\u00e1k vetettek be szarint, amelyet \u00e1ll\u00edt\u00e1sa szerint konyhai k\u00f6r\u00fclm\u00e9nyek k\u00f6z\u00f6tt is el\u0151 lehet \u00e1ll\u00edtani. Utalt annak a lehet\u0151s\u00e9g\u00e9re is, hogy a l\u00e1zad\u00f3k az \u0151ket t\u00e1mogat\u00f3 korm\u00e1nyokt\u00f3l juthattak az idegm\u00e9reghez.<br \/>\nMint mondta, a terrorist\u00e1k felel\u0151ss\u00e9g\u00e9re vonatkoz\u00f3 bizony\u00edt\u00e9kokat \u00e1tadt\u00e1k Oroszorsz\u00e1g ENSZ-k\u00e9pvisel\u0151inek, akiknek Aszad szerint m\u0171holdfelv\u00e9tel\u00fck is van a t\u00e1mad\u00e1sr\u00f3l \u00e9s arr\u00f3l, hogy azt honnan ind\u00edtott\u00e1k.<br \/>\nA sz\u00edriai eln\u00f6k &#8222;irre\u00e1lisnak&#8221; min\u0151s\u00edtette az ENSZ szak\u00e9rt\u0151i \u00e1ltal a t\u00e1mad\u00e1sr\u00f3l k\u00e9sz\u00edtett jelent\u00e9st. Ennek ugyan nem volt feladata, hogy meg\u00e1llap\u00edtsa, hogy ki hajtotta v\u00e9gre a t\u00e1mad\u00e1st, de az Egyes\u00fclt \u00c1llamok, Nagy-Britannia \u00e9s Franciaorsz\u00e1g szerint a dokumentum meg\u00e1llap\u00edt\u00e1sai k\u00f6zvetve meger\u0151s\u00edti Damaszkusznak a vegyi t\u00e1mad\u00e1s\u00e9rt val\u00f3 felel\u0151ss\u00e9g\u00e9t. Aszad k\u00e9ts\u00e9gbe vonta a t\u00e1mad\u00e1s \u00e1ldozatair\u00f3l k\u00e9sz\u00fclt videofelv\u00e9telek \u00e9s k\u00e9pek hiteless\u00e9g\u00e9t.<br \/>\nA sz\u00edriai eln\u00f6k \u00e1ll\u00edtotta, hogy a vegyifegyver-k\u00e9szletek megsemmis\u00edt\u00e9se egymilli\u00e1rd doll\u00e1rba ker\u00fcl, s k\u00f6r\u00fclbel\u00fcl egy \u00e9vig tart majd. &#8222;\u00dagy gondolom, hogy ez m\u0171szakilag nagyon bonyolult elj\u00e1r\u00e1s \u00e9s hogy sok-sok p\u00e9nzbe ker\u00fcl&#8221; &#8211; mondta Aszad.<br \/>\nArra a k\u00e9rd\u00e9sre, hogy k\u00e9sz lenne-e az amerikai korm\u00e1nynak kiszolg\u00e1ltatni a fegyvereket, a sz\u00edriai eln\u00f6k \u00edgy v\u00e1laszolt: &#8222;Ahogy mondtam, ehhez sok p\u00e9nz kell. Mintegy egymilli\u00e1rd kell ehhez. &#8230;Ha az amerikai korm\u00e1nyzat k\u00e9sz kifizetni ezt a p\u00e9nzt \u00e9s v\u00e1llalni a felel\u0151ss\u00e9get a m\u00e9rgez\u0151 anyagoknak az Egyes\u00fclt \u00c1llamokba val\u00f3 sz\u00e1ll\u00edt\u00e1s\u00e1\u00e9rt, akkor mi\u00e9rt nem tesz \u00edgy?&#8221;<br \/>\nA sz\u00edriai eln\u00f6k szerint haz\u00e1j\u00e1ban nem polg\u00e1rh\u00e1bor\u00fa zajlik, korm\u00e1nya ellen t\u00f6bb t\u00edzezer dzsih\u00e1dista folytat t\u00e1mad\u00e1st, akiknek 80-90 sz\u00e1zal\u00e9ka az al-Kaida terrorszervezet vagy valamelyik annak al\u00e1rendelt csoport tagja. Szerinte az iszlamista sz\u00e9ls\u0151s\u00e9gesek a konfliktus utols\u00f3 k\u00e9t \u00e9v\u00e9ben ker\u00fcltek t\u00f6bbs\u00e9gbe.<br \/>\nA sz\u00edriai eln\u00f6k azt \u00e1ll\u00edtotta, hogy orsz\u00e1ga kezdett\u0151l fogva t\u00e1mogatta a konfliktus b\u00e9k\u00e9s rendez\u00e9s\u00e9t, illetve az ezt c\u00e9lz\u00f3 genfi folyamatot. Szavai szerint nem Damaszkusz, nem Oroszorsz\u00e1g \u00e9s nem is K\u00edna, hanem k\u00fcl\u00f6nb\u00f6z\u0151 okokb\u00f3l az Egyes\u00fclt \u00c1llamok g\u00f6rd\u00edtett akad\u00e1lyokat a genfi folyamat \u00fatj\u00e1ba.<br \/>\nAszad kijelentette, hogy m\u00e9g sohasem besz\u00e9lt Barack Obama eln\u00f6kkel \u00e9s a k\u00e9rd\u00e9sre, hogy akarna-e t\u00e1rgyalni vele, azt v\u00e1laszolta, hogy az p\u00e1rbesz\u00e9d tartalm\u00e1t\u00f3l f\u00fcggne.<br \/>\nAmikor arr\u00f3l k\u00e9rdezt\u00e9k, hogy mi lenne az amerikai eln\u00f6knek sz\u00f3l\u00f3 \u00fczenete, Aszad azt mondta, hogy Obam\u00e1nak &#8222;k\u00f6vetnie kellene az amerikai n\u00e9p j\u00f3zan gondolkod\u00e1s\u00e1t&#8221;.<br \/>\nKijelentette, hogy orsz\u00e1ga k\u00e9sz j\u00f3 kapcsolatokat l\u00e9tes\u00edteni az Egyes\u00fclt \u00c1llamokkal, de &#8211; mint fogalmazott &#8211; csakis a k\u00f6lcs\u00f6n\u00f6s tisztelet alapj\u00e1n.<br \/>\nA Damaszkuszban kedden felvett interj\u00fat Dennis Kucinich volt ohi\u00f3i demokrata k\u00e9pvisel\u0151, a kongresszusi magyar causus (Magyarorsz\u00e1ggal rokonszenvez\u0151 k\u00e9pvisel\u0151csoport) volt t\u00e1rseln\u00f6ke k\u00e9sz\u00edtette, Greg Palkot, a Fox vezet\u0151 tud\u00f3s\u00edt\u00f3ja t\u00e1rsas\u00e1g\u00e1ban.(MTI)<\/p>\n","protected":false},"excerpt":{"rendered":"<p>Aszad \u00edg\u00e9retet tett a vegyi fegyverek \u00e1tad\u00e1s\u00e1ra. A sz\u00edriai korm\u00e1ny be fogja tartani a vegyi fegyverei megsemmis\u00edt\u00e9s\u00e9r\u0151l l\u00e9trej\u00f6tt amerikai-orosz meg\u00e1llapod\u00e1st \u00e9s k\u00e9sz \u00e1tadni azokat &#8211; jelentette ki Bass\u00e1r el-Aszad sz\u00edriai eln\u00f6k a Fox News amerikai telev\u00edzi\u00f3 \u00e1ltal szerd\u00e1n sug\u00e1rzott interj\u00faj\u00e1ban. Azt \u00e1ll\u00edtotta, hogy a fegyverek megsemmis\u00edt\u00e9se hossz\u00fa folyamat, k\u00f6r\u00fclbel\u00fcl egy \u00e9vig tart \u00e9s mintegy egymilli\u00e1rd &#8230;<\/p>\n","protected":false},"author":1,"featured_media":15342,"comment_status":"open","ping_status":"closed","sticky":false,"template":"","format":"standard","meta":[],"categories":[16,116],"tags":[],"_links":{"self":[{"href":"https:\/\/gazdasagportal.hu\/index.php\/wp-json\/wp\/v2\/posts\/16832"}],"collection":[{"href":"https:\/\/gazdasagportal.hu\/index.php\/wp-json\/wp\/v2\/posts"}],"about":[{"href":"https:\/\/gazdasagportal.hu\/index.php\/wp-json\/wp\/v2\/types\/post"}],"author":[{"embeddable":true,"href":"https:\/\/gazdasagportal.hu\/index.php\/wp-json\/wp\/v2\/users\/1"}],"replies":[{"embeddable":true,"href":"https:\/\/gazdasagportal.hu\/index.php\/wp-json\/wp\/v2\/comments?post=16832"}],"version-history":[{"count":2,"href":"https:\/\/gazdasagportal.hu\/index.php\/wp-json\/wp\/v2\/posts\/16832\/revisions"}],"predecessor-version":[{"id":16834,"href":"https:\/\/gazdasagportal.hu\/index.php\/wp-json\/wp\/v2\/posts\/16832\/revisions\/16834"}],"wp:featuredmedia":[{"embeddable":true,"href":"https:\/\/gazdasagportal.hu\/index.php\/wp-json\/wp\/v2\/media\/15342"}],"wp:attachment":[{"href":"https:\/\/gazdasagportal.hu\/index.php\/wp-json\/wp\/v2\/media?parent=16832"}],"wp:term":[{"taxonomy":"category","embeddable":true,"href":"https:\/\/gazdasagportal.hu\/index.php\/wp-json\/wp\/v2\/categories?post=16832"},{"taxonomy":"post_tag","embeddable":true,"href":"https:\/\/gazdasagportal.hu\/index.php\/wp-json\/wp\/v2\/tags?post=16832"}],"curies":[{"name":"wp","href":"https:\/\/api.w.org\/{rel}","templated":true}]}}