{"id":16739,"date":"2013-09-18T06:43:11","date_gmt":"2013-09-18T04:43:11","guid":{"rendered":"http:\/\/stockportal.hu\/?p=16739"},"modified":"2013-09-18T06:43:21","modified_gmt":"2013-09-18T04:43:21","slug":"gibraltar-a-jovo-heten-erkeznek-meg-az-unios-megfigyelok","status":"publish","type":"post","link":"https:\/\/gazdasagportal.hu\/index.php\/gibraltar-a-jovo-heten-erkeznek-meg-az-unios-megfigyelok\/","title":{"rendered":"Gibralt\u00e1r &#8211; A j\u00f6v\u0151 h\u00e9ten \u00e9rkeznek meg az uni\u00f3s megfigyel\u0151k"},"content":{"rendered":"<p><strong>Szeptember 25-\u00e9n, vagyis a j\u00f6v\u0151 h\u00e9ten szerd\u00e1n l\u00e1tnak munk\u00e1hoz az Eur\u00f3pai Bizotts\u00e1g megfigyel\u0151i Spanyolorsz\u00e1g \u00e9s Gibralt\u00e1r hat\u00e1r\u00e1n &#8211; tudatta kedden a Twitteren Olivier Bailly, a br\u00fcsszeli test\u00fclet sz\u00f3viv\u0151je.<!--more--><\/strong><\/p>\n<p>A bizotts\u00e1g &#8222;misszi\u00f3ja szeptember 25-\u00e9n a spanyol-gibralt\u00e1ri hat\u00e1ron kezd\u0151dik, ellen\u0151rzik a hat\u00e1rt, a szem\u00e9lyek\/\u00e1ruk szabad mozg\u00e1s\u00e1t, bele\u00e9rtve a csemp\u00e9szetet is&#8221; &#8211; \u00e1ll Bailly r\u00f6vid \u00fczenet\u00e9ben.<br \/>\nDavid Cameron brit korm\u00e1nyf\u0151 augusztusban fordult Br\u00fcsszelhez, hogy az Eur\u00f3pai Uni\u00f3 k\u00fcldj\u00f6n megfigyel\u0151ket a brit fels\u00e9gter\u00fcletnek sz\u00e1m\u00edt\u00f3 Gibralt\u00e1r \u00e9s Spanyolorsz\u00e1g hat\u00e1r\u00e1ra, ellen\u0151rizend\u0151, hogy a spanyol hat\u00f3s\u00e1gok tiszteletben tartj\u00e1k-e a szem\u00e9lyek, \u00e1ruk \u00e9s szolg\u00e1ltat\u00e1sok szabad mozg\u00e1s\u00e1nak uni\u00f3s elv\u00e9t, mik\u00f6zben ellen\u0151rz\u00e9st v\u00e9geznek a hat\u00e1ron. A spanyol k\u00fcl\u00fcgy \u00e9ppen a p\u00e9nzmos\u00e1s \u00e9s a csemp\u00e9szet elleni fell\u00e9p\u00e9st nevezte meg az ellen\u0151rz\u00e9s okak\u00e9nt, r\u00e1mutatva arra is, hogy Nagy-Britannia r\u00e9szek\u00e9nt Gibralt\u00e1r nem tagja a hat\u00e1rok n\u00e9lk\u00fcli mozg\u00e1st lehet\u0151v\u00e9 t\u00e9v\u0151 schengeni \u00f6vezetnek. Madrid hat\u00e1r\u00e1tl\u00e9p\u00e9si d\u00edj bevezet\u00e9s\u00e9vel is fenyeget\u0151z\u00f6tt, amivel gyakorlatilag anyagi roml\u00e1sba d\u00f6nt\u00f6tt volna mindenkit, aki Gibralt\u00e1ron \u00e9l. Ezzel kapcsolatban Br\u00fcsszel m\u00e1r jelezte, eg\u00e9szen biztos, hogy ez ellent\u00e9tes lenne az uni\u00f3s joggal.<br \/>\nA spanyol-gibralt\u00e1ri kapcsolatok azt k\u00f6vet\u0151en v\u00e1ltak fesz\u00fcltt\u00e9 augusztus elej\u00e9n, hogy Gibralt\u00e1r a spanyol hat\u00e1r k\u00f6zel\u00e9ben lev\u0151 vizeken mesters\u00e9ges sziget \u00e9p\u00edt\u00e9s\u00e9be fogott, ami a spanyolok szerint korl\u00e1tozza a hal\u00e1szatot. Madrid v\u00e1laszul szigor\u00edtotta az ellen\u0151rz\u00e9st a gibralt\u00e1ri hat\u00e1r\u00e1tkel\u0151n, ami jelent\u0151sen n\u00f6velte az utaz\u00f3k v\u00e1rakoz\u00e1si idej\u00e9t. A spanyol korm\u00e1ny emellett azt is kil\u00e1t\u00e1sba helyezte, hogy nem engedi \u00e1t l\u00e9gter\u00e9n a Gibralt\u00e1rba tart\u00f3 rep\u00fcl\u0151ket. Nagy-Britannia szerint Madridnak nincs joga ilyen jelleg\u0171 korl\u00e1toz\u00e1st bevezetni, az int\u00e9zked\u00e9seket a britek politikailag motiv\u00e1ltnak \u00e9s teljesen ar\u00e1nytalannak tartj\u00e1k.<br \/>\nGibralt\u00e1r id\u00e9n kereken 300 \u00e9ve tartozik brit fennhat\u00f3s\u00e1g al\u00e1: 1713-ben ker\u00fclt a britek kez\u00e9re a spanyol \u00f6r\u00f6k\u00f6s\u00f6d\u00e9si h\u00e1bor\u00fat lez\u00e1r\u00f3 utrechti szerz\u0151d\u00e9s \u00e9rtelm\u00e9ben. A spanyol korm\u00e1nyok az ut\u00f3bbi \u00e9vekben ism\u00e9telten megk\u00e9rd\u0151jelezt\u00e9k a szerz\u0151d\u00e9s \u00e9rv\u00e9nyess\u00e9g\u00e9t.(MTI)<\/p>\n","protected":false},"excerpt":{"rendered":"<p>Szeptember 25-\u00e9n, vagyis a j\u00f6v\u0151 h\u00e9ten szerd\u00e1n l\u00e1tnak munk\u00e1hoz az Eur\u00f3pai Bizotts\u00e1g megfigyel\u0151i Spanyolorsz\u00e1g \u00e9s Gibralt\u00e1r hat\u00e1r\u00e1n &#8211; tudatta kedden a Twitteren Olivier Bailly, a br\u00fcsszeli test\u00fclet sz\u00f3viv\u0151je.<\/p>\n","protected":false},"author":1,"featured_media":0,"comment_status":"open","ping_status":"closed","sticky":false,"template":"","format":"standard","meta":[],"categories":[12],"tags":[],"_links":{"self":[{"href":"https:\/\/gazdasagportal.hu\/index.php\/wp-json\/wp\/v2\/posts\/16739"}],"collection":[{"href":"https:\/\/gazdasagportal.hu\/index.php\/wp-json\/wp\/v2\/posts"}],"about":[{"href":"https:\/\/gazdasagportal.hu\/index.php\/wp-json\/wp\/v2\/types\/post"}],"author":[{"embeddable":true,"href":"https:\/\/gazdasagportal.hu\/index.php\/wp-json\/wp\/v2\/users\/1"}],"replies":[{"embeddable":true,"href":"https:\/\/gazdasagportal.hu\/index.php\/wp-json\/wp\/v2\/comments?post=16739"}],"version-history":[{"count":3,"href":"https:\/\/gazdasagportal.hu\/index.php\/wp-json\/wp\/v2\/posts\/16739\/revisions"}],"predecessor-version":[{"id":16741,"href":"https:\/\/gazdasagportal.hu\/index.php\/wp-json\/wp\/v2\/posts\/16739\/revisions\/16741"}],"wp:attachment":[{"href":"https:\/\/gazdasagportal.hu\/index.php\/wp-json\/wp\/v2\/media?parent=16739"}],"wp:term":[{"taxonomy":"category","embeddable":true,"href":"https:\/\/gazdasagportal.hu\/index.php\/wp-json\/wp\/v2\/categories?post=16739"},{"taxonomy":"post_tag","embeddable":true,"href":"https:\/\/gazdasagportal.hu\/index.php\/wp-json\/wp\/v2\/tags?post=16739"}],"curies":[{"name":"wp","href":"https:\/\/api.w.org\/{rel}","templated":true}]}}