{"id":16608,"date":"2013-09-16T09:56:16","date_gmt":"2013-09-16T07:56:16","guid":{"rendered":"http:\/\/stockportal.hu\/?p=16608"},"modified":"2013-09-16T10:02:03","modified_gmt":"2013-09-16T08:02:03","slug":"tozsde-qe3-ujabb-lokes-a-reszvenypiacoknak-tovabb-maradhat-a-mennyisegi-lazitas","status":"publish","type":"post","link":"https:\/\/gazdasagportal.hu\/index.php\/tozsde-qe3-ujabb-lokes-a-reszvenypiacoknak-tovabb-maradhat-a-mennyisegi-lazitas\/","title":{"rendered":"T\u0151zsde, QE3 &#8211; \u00dajabb l\u00f6k\u00e9s a r\u00e9szv\u00e9nypiacoknak, tov\u00e1bb maradhat a mennyis\u00e9gi laz\u00edt\u00e1s"},"content":{"rendered":"<div><strong>Nem Larry Summers lesz Bernanke ut\u00f3dja<\/strong><\/div>\n<div><strong>A piac v\u00e1rakoz\u00e1sa ellen\u00e9re nem Larry Summers lesz a Fed \u00faj eln\u00f6ke, Janet Yellen vagy Donald Kohn veheti \u00e1t a staf\u00e9t\u00e1t Ben Bernank\u00e9t\u0151l, \u0151k mindketten a QE3 lass\u00fa kivezet\u00e9se mellett \u00e9rvelnek. \u00dajra el\u0151t\u00e9rbe ker\u00fclhet a sz\u00edriai beavatkoz\u00e1s k\u00e9rd\u00e9se.<!--more--><\/strong><\/div>\n<div><\/div>\n<div><\/div>\n<div><\/div>\n<div><\/div>\n<p><object width=\"480\" height=\"270\" data=\"http:\/\/gazdasagtv.hu\/embed\/?id=5706\" type=\"application\/x-shockwave-flash\"><param value=\"http:\/\/gazdasagtv.hu\/embed\/?id=5706\" name=\"data\"><param value=\"http:\/\/gazdasagtv.hu\/embed\/?id=5706\" name=\"src\"><param value=\"false\" name=\"menu\"><param value=\"high\" name=\"quality\"><param value=\"#000000\" name=\"bgcolor\"><param value=\"transparent\" name=\"wmode\"><param value=\"file=http:\/\/88.151.99.192\/video\/2013-09-16\/gtv-tozsdenyitas-equilor-2013-09-16-hd.mp4&#038;image=http:\/\/88.151.99.192\/image\/gen\/2013-09-16\/5706.jpg&#038;showdigits=true&#038;autostart=false&#038;repeat=false&#038;dock=true&#038;controlbar=over&#038;plugins=http:\/\/plugins.longtailvideo.com\/yourlytics-1.swf,timeslidertooltipplugin-2&#038;skin=http:\/\/gazdasagtv.hu\/swf\/skin.zip\" name=\"flashvars\"><\/object><br \/>Forr\u00e1s: <a href=\"http:\/\/gazdasagtv.hu\" style=\"color: #df1100; font-weight: bold; text-decoration: none;\" target=\"_blank\" rel=\"noopener\">Gazdas\u00e1gTV.hu<\/a><\/p>\n","protected":false},"excerpt":{"rendered":"<p>Nem Larry Summers lesz Bernanke ut\u00f3dja A piac v\u00e1rakoz\u00e1sa ellen\u00e9re nem Larry Summers lesz a Fed \u00faj eln\u00f6ke, Janet Yellen vagy Donald Kohn veheti \u00e1t a staf\u00e9t\u00e1t Ben Bernank\u00e9t\u0151l, \u0151k mindketten a QE3 lass\u00fa kivezet\u00e9se mellett \u00e9rvelnek. \u00dajra el\u0151t\u00e9rbe ker\u00fclhet a sz\u00edriai beavatkoz\u00e1s k\u00e9rd\u00e9se.<\/p>\n","protected":false},"author":1,"featured_media":16610,"comment_status":"open","ping_status":"closed","sticky":false,"template":"","format":"standard","meta":[],"categories":[13,1],"tags":[],"_links":{"self":[{"href":"https:\/\/gazdasagportal.hu\/index.php\/wp-json\/wp\/v2\/posts\/16608"}],"collection":[{"href":"https:\/\/gazdasagportal.hu\/index.php\/wp-json\/wp\/v2\/posts"}],"about":[{"href":"https:\/\/gazdasagportal.hu\/index.php\/wp-json\/wp\/v2\/types\/post"}],"author":[{"embeddable":true,"href":"https:\/\/gazdasagportal.hu\/index.php\/wp-json\/wp\/v2\/users\/1"}],"replies":[{"embeddable":true,"href":"https:\/\/gazdasagportal.hu\/index.php\/wp-json\/wp\/v2\/comments?post=16608"}],"version-history":[{"count":2,"href":"https:\/\/gazdasagportal.hu\/index.php\/wp-json\/wp\/v2\/posts\/16608\/revisions"}],"predecessor-version":[{"id":16611,"href":"https:\/\/gazdasagportal.hu\/index.php\/wp-json\/wp\/v2\/posts\/16608\/revisions\/16611"}],"wp:featuredmedia":[{"embeddable":true,"href":"https:\/\/gazdasagportal.hu\/index.php\/wp-json\/wp\/v2\/media\/16610"}],"wp:attachment":[{"href":"https:\/\/gazdasagportal.hu\/index.php\/wp-json\/wp\/v2\/media?parent=16608"}],"wp:term":[{"taxonomy":"category","embeddable":true,"href":"https:\/\/gazdasagportal.hu\/index.php\/wp-json\/wp\/v2\/categories?post=16608"},{"taxonomy":"post_tag","embeddable":true,"href":"https:\/\/gazdasagportal.hu\/index.php\/wp-json\/wp\/v2\/tags?post=16608"}],"curies":[{"name":"wp","href":"https:\/\/api.w.org\/{rel}","templated":true}]}}