{"id":16582,"date":"2013-09-16T06:48:09","date_gmt":"2013-09-16T04:48:09","guid":{"rendered":"http:\/\/stockportal.hu\/?p=16582"},"modified":"2013-09-16T06:48:11","modified_gmt":"2013-09-16T04:48:11","slug":"nemet-valasztasok-a-csu-visszaszerezte-az-abszolut-tobbseget-bajororszagban","status":"publish","type":"post","link":"https:\/\/gazdasagportal.hu\/index.php\/nemet-valasztasok-a-csu-visszaszerezte-az-abszolut-tobbseget-bajororszagban\/","title":{"rendered":"N\u00e9met v\u00e1laszt\u00e1sok &#8211; A CSU visszaszerezte az abszol\u00fat t\u00f6bbs\u00e9get Bajororsz\u00e1gban"},"content":{"rendered":"<p><strong>Visszaszerezte az abszol\u00fat t\u00f6bbs\u00e9get a Kereszt\u00e9nyszoci\u00e1lis Uni\u00f3 (CSU) a bajororsz\u00e1gi tartom\u00e1nyi parlamenti v\u00e1laszt\u00e1son, a liber\u00e1lis FDP pedig kiesett a m\u00fcncheni tartom\u00e1nyi gy\u0171l\u00e9sb\u0151l a h\u00e9tf\u0151 hajnalban k\u00f6z\u00f6lt el\u0151zetes hivatalos v\u00e9geredm\u00e9ny szerint.<!--more--><\/strong><\/p>\n<p>A CSU 47,7 sz\u00e1zal\u00e9kot szerzett, ami 101 mand\u00e1tumot jelent a 180 tag\u00fa tartom\u00e1nyi gy\u0171l\u00e9sben (Landtag).<br \/>\nAz Angela Merkel kancell\u00e1r vezette konzervat\u00edv CDU bajor testv\u00e9rp\u00e1rtja 2008-ban, 46 \u00e9v ut\u00e1n vesz\u00edtette el az abszol\u00fat t\u00f6bbs\u00e9get, \u00e9s koal\u00edci\u00f3ra k\u00e9nyszer\u00fclt az FDP-vel, amely 14 \u00e9v ut\u00e1n jutott be \u00fajra a Landtagba. A liber\u00e1lisok \u00f6t \u00e9v korm\u00e1nyz\u00e1st k\u00f6vet\u0151en ism\u00e9t kiestek, 3,3 sz\u00e1zal\u00e9kot szereztek, m\u00edg a bejut\u00e1si k\u00fcsz\u00f6b 5 sz\u00e1zal\u00e9k.<br \/>\nA legnagyobb ellenz\u00e9ki er\u0151, a N\u00e9met Szoci\u00e1ldemokrata P\u00e1rt (SPD) jav\u00edtott, a szavazatok 20,6 sz\u00e1zal\u00e9k\u00e1t szerezte meg a t\u00f6rt\u00e9nelmi m\u00e9lypontot jelent\u0151 2008-as 18,6 sz\u00e1zal\u00e9k ut\u00e1n.<br \/>\nA Szabad V\u00e1laszt\u00f3k Sz\u00f6vets\u00e9ge 9 sz\u00e1zal\u00e9kkal v\u00e9gzett az el\u0151zetes v\u00e9geredm\u00e9ny szerint, gyeng\u00fclt a 2008-as 10,2 sz\u00e1zal\u00e9khoz viszony\u00edtva.<br \/>\nA Z\u00f6ldek 8,6 sz\u00e1zal\u00e9kot szereztek, t\u00e1mogatotts\u00e1guk visszaesett a legut\u00f3bbi v\u00e1laszt\u00e1son el\u00e9rt 9,4 sz\u00e1zal\u00e9khoz k\u00e9pest.<br \/>\nM\u00e1s p\u00e1rt nem jutott be a m\u00fcncheni Landtagba. A v\u00e1laszt\u00e1si r\u00e9szv\u00e9tel 63,9 sz\u00e1zal\u00e9kos volt, emelkedett a 2008-ban regisztr\u00e1lt 57,9 sz\u00e1zal\u00e9khoz k\u00e9pest.<br \/>\nAz Alternat\u00edva N\u00e9metorsz\u00e1gnak (AfD) nem indult a bajororsz\u00e1gi v\u00e1laszt\u00e1son, amely az utols\u00f3 er\u0151pr\u00f3ba a szeptember 22-ei orsz\u00e1gos parlamenti (Bundestag) v\u00e1laszt\u00e1s el\u0151tt. Az euroszkeptikus p\u00e1rt a vezet\u0151 k\u00f6zv\u00e9lem\u00e9ny-kutat\u00f3 int\u00e9zetek szerint beker\u00fclhet a Bundestagba.<br \/>\nA CDU\/CSU p\u00e1rtsz\u00f6vets\u00e9g a liber\u00e1lisokkal 2009-ben kezdett k\u00f6z\u00f6s korm\u00e1nyz\u00e1s folytat\u00e1sa mellett \u00e1ll ki az orsz\u00e1gos v\u00e1laszt\u00e1si kamp\u00e1nyban. Elemz\u0151k szerint amennyiben az FDP a Bundestag-v\u00e1laszt\u00e1son sem \u00e9ri el az 5 sz\u00e1zal\u00e9kot, nagykoal\u00edci\u00f3 k\u00f6vetkezik, vagyis a CDU\/CSU az SPD-vel folytatja a korm\u00e1nyz\u00e1st.(MTI)<\/p>\n","protected":false},"excerpt":{"rendered":"<p>Visszaszerezte az abszol\u00fat t\u00f6bbs\u00e9get a Kereszt\u00e9nyszoci\u00e1lis Uni\u00f3 (CSU) a bajororsz\u00e1gi tartom\u00e1nyi parlamenti v\u00e1laszt\u00e1son, a liber\u00e1lis FDP pedig kiesett a m\u00fcncheni tartom\u00e1nyi gy\u0171l\u00e9sb\u0151l a h\u00e9tf\u0151 hajnalban k\u00f6z\u00f6lt el\u0151zetes hivatalos v\u00e9geredm\u00e9ny szerint.<\/p>\n","protected":false},"author":1,"featured_media":0,"comment_status":"open","ping_status":"closed","sticky":false,"template":"","format":"standard","meta":[],"categories":[12],"tags":[],"_links":{"self":[{"href":"https:\/\/gazdasagportal.hu\/index.php\/wp-json\/wp\/v2\/posts\/16582"}],"collection":[{"href":"https:\/\/gazdasagportal.hu\/index.php\/wp-json\/wp\/v2\/posts"}],"about":[{"href":"https:\/\/gazdasagportal.hu\/index.php\/wp-json\/wp\/v2\/types\/post"}],"author":[{"embeddable":true,"href":"https:\/\/gazdasagportal.hu\/index.php\/wp-json\/wp\/v2\/users\/1"}],"replies":[{"embeddable":true,"href":"https:\/\/gazdasagportal.hu\/index.php\/wp-json\/wp\/v2\/comments?post=16582"}],"version-history":[{"count":3,"href":"https:\/\/gazdasagportal.hu\/index.php\/wp-json\/wp\/v2\/posts\/16582\/revisions"}],"predecessor-version":[{"id":16584,"href":"https:\/\/gazdasagportal.hu\/index.php\/wp-json\/wp\/v2\/posts\/16582\/revisions\/16584"}],"wp:attachment":[{"href":"https:\/\/gazdasagportal.hu\/index.php\/wp-json\/wp\/v2\/media?parent=16582"}],"wp:term":[{"taxonomy":"category","embeddable":true,"href":"https:\/\/gazdasagportal.hu\/index.php\/wp-json\/wp\/v2\/categories?post=16582"},{"taxonomy":"post_tag","embeddable":true,"href":"https:\/\/gazdasagportal.hu\/index.php\/wp-json\/wp\/v2\/tags?post=16582"}],"curies":[{"name":"wp","href":"https:\/\/api.w.org\/{rel}","templated":true}]}}