{"id":16525,"date":"2013-09-14T12:48:43","date_gmt":"2013-09-14T10:48:43","guid":{"rendered":"http:\/\/stockportal.hu\/?p=16525"},"modified":"2013-09-14T12:48:47","modified_gmt":"2013-09-14T10:48:47","slug":"sziria-konfliktus-az-obama-kormany-sziria-nuklearis-programjat-is-nemzetkozi-ellenorzes-ala-vonna","status":"publish","type":"post","link":"https:\/\/gazdasagportal.hu\/index.php\/sziria-konfliktus-az-obama-kormany-sziria-nuklearis-programjat-is-nemzetkozi-ellenorzes-ala-vonna\/","title":{"rendered":"Sz\u00edria konfliktus &#8211; Az Obama korm\u00e1ny Sz\u00edria nukle\u00e1ris programj\u00e1t is nemzetk\u00f6zi ellen\u0151rz\u00e9s al\u00e1 vonn\u00e1"},"content":{"rendered":"<p><strong>Washington a sz\u00edriai nukle\u00e1ris objektumok megnyit\u00e1s\u00e1t k\u00f6veteli. Az amerikai korm\u00e1ny felsz\u00f3l\u00edtotta Sz\u00edri\u00e1t, hogy tiszt\u00e1zza a m\u00faltban folytatott nukle\u00e1ris programj\u00e1nak c\u00e9lj\u00e1t \u00e9s tegye a nemzetk\u00f6zi ellen\u0151r\u00f6k sz\u00e1m\u00e1ra hozz\u00e1f\u00e9rhet\u0151v\u00e9 annak objektumait &#8211;\u00a0\u00a0\u00edrta p\u00e9nteki sz\u00e1m\u00e1ban a The Washington Post.<!--more--><\/strong><\/p>\n<p>Joseph Macmanus amerikai nagyk\u00f6vet a Nemzetk\u00f6zi Atomenergia-\u00fcgyn\u00f6ks\u00e9g (NA\u00dc) 35 tag\u00fa korm\u00e1nyz\u00f3tan\u00e1cs\u00e1nak cs\u00fct\u00f6rt\u00f6ki b\u00e9csi \u00fcl\u00e9s\u00e9n azzal v\u00e1dolta meg az Aszad-korm\u00e1nyt, hogy az akad\u00e1lyozza a hozz\u00e1f\u00e9r\u00e9st h\u00e1rom olyan objektumhoz, amely kiszolg\u00e1l\u00f3 l\u00e9tes\u00edtm\u00e9nye volt az Izrael \u00e1ltal 2007-ben lebomb\u00e1zott, akkor m\u00e9g \u00e9p\u00edt\u00e9s alatt \u00e1ll\u00f3 Deir ez-Z\u00f3r-i nukle\u00e1ris reaktornak.<br \/>\nA diplomata szerint a k\u00e9t \u00e9s f\u00e9l \u00e9ve tart\u00f3 polg\u00e1rh\u00e1bor\u00fa nem ments\u00e9g arra, hogy Damaszkusz nem v\u00e1laszol a nukle\u00e1ris programj\u00e1ra vonatkoz\u00f3 k\u00e9rd\u00e9sekre. A program nyugati h\u00edrszerz\u0151 szervek szerint katonai c\u00e9lokat szolg\u00e1lt, amit a sz\u00edriai korm\u00e1ny c\u00e1fol.<br \/>\n&#8222;Tov\u00e1bbra is alapvet\u0151en fontos, hogy Sz\u00edria teljes k\u00f6r\u0171en egy\u00fcttm\u0171k\u00f6dj\u00f6n&#8221; &#8211; hangoztatta Macmanus.<br \/>\nA washingtoni sz\u00e9khely\u0171 Tudom\u00e1nyos \u00e9s Nemzetk\u00f6zi Biztons\u00e1gi Int\u00e9zet (ISIS) egy frissen k\u00f6zz\u00e9tett jelent\u00e9se szerint az \u00e9szak-koreai seg\u00edts\u00e9ggel \u00e9p\u00fclt, plut\u00f3niumtermel\u00e9sre sz\u00e1nt Deir ez-Z\u00f3r-i reaktor kiseg\u00edt\u0151 l\u00e9tes\u00edtm\u00e9nyeiben m\u00e9g mindig maradhatott ur\u00e1n \u00e9s n\u00e9h\u00e1ny m\u00e1s olyan anyag is, amely felkeltheti a terrorist\u00e1k \u00e9rdekl\u0151d\u00e9s\u00e9t. A tanulm\u00e1ny elismerte, hogy az ur\u00e1n nem fegyvertisztas\u00e1g\u00fa, vagyis ahhoz, hogy azt robban\u00f3t\u00f6ltetekben alkalmazz\u00e1k, tov\u00e1bbi d\u00fas\u00edt\u00e1sra lenne sz\u00fcks\u00e9g, ugyanakkor arra is r\u00e1mutat: nem tudni, hogy mi t\u00f6rt\u00e9nt a t\u00f6bb sz\u00e1z f\u0171t\u0151r\u00faddal.<br \/>\n&#8222;Ha az ENSZ Biztons\u00e1gi Tan\u00e1csa\u00a0\u00a0nemzetk\u00f6zi ellen\u0151rz\u00e9s al\u00e1 helyezi a sz\u00edriai vegyifegyver-k\u00e9szleteket, akkor ugyan\u00fagy foglalkoznia kell Sz\u00edria be nem jelentett nukle\u00e1ris eszk\u00f6zeivel is&#8221; &#8211; sz\u00f6gezi le az ISIS tanulm\u00e1nya.<br \/>\nAz int\u00e9zet szak\u00e9rt\u0151i szerint ellen\u0151rizhet\u0151 m\u00f3don\u00a0\u00a0meg kell hat\u00e1rozni a be nem jelentett sz\u00edriai nukle\u00e1ris program jelleg\u00e9t, annak eszk\u00f6zeit \u00e1rtalmatlann\u00e1 kell tenni, majd leszerelni.(MTI)<\/p>\n","protected":false},"excerpt":{"rendered":"<p>Washington a sz\u00edriai nukle\u00e1ris objektumok megnyit\u00e1s\u00e1t k\u00f6veteli. Az amerikai korm\u00e1ny felsz\u00f3l\u00edtotta Sz\u00edri\u00e1t, hogy tiszt\u00e1zza a m\u00faltban folytatott nukle\u00e1ris programj\u00e1nak c\u00e9lj\u00e1t \u00e9s tegye a nemzetk\u00f6zi ellen\u0151r\u00f6k sz\u00e1m\u00e1ra hozz\u00e1f\u00e9rhet\u0151v\u00e9 annak objektumait &#8211;\u00a0\u00a0\u00edrta p\u00e9nteki sz\u00e1m\u00e1ban a The Washington Post.<\/p>\n","protected":false},"author":1,"featured_media":0,"comment_status":"open","ping_status":"closed","sticky":false,"template":"","format":"standard","meta":[],"categories":[16,116],"tags":[],"_links":{"self":[{"href":"https:\/\/gazdasagportal.hu\/index.php\/wp-json\/wp\/v2\/posts\/16525"}],"collection":[{"href":"https:\/\/gazdasagportal.hu\/index.php\/wp-json\/wp\/v2\/posts"}],"about":[{"href":"https:\/\/gazdasagportal.hu\/index.php\/wp-json\/wp\/v2\/types\/post"}],"author":[{"embeddable":true,"href":"https:\/\/gazdasagportal.hu\/index.php\/wp-json\/wp\/v2\/users\/1"}],"replies":[{"embeddable":true,"href":"https:\/\/gazdasagportal.hu\/index.php\/wp-json\/wp\/v2\/comments?post=16525"}],"version-history":[{"count":2,"href":"https:\/\/gazdasagportal.hu\/index.php\/wp-json\/wp\/v2\/posts\/16525\/revisions"}],"predecessor-version":[{"id":16545,"href":"https:\/\/gazdasagportal.hu\/index.php\/wp-json\/wp\/v2\/posts\/16525\/revisions\/16545"}],"wp:attachment":[{"href":"https:\/\/gazdasagportal.hu\/index.php\/wp-json\/wp\/v2\/media?parent=16525"}],"wp:term":[{"taxonomy":"category","embeddable":true,"href":"https:\/\/gazdasagportal.hu\/index.php\/wp-json\/wp\/v2\/categories?post=16525"},{"taxonomy":"post_tag","embeddable":true,"href":"https:\/\/gazdasagportal.hu\/index.php\/wp-json\/wp\/v2\/tags?post=16525"}],"curies":[{"name":"wp","href":"https:\/\/api.w.org\/{rel}","templated":true}]}}