{"id":16518,"date":"2013-09-14T11:18:15","date_gmt":"2013-09-14T09:18:15","guid":{"rendered":"http:\/\/stockportal.hu\/?p=16518"},"modified":"2013-09-14T11:18:21","modified_gmt":"2013-09-14T09:18:21","slug":"jeffrey-zients-lesz-obama-elnok-gazdasagi-fotanacsadoja","status":"publish","type":"post","link":"https:\/\/gazdasagportal.hu\/index.php\/jeffrey-zients-lesz-obama-elnok-gazdasagi-fotanacsadoja\/","title":{"rendered":"Jeffrey Zients lesz Obama eln\u00f6k gazdas\u00e1gi f\u0151tan\u00e1csad\u00f3ja"},"content":{"rendered":"<p><strong>A j\u00f6v\u0151 \u00e9v elej\u00e9t\u0151l Jeffrey A. Zients v\u00e1ltja Gene\u00a0\u00a0B. Sperlinget\u00a0\u00a0a Feh\u00e9r H\u00e1z gazdas\u00e1gi f\u0151tan\u00e1csad\u00f3j\u00e1nak posztj\u00e1n &#8211; k\u00f6z\u00f6lte egy p\u00e9nteken kiadott komm\u00fcnik\u00e9ben Barack Obama eln\u00f6k.<!--more--><\/strong><\/p>\n<p>A Feh\u00e9r H\u00e1z Nemzeti Gazdas\u00e1gi Tan\u00e1csa igazgat\u00f3i posztj\u00e1nak bet\u00f6lt\u00e9s\u00e9hez nincs sz\u00fcks\u00e9g a szen\u00e1tus j\u00f3v\u00e1hagy\u00e1s\u00e1ra. Ez az\u00e9rt fontos, mert Zienst, aki jelenleg az eln\u00f6ki appar\u00e1tus k\u00f6zigazgat\u00e1si \u00e9s k\u00f6lts\u00e9gvet\u00e9si hivatal\u00e1nak igazgat\u00f3helyettese, \u00f6sszer\u00fagta a port Max Baucussal, a szen\u00e1tus p\u00e9nz\u00fcgyi bizotts\u00e1g\u00e1nak eln\u00f6k\u00e9vel, ami\u00e9rt t\u00f6bb korm\u00e1nyzati funkci\u00f3 finansz\u00edroz\u00e1s\u00e1nak j\u00f3v\u00e1hagy\u00e1s\u00e1t ki akarta vonni a test\u00fclet hat\u00e1sk\u00f6r\u00e9b\u0151l &#8211; \u00edrta p\u00e9nteki sz\u00e1m\u00e1ban a The New York Times.<br \/>\nA 46 \u00e9ves Zienst &#8211; aki kor\u00e1bban mag\u00e1nc\u00e9gek vezet\u00e9s\u00e9ben \u00e9s m\u00e9diav\u00e1llatokn\u00e1l t\u00f6lt\u00f6tt be poz\u00edci\u00f3kat \u00e9s vezetett egy saj\u00e1t mag\u00e1nt\u0151ke-befektet\u00e9si v\u00e1llalkoz\u00e1st is &#8211; 2009 j\u00faniusa \u00f3ta t\u00f6lt be jelenlegi hivatal\u00e1t. Obama eln\u00f6k fontol\u00f3ra vette az Egyes\u00fclt \u00c1llamok kereskedelmi k\u00e9pvisel\u0151j\u00e9v\u00e9, majd kereskedelmi miniszterr\u00e9 val\u00f3 kinevez\u00e9s\u00e9t, de egyebek k\u00f6z\u00f6tt Zienst \u00e9s a Baucus k\u00f6z\u00f6tti fesz\u00fclt viszony miatt letett err\u0151l.<br \/>\nA szakember el\u0151tt k\u00e9tszer ny\u00edlt meg az az elvi lehet\u0151s\u00e9g, hogy bet\u00f6ltse a k\u00f6lts\u00e9gvet\u00e9si hivatal igazgat\u00f3i posztj\u00e1t, de mindk\u00e9t alkalommal csak az \u00fcgyvezet\u0151s\u00e9gig jutott. Peter Orszagh t\u00e1voz\u00e1sakor ugyanis m\u00e9g nem volt ehhez tapasztalata, az ut\u00f3d, Jack Lew (jelenleg p\u00e9nz\u00fcgyminiszter) eln\u00f6ki kabinetf\u0151n\u00f6kk\u00e9 t\u00f6rt\u00e9nt kinevez\u00e9s ut\u00e1n pedig az\u00e9rt nem l\u00e9pett el\u0151re, mert az eln\u00f6k a v\u00e1laszt\u00e1si \u00e9vben nem akart bonyodalmakat.<br \/>\nJeffrey Zienst 2012-ben gyakorlatilag eg\u00e9sz \u00e9vben a k\u00f6lts\u00e9gvet\u00e9si hivatal \u00fcgyvezet\u0151je volt, de mivel Obam\u00e1ra az \u00fajrav\u00e1laszt\u00e1sa ut\u00e1n nyom\u00e1s nehezedett, hogy t\u00f6bb n\u0151t emeljen be be a kabinetbe, v\u00e9g\u00fcl Sylvia Matthews Burwellt v\u00e1lasztotta.<br \/>\nAz eln\u00f6ki hivatal gazdas\u00e1gi tan\u00e1cs\u00e1nak leend\u0151 igazgat\u00f3ja a sz\u00f6vets\u00e9gi kiad\u00e1sok cs\u00f6kkent\u00e9s\u00e9vel \u00e9s az \u00e1llami hivatalok \u00e1ramvonalas\u00edt\u00e1s\u00e1val szerzett mag\u00e1nak elismer\u00e9st.<br \/>\nGene Sperling janu\u00e1r 1-j\u00e9n t\u00e1vozik\u00a0\u00a0posztj\u00e1r\u00f3l, az eln\u00f6k appar\u00e1tusban elt\u00f6lt\u00f6tt csaknem h\u00e1rom \u00e9v ut\u00e1n.\u00a0\u00a0A szakember Obama korm\u00e1nyz\u00e1s\u00e1nak els\u0151 k\u00e9t \u00e9ve alatt a p\u00e9nz\u00fcgyminiszt\u00e9riumban dolgozott. Ha Hillary Clinton \u00fagy d\u00f6nt, hogy 2016-ban harcba sz\u00e1ll az eln\u00f6ks\u00e9g\u00e9rt, akkor a The New York Times szerint az 54 \u00e9ves Sperling &#8211; aki annak idej\u00e9n Bill Clinton kamp\u00e1ny\u00e1ban \u00e9s appar\u00e1tus\u00e1ban is szerepet v\u00e1llalt &#8211; val\u00f3sz\u00edn\u0171leg csatlakozik a csapat\u00e1hoz.<br \/>\nAz eln\u00f6ki gazdas\u00e1gi f\u0151tan\u00e1csad\u00f3 posztot Clinton hozta l\u00e9tre.(MTI)<\/p>\n","protected":false},"excerpt":{"rendered":"<p>A j\u00f6v\u0151 \u00e9v elej\u00e9t\u0151l Jeffrey A. Zients v\u00e1ltja Gene\u00a0\u00a0B. Sperlinget\u00a0\u00a0a Feh\u00e9r H\u00e1z gazdas\u00e1gi f\u0151tan\u00e1csad\u00f3j\u00e1nak posztj\u00e1n &#8211; k\u00f6z\u00f6lte egy p\u00e9nteken kiadott komm\u00fcnik\u00e9ben Barack Obama eln\u00f6k.<\/p>\n","protected":false},"author":1,"featured_media":0,"comment_status":"open","ping_status":"closed","sticky":false,"template":"","format":"standard","meta":[],"categories":[13],"tags":[],"_links":{"self":[{"href":"https:\/\/gazdasagportal.hu\/index.php\/wp-json\/wp\/v2\/posts\/16518"}],"collection":[{"href":"https:\/\/gazdasagportal.hu\/index.php\/wp-json\/wp\/v2\/posts"}],"about":[{"href":"https:\/\/gazdasagportal.hu\/index.php\/wp-json\/wp\/v2\/types\/post"}],"author":[{"embeddable":true,"href":"https:\/\/gazdasagportal.hu\/index.php\/wp-json\/wp\/v2\/users\/1"}],"replies":[{"embeddable":true,"href":"https:\/\/gazdasagportal.hu\/index.php\/wp-json\/wp\/v2\/comments?post=16518"}],"version-history":[{"count":3,"href":"https:\/\/gazdasagportal.hu\/index.php\/wp-json\/wp\/v2\/posts\/16518\/revisions"}],"predecessor-version":[{"id":16520,"href":"https:\/\/gazdasagportal.hu\/index.php\/wp-json\/wp\/v2\/posts\/16518\/revisions\/16520"}],"wp:attachment":[{"href":"https:\/\/gazdasagportal.hu\/index.php\/wp-json\/wp\/v2\/media?parent=16518"}],"wp:term":[{"taxonomy":"category","embeddable":true,"href":"https:\/\/gazdasagportal.hu\/index.php\/wp-json\/wp\/v2\/categories?post=16518"},{"taxonomy":"post_tag","embeddable":true,"href":"https:\/\/gazdasagportal.hu\/index.php\/wp-json\/wp\/v2\/tags?post=16518"}],"curies":[{"name":"wp","href":"https:\/\/api.w.org\/{rel}","templated":true}]}}