{"id":16371,"date":"2013-09-12T12:26:27","date_gmt":"2013-09-12T10:26:27","guid":{"rendered":"http:\/\/stockportal.hu\/?p=16371"},"modified":"2013-09-12T12:26:27","modified_gmt":"2013-09-12T10:26:27","slug":"sziriai-konfliktus-izraeli-miniszter-ovatosan-tamogatta-a-vegyi-fegyverek-megsemmisitesenek-tervet","status":"publish","type":"post","link":"https:\/\/gazdasagportal.hu\/index.php\/sziriai-konfliktus-izraeli-miniszter-ovatosan-tamogatta-a-vegyi-fegyverek-megsemmisitesenek-tervet\/","title":{"rendered":"Sz\u00edriai konfliktus &#8211; Izraeli miniszter \u00f3vatosan t\u00e1mogatta a vegyi fegyverek megsemmis\u00edt\u00e9s\u00e9nek terv\u00e9t"},"content":{"rendered":"<p><strong>Juv\u00e1l Steinic, a nemzetk\u00f6zi kapcsolatok \u00e9s a h\u00edrszerz\u00e9s izraeli minisztere \u00f3vatosan bizakodott, \u00e9s t\u00e1mogat\u00e1s\u00e1t fejezte ki a sz\u00edriai vegyi fegyverek nemzetk\u00f6zi megsemmis\u00edt\u00e9s\u00e9vel kapcsolatban az izraeli katonai r\u00e1di\u00f3ban cs\u00fct\u00f6rt\u00f6k reggel.<!--more--><\/strong><\/p>\n<p>A tervvel kapcsolatban hivatalos izraeli korm\u00e1ny\u00e1ll\u00e1spont m\u00e9g nem hangzott el. Steinic &#8211; aki Benj\u00e1min Netanjahu minisztereln\u00f6k k\u00f6zeli bizalmasa, el\u0151z\u0151 korm\u00e1ny\u00e1nak p\u00e9nz\u00fcgyminisztere &#8211; \u00fagy v\u00e9li, megold\u00e1st jelenthet, ha Moszkva garant\u00e1lja, hogy Sz\u00edria megtisztul a vegyi fegyverekt\u0151l.<br \/>\nSteinic megjegyz\u00e9sei arra utaltak, hogy a fegyverek gyorsabb leszerel\u00e9se \u00e9rdek\u00e9ben a vegyi arzen\u00e1l k\u00fclf\u00f6ldre sz\u00e1ll\u00edt\u00e1s\u00e1t t\u00e1mogatja. &#8222;Nem mondhatom, hogy teljesen hisz\u00fcnk benne, de ha az orosz javaslat szerint val\u00f3ban elt\u00e1vol\u00edtj\u00e1k a vegyi fegyvereket Sz\u00edri\u00e1b\u00f3l, majd felsz\u00e1molj\u00e1k azokat, akkor ily m\u00f3don v\u00e9get \u00e9rhet ez a trag\u00e9dia, \u00e9s megsz\u0171nhet ez a fenyeget\u00e9s&#8221; &#8211; nyilatkozott az izraeli miniszter.<br \/>\nA Maariv c\u00edm\u0171 lap cs\u00fct\u00f6rt\u00f6ki sz\u00e1m\u00e1nak cikke szerint viszont a sz\u00edriai vegyifegyver-arzen\u00e1l megsemmis\u00edt\u00e9se szinte lehetetlen feladat, amely a szak\u00e9rt\u0151k szerint t\u00f6bb mint t\u00edz \u00e9vig eltarthat.<br \/>\nA lap szerint neh\u00e9zs\u00e9get jelent h\u00e1bor\u00fas k\u00f6r\u00fclm\u00e9nyek k\u00f6z\u00f6tt a rakt\u00e1rak f\u00f6l\u00f6tti ellen\u0151rz\u00e9s biztos\u00edt\u00e1sa, neh\u00e9z lesz megb\u00edzni Bass\u00e1r el-Aszad \u0151szintes\u00e9g\u00e9ben, hogy felt\u00e1rja az \u00f6sszes t\u00e1rol\u00f3helyet, valamint sz\u00fcks\u00e9g lesz t\u00f6bb tucat l\u00e9tes\u00edtm\u00e9nyre a vegyi anyagok lebont\u00e1s\u00e1hoz, vagy k\u00fclf\u00f6ldre kell sz\u00e1ll\u00edtani azokat.<br \/>\n&#8222;Ez nem az elsz\u00e1radt levelek el\u00e9get\u00e9se a kert v\u00e9g\u00e9ben &#8211; nyilatkozott Mike Coleman, egy ezzel foglalkoz\u00f3 amerikai c\u00e9g vezet\u0151 tud\u00f3sa. &#8211; Ezt nem lehet m\u00e1r\u00f3l holnapra v\u00e9ghezvinni. Nem egyszer\u0171 \u00e9s nem olcs\u00f3 munka.&#8221;<br \/>\nAz Egyes\u00fclt \u00c1llamok &#8211; j\u00f3llehet a sz\u00edriain\u00e1l jelent\u0151sebb &#8211; saj\u00e1t vegyi fegyvereinek megsemmis\u00edt\u00e9se jelzi a feladat neh\u00e9zs\u00e9g\u00e9t. Ez a munka a kilencvenes \u00e9vekben kezd\u0151d\u00f6tt \u00e9s 2023-ban fejez\u0151dik be, k\u00f6lts\u00e9gei 35 milli\u00e1rd doll\u00e1rra r\u00fagnak. Robotok \u00e9s k\u00fcl\u00f6nlegesen kik\u00e9pzett katon\u00e1k vegyi anyagokkal \u00e9s magas h\u0151m\u00e9rs\u00e9kleten el\u00e9getve semmis\u00edtik meg a k\u00e9miai \u00f6sszetev\u0151ket, a szarin g\u00e1zt foly\u00e9kony n\u00e1trium-hidroxid hozz\u00e1ad\u00e1s\u00e1val teszik \u00e1rtalmatlann\u00e1, m\u00edg a must\u00e1rg\u00e1zt l\u00fagos v\u00edzzel semleges\u00edtik.(MTI)<\/p>\n","protected":false},"excerpt":{"rendered":"<p>Juv\u00e1l Steinic, a nemzetk\u00f6zi kapcsolatok \u00e9s a h\u00edrszerz\u00e9s izraeli minisztere \u00f3vatosan bizakodott, \u00e9s t\u00e1mogat\u00e1s\u00e1t fejezte ki a sz\u00edriai vegyi fegyverek nemzetk\u00f6zi megsemmis\u00edt\u00e9s\u00e9vel kapcsolatban az izraeli katonai r\u00e1di\u00f3ban cs\u00fct\u00f6rt\u00f6k reggel.<\/p>\n","protected":false},"author":1,"featured_media":0,"comment_status":"open","ping_status":"closed","sticky":false,"template":"","format":"standard","meta":[],"categories":[16,116],"tags":[],"_links":{"self":[{"href":"https:\/\/gazdasagportal.hu\/index.php\/wp-json\/wp\/v2\/posts\/16371"}],"collection":[{"href":"https:\/\/gazdasagportal.hu\/index.php\/wp-json\/wp\/v2\/posts"}],"about":[{"href":"https:\/\/gazdasagportal.hu\/index.php\/wp-json\/wp\/v2\/types\/post"}],"author":[{"embeddable":true,"href":"https:\/\/gazdasagportal.hu\/index.php\/wp-json\/wp\/v2\/users\/1"}],"replies":[{"embeddable":true,"href":"https:\/\/gazdasagportal.hu\/index.php\/wp-json\/wp\/v2\/comments?post=16371"}],"version-history":[{"count":2,"href":"https:\/\/gazdasagportal.hu\/index.php\/wp-json\/wp\/v2\/posts\/16371\/revisions"}],"predecessor-version":[{"id":16373,"href":"https:\/\/gazdasagportal.hu\/index.php\/wp-json\/wp\/v2\/posts\/16371\/revisions\/16373"}],"wp:attachment":[{"href":"https:\/\/gazdasagportal.hu\/index.php\/wp-json\/wp\/v2\/media?parent=16371"}],"wp:term":[{"taxonomy":"category","embeddable":true,"href":"https:\/\/gazdasagportal.hu\/index.php\/wp-json\/wp\/v2\/categories?post=16371"},{"taxonomy":"post_tag","embeddable":true,"href":"https:\/\/gazdasagportal.hu\/index.php\/wp-json\/wp\/v2\/tags?post=16371"}],"curies":[{"name":"wp","href":"https:\/\/api.w.org\/{rel}","templated":true}]}}