{"id":16368,"date":"2013-09-12T11:15:53","date_gmt":"2013-09-12T09:15:53","guid":{"rendered":"http:\/\/stockportal.hu\/?p=16368"},"modified":"2013-09-12T11:15:53","modified_gmt":"2013-09-12T09:15:53","slug":"devizahitelek-egyeztetest-kezdemenyeznek-a-devizahiteleseket-kepviselo-civil-szervezetek-a-magyar-bankszovetseggel","status":"publish","type":"post","link":"https:\/\/gazdasagportal.hu\/index.php\/devizahitelek-egyeztetest-kezdemenyeznek-a-devizahiteleseket-kepviselo-civil-szervezetek-a-magyar-bankszovetseggel\/","title":{"rendered":"Devizahitelek &#8211; Egyeztet\u00e9st kezdem\u00e9nyeznek a devizahiteleseket k\u00e9pvisel\u0151 civil szervezetek a Magyar Banksz\u00f6vets\u00e9ggel"},"content":{"rendered":"<p><strong>A civilek egyeztet\u00e9st kezdem\u00e9nyeznek a banksz\u00f6vets\u00e9ggel. Egyeztet\u00e9st kezdem\u00e9nyeznek a devizahiteleseket k\u00e9pvisel\u0151 civil szervezetek a Magyar Banksz\u00f6vets\u00e9ggel, hogy november elsej\u00e9ig k\u00f6z\u00f6sen tal\u00e1ljanak megold\u00e1st a devizahitelek kivezet\u00e9s\u00e9re. Az egyes\u00fcletek a folyamatban l\u00e9v\u0151 v\u00e9grehajt\u00e1si elj\u00e1r\u00e1sok felf\u00fcggeszt\u00e9s\u00e9t k\u00e9rik a bankokt\u00f3l.<!--more--><\/strong><\/p>\n<p>A p\u00e9nz\u00fcgyi jogok biztosa cs\u00fct\u00f6rt\u00f6k\u00f6n k\u00f6zlem\u00e9nyben tudatta az MTI-vel, hogy a devizahiteleseket k\u00e9pvisel\u0151 civil szervezetek k\u00e9szek t\u00e1rgyal\u00f3asztalhoz \u00fclni a Magyar Banksz\u00f6vets\u00e9ggel annak \u00e9rdek\u00e9ben, hogy a korm\u00e1nyzat \u00e1ltal meghat\u00e1rozott id\u0151pontig, azaz november elsej\u00e9ig k\u00f6z\u00f6sen tal\u00e1ljanak megold\u00e1st a devizahitelez\u00e9s hazai p\u00e9nz\u00fcgyi rendszerb\u0151l val\u00f3 kivezet\u00e9s\u00e9re.<br \/>\nDoubravszky Gy\u00f6rgy a devizahitelesek \u00e9rdekeit k\u00e9pvisel\u0151 szervezetek felk\u00e9r\u00e9s\u00e9re k\u00f6z\u00f6lte: a p\u00e1rbesz\u00e9det felaj\u00e1nl\u00f3, a devizahiteleseket k\u00e9pvisel\u0151 civil szervezetek, a Hiteles Mozgalom; a Hiteles \u00fcgyv\u00e9d; az Otthonv\u00e9delmi Tan\u00e1cs; a PITEE; valamint a Sz\u00e9chenyi Hitelsz\u00f6vets\u00e9g k\u00e9pvisel\u0151i egyet\u00e9rtenek abban, hogy csak nyitott kezdem\u00e9nyez\u00e9ssel lehet \u00e9rdemben k\u00e9pviselni a hitelesek \u00e9rdekeit, vagyis v\u00e1rj\u00e1k tov\u00e1bbi civil szervezetek csatlakoz\u00e1s\u00e1t.<br \/>\nA devizahiteleseket k\u00e9pvisel\u0151 civilek Doubravszky Gy\u00f6rgy\u00f6t, a p\u00e9nz\u00fcgyi jogok biztos\u00e1t k\u00e9rik fel a felek k\u00f6z\u00f6tti k\u00f6zvet\u00edt\u00e9sre a t\u00e1rgyal\u00e1sok megkezd\u00e9s\u00e9ig.<br \/>\n&#8222;A civilek \u00fcdv\u00f6zlik a korm\u00e1nyzat \u00e9s a Fidesz arra ir\u00e1nyul\u00f3 hat\u00e1rozott sz\u00e1nd\u00e9k\u00e1t, hogy az \u00e9rintettek a lehet\u0151 legr\u00f6videbb id\u0151n bel\u00fcl tal\u00e1ljanak v\u00e9gleges megold\u00e1st a s\u00falyos, sz\u00e1zezrek egzisztenci\u00e1j\u00e1t fenyeget\u0151 devizahitelez\u00e9s probl\u00e9m\u00e1j\u00e1ra. K\u00fcl\u00f6n\u00f6sen fontosnak \u00e9s el\u0151remutat\u00f3nak tartj\u00e1k azt a Rog\u00e1n Antal frakci\u00f3vezet\u0151 \u00e9s Varga Mih\u00e1ly nemzetgazdas\u00e1gi miniszter \u00e1ltal egybehangz\u00f3an megfogalmazott ig\u00e9nyt, hogy a deviza alap\u00fa hiteleket foly\u00f3s\u00edt\u00f3 p\u00e9nzint\u00e9zetek els\u0151k\u00e9nt a devizahiteles \u00fcgyfeleikkel t\u00e1rgyaljanak a lehets\u00e9ges megold\u00e1si javaslatokr\u00f3l&#8221; &#8211; olvashat\u00f3 a k\u00f6zlem\u00e9nyben.(MTI)<\/p>\n","protected":false},"excerpt":{"rendered":"<p>A civilek egyeztet\u00e9st kezdem\u00e9nyeznek a banksz\u00f6vets\u00e9ggel. Egyeztet\u00e9st kezdem\u00e9nyeznek a devizahiteleseket k\u00e9pvisel\u0151 civil szervezetek a Magyar Banksz\u00f6vets\u00e9ggel, hogy november elsej\u00e9ig k\u00f6z\u00f6sen tal\u00e1ljanak megold\u00e1st a devizahitelek kivezet\u00e9s\u00e9re. Az egyes\u00fcletek a folyamatban l\u00e9v\u0151 v\u00e9grehajt\u00e1si elj\u00e1r\u00e1sok felf\u00fcggeszt\u00e9s\u00e9t k\u00e9rik a bankokt\u00f3l.<\/p>\n","protected":false},"author":1,"featured_media":0,"comment_status":"open","ping_status":"closed","sticky":false,"template":"","format":"standard","meta":[],"categories":[19,112],"tags":[],"_links":{"self":[{"href":"https:\/\/gazdasagportal.hu\/index.php\/wp-json\/wp\/v2\/posts\/16368"}],"collection":[{"href":"https:\/\/gazdasagportal.hu\/index.php\/wp-json\/wp\/v2\/posts"}],"about":[{"href":"https:\/\/gazdasagportal.hu\/index.php\/wp-json\/wp\/v2\/types\/post"}],"author":[{"embeddable":true,"href":"https:\/\/gazdasagportal.hu\/index.php\/wp-json\/wp\/v2\/users\/1"}],"replies":[{"embeddable":true,"href":"https:\/\/gazdasagportal.hu\/index.php\/wp-json\/wp\/v2\/comments?post=16368"}],"version-history":[{"count":2,"href":"https:\/\/gazdasagportal.hu\/index.php\/wp-json\/wp\/v2\/posts\/16368\/revisions"}],"predecessor-version":[{"id":16370,"href":"https:\/\/gazdasagportal.hu\/index.php\/wp-json\/wp\/v2\/posts\/16368\/revisions\/16370"}],"wp:attachment":[{"href":"https:\/\/gazdasagportal.hu\/index.php\/wp-json\/wp\/v2\/media?parent=16368"}],"wp:term":[{"taxonomy":"category","embeddable":true,"href":"https:\/\/gazdasagportal.hu\/index.php\/wp-json\/wp\/v2\/categories?post=16368"},{"taxonomy":"post_tag","embeddable":true,"href":"https:\/\/gazdasagportal.hu\/index.php\/wp-json\/wp\/v2\/tags?post=16368"}],"curies":[{"name":"wp","href":"https:\/\/api.w.org\/{rel}","templated":true}]}}