{"id":15719,"date":"2013-09-04T06:10:00","date_gmt":"2013-09-04T04:10:00","guid":{"rendered":"http:\/\/stockportal.hu\/?p=15719"},"modified":"2013-09-04T06:10:00","modified_gmt":"2013-09-04T04:10:00","slug":"sziriai-polgarhaboru-szarazfoldi-csapatokat-nem-vettnek-be-majd-sziria-ellen","status":"publish","type":"post","link":"https:\/\/gazdasagportal.hu\/index.php\/sziriai-polgarhaboru-szarazfoldi-csapatokat-nem-vettnek-be-majd-sziria-ellen\/","title":{"rendered":"Sz\u00edriai polg\u00e1rh\u00e1bor\u00fa &#8211; Sz\u00e1razf\u00f6ldi csapatokat nem vettnek be majd Sz\u00edria ellen"},"content":{"rendered":"<p><strong>John Kerry &#8211;\u00a0Az akci\u00f3ban nem vesznek r\u00e9szt sz\u00e1razf\u00f6ldi er\u0151k.<\/strong><\/p>\n<p><strong>A Sz\u00edria elleni katonai akci\u00f3ban nem vesznek majd r\u00e9szt sz\u00e1razf\u00f6ldi er\u0151k &#8211; jelentette ki kedden a szen\u00e1tus k\u00fcl\u00fcgyi bizotts\u00e1g\u00e1nak meghallhat\u00e1s\u00e1n John Kerry amerikai k\u00fcl\u00fcgyminiszter.<!--more--><\/strong><\/p>\n<p>Kerry ezt azut\u00e1n sz\u00f6gezte le v\u00e9glegesen, hogy kifejezte egyet nem \u00e9rt\u00e9s\u00e9t azzal: a Sz\u00edri\u00e1val kapcsolatban tervezett kongresszusi hat\u00e1rozat eleve z\u00e1rja ki a sz\u00e1razf\u00f6ldi er\u0151k bevet\u00e9s\u00e9nek lehet\u0151s\u00e9g\u00e9t. A miniszter a meghallgat\u00e1son eleinte \u00fagy \u00e9rvelt, hogy ez korl\u00e1tozn\u00e1 az eln\u00f6k rendelkez\u00e9s\u00e9re \u00e1ll\u00f3 eszk\u00f6z\u00f6ket.<br \/>\nAz amerikai diplom\u00e1cia vezet\u0151je hangs\u00falyozta, hogy az eln\u00f6knek &#8222;nem \u00e1ll sz\u00e1nd\u00e9k\u00e1ban&#8221; sz\u00e1razf\u00f6ldi egys\u00e9geket bevetni, hogy Obama nem hadba l\u00e9p\u00e9sre k\u00e9ri Amerik\u00e1t, \u00e9s hogy a t\u00e1mad\u00e1s c\u00e9lja az Aszad-rezsim elrettent\u00e9se a vegyi fegyverek bevet\u00e9s\u00e9t\u0151l, \u00e9s az erre val\u00f3 k\u00e9pess\u00e9g\u00e9nek meggyeng\u00edt\u00e9se, nem pedig a rendszerv\u00e1ltoztat\u00e1s.<br \/>\nUgyanakkor \u00f3vta a kongresszust att\u00f3l, hogy a katonai fell\u00e9p\u00e9sre sz\u00f3l\u00f3 felhatalmaz\u00e1s csak egy konkr\u00e9t id\u0151szakra sz\u00f3ljon. Ezt azzal indokolta, hogy az Egyes\u00fclt \u00c1llamoknak k\u00e9szen kell \u00e1llnia arra az esetre is, ha Aszad ism\u00e9t \u00fagy d\u00f6ntene, vegyi fegyvert vet be.<br \/>\nKerry arr\u00f3l is sz\u00f3lt: az amerikai korm\u00e1nynak a j\u00faniusi d\u00f6nt\u00e9s\u00e9vel \u00f6sszhangban sz\u00e1nd\u00e9k\u00e1ban \u00e1ll, hogy &#8222;hal\u00e1lt okoz\u00f3&#8221; eszk\u00f6z\u00f6kkel ny\u00fajtson t\u00e1mogat\u00e1st az Aszad-rezsim fegyveres ellenz\u00e9k\u00e9nek. Mint mondta, Washingtonnak a korm\u00e1nyer\u0151k meggyeng\u00edt\u00e9s\u00e9t c\u00e9lz\u00f3, tervezett csap\u00e1son k\u00edv\u00fcl van egy olyan strat\u00e9gi\u00e1ja is, amely Bass\u00e1r el-Aszad sz\u00edriai eln\u00f6knek a hatalomb\u00f3l val\u00f3 elt\u00e1vol\u00edt\u00e1s\u00e1t c\u00e9lozza.<br \/>\nA t\u00e1mad\u00e1sra val\u00f3 kongresszusi felhatalmaz\u00e1ssal kapcsolatban Robert Menendez, az amerikai szen\u00e1tus k\u00fcl\u00fcgyi bizotts\u00e1g\u00e1nak eln\u00f6ke \u00fagy v\u00e9lekedett, hogy az a sz\u00f6vets\u00e9gi fels\u0151h\u00e1zban meg fogja kapni az elfogad\u00e1shoz sz\u00fcks\u00e9ges 60 szavazatot, de a j\u00f3v\u00e1hagy\u00e1s j\u00f3val sz\u0171kre szabottabb lesz ann\u00e1l, mint amire a Feh\u00e9r H\u00e1z az \u00e1ltala beny\u00fajtott tervezet szerint sz\u00e1m\u00edtott.<br \/>\nKerry a meghallgat\u00e1son elmondta, hogy az Egyes\u00fclt \u00c1llamok a lehet\u0151 &#8222;legsz\u00e9lesebb k\u00f6r\u0171&#8221; koal\u00edci\u00f3t akarja l\u00e9trehozni a Sz\u00edria elleni fell\u00e9p\u00e9shez. A miniszter Franciaorsz\u00e1got, T\u00f6r\u00f6korsz\u00e1got, Sza\u00fad-Ar\u00e1bi\u00e1t \u00e9s az Egyes\u00fclt Arab Em\u00edrs\u00e9geket eml\u00edtette meg a legakt\u00edvabb partnerek k\u00f6z\u00f6tt.<br \/>\nKerry hangs\u00falyozta: minden k\u00e9ts\u00e9get kiz\u00e1r\u00f3an tudni lehet, hogy az Aszad-rezsim \u00e9s csakis az vetett be vegyi fegyvert augusztus 21-\u00e9n Sz\u00edri\u00e1ban. Mint mondta, Washington nem akar egy t\u00f6meggyilkoss\u00e1g t\u00e9tlen szem\u00e9l\u0151je lenni, s ha az Egyes\u00fclt \u00c1llamok nem l\u00e9p fel a t\u00f6megpuszt\u00edt\u00f3 fegyverek bevet\u00e9s\u00e9vel szemben, azzal azt \u00fczeni azoknak, akik mindenre elsz\u00e1nt\u00e1k magukat a K\u00f6zel-Keleten, hogy ezt b\u00fcntetlen\u00fcl megtehetik.<br \/>\nChuck Hagel amerikai v\u00e9delmi miniszter r\u00e1mutatott, hogy a Sz\u00edri\u00e1val szembeni katonai fell\u00e9p\u00e9s elutas\u00edt\u00e1s\u00e1val megk\u00e9rd\u0151jelez\u0151dne az Egyes\u00fclt \u00c1llamoknak a nemzetk\u00f6zi norm\u00e1k \u00e9s az egy\u00e9b nemzetk\u00f6zi v\u00e9delmi k\u00f6teless\u00e9gek ir\u00e1nti elk\u00f6telezetts\u00e9g\u00e9nek hiteless\u00e9ge.<br \/>\n&#8222;Az Egyes\u00fclt \u00c1llamok szav\u00e1nak jelentenie kell valamit&#8221; &#8211; mondta a miniszter, eml\u00e9keztetve a szen\u00e1tus k\u00fcl\u00fcgyi bizotts\u00e1g\u00e1nak tagjait arra, hogy Barack Obama amerikai eln\u00f6k figyelmeztette Aszadot: ne vessen be vegyi fegyvert, mert azzal \u00e1tl\u00e9pi az Egyes\u00fclt \u00c1llamok megszabta t\u0171r\u00e9shat\u00e1rt.<br \/>\nA Pentagon vezet\u0151je hangs\u00falyozta, hogy az amerikai hader\u0151 b\u00e1rmikor k\u00e9sz a katonai csap\u00e1s v\u00e9grehajt\u00e1s\u00e1ra, amikor azt Obama eln\u00f6k elrendeli.<br \/>\nMartin Dempsey t\u00e1bornok, a vez\u00e9rkari f\u0151n\u00f6k\u00f6k egyes\u00edtett bizotts\u00e1g\u00e1nak eln\u00f6ke a meghallgat\u00e1son kijelentette, hogy min\u00e9l nagyobb ar\u00e1ny\u00fa lesz a felhatalmaz\u00e1s kongresszus \u00e1ltali megad\u00e1sa, ann\u00e1l k\u00f6nnyebb lesz sz\u00e1m\u00e1ra el\u0151k\u00e9sz\u00edteni a katonai akci\u00f3 terv\u00e9t. Mint mondta, a korm\u00e1nyzatt\u00f3l azt a feladatot kapta, hogy meggyeng\u00edtse a sz\u00edriai korm\u00e1nyer\u0151k katonai k\u00e9pess\u00e9geit, nem pedig arra, hogy megv\u00e1ltoztassa a polg\u00e1rh\u00e1bor\u00fa menet\u00e9t.<br \/>\nA t\u00e1bornok elismerte, hogy fenn\u00e1ll a konfliktus eszkal\u00e1l\u00f3d\u00e1s\u00e1nak vesz\u00e9lye.<br \/>\nKerry, Hagel \u00e9s Dempsey a meghallgat\u00e1son feltett t\u00f6bb k\u00e9rd\u00e9st a z\u00e1rt k\u00f6r\u0171 t\u00e1j\u00e9koztat\u00f3k hat\u00e1sk\u00f6r\u00e9be utalt, \u00e9s ilyen t\u00e1j\u00e9koztat\u00f3t a korm\u00e1nyzat az elk\u00f6vetkez\u0151 napokban t\u00f6bbet is akar tartani a kongresszus tagjai sz\u00e1m\u00e1ra.(MTI)<\/p><div id=\"gazda-1411400196\" class=\"gazda-tartalomban gazda-entity-placement\"><script async src=\"https:\/\/pagead2.googlesyndication.com\/pagead\/js\/adsbygoogle.js\"><\/script>\r\n<ins class=\"adsbygoogle\"\r\n     style=\"display:block\"\r\n     data-ad-format=\"fluid\"\r\n     data-ad-layout-key=\"-6t+ed+2i-1n-4w\"\r\n     data-ad-client=\"ca-pub-1959107119989764\"\r\n     data-ad-slot=\"4008251320\"><\/ins>\r\n<script>\r\n     (adsbygoogle = window.adsbygoogle || []).push({});\r\n<\/script><\/div>\n","protected":false},"excerpt":{"rendered":"<p>John Kerry &#8211;\u00a0Az akci\u00f3ban nem vesznek r\u00e9szt sz\u00e1razf\u00f6ldi er\u0151k. A Sz\u00edria elleni katonai akci\u00f3ban nem vesznek majd r\u00e9szt sz\u00e1razf\u00f6ldi er\u0151k &#8211; jelentette ki kedden a szen\u00e1tus k\u00fcl\u00fcgyi bizotts\u00e1g\u00e1nak meghallhat\u00e1s\u00e1n John Kerry amerikai k\u00fcl\u00fcgyminiszter.<\/p>\n","protected":false},"author":1,"featured_media":0,"comment_status":"open","ping_status":"closed","sticky":false,"template":"","format":"standard","meta":[],"categories":[16,116],"tags":[],"_links":{"self":[{"href":"https:\/\/gazdasagportal.hu\/index.php\/wp-json\/wp\/v2\/posts\/15719"}],"collection":[{"href":"https:\/\/gazdasagportal.hu\/index.php\/wp-json\/wp\/v2\/posts"}],"about":[{"href":"https:\/\/gazdasagportal.hu\/index.php\/wp-json\/wp\/v2\/types\/post"}],"author":[{"embeddable":true,"href":"https:\/\/gazdasagportal.hu\/index.php\/wp-json\/wp\/v2\/users\/1"}],"replies":[{"embeddable":true,"href":"https:\/\/gazdasagportal.hu\/index.php\/wp-json\/wp\/v2\/comments?post=15719"}],"version-history":[{"count":1,"href":"https:\/\/gazdasagportal.hu\/index.php\/wp-json\/wp\/v2\/posts\/15719\/revisions"}],"predecessor-version":[{"id":15720,"href":"https:\/\/gazdasagportal.hu\/index.php\/wp-json\/wp\/v2\/posts\/15719\/revisions\/15720"}],"wp:attachment":[{"href":"https:\/\/gazdasagportal.hu\/index.php\/wp-json\/wp\/v2\/media?parent=15719"}],"wp:term":[{"taxonomy":"category","embeddable":true,"href":"https:\/\/gazdasagportal.hu\/index.php\/wp-json\/wp\/v2\/categories?post=15719"},{"taxonomy":"post_tag","embeddable":true,"href":"https:\/\/gazdasagportal.hu\/index.php\/wp-json\/wp\/v2\/tags?post=15719"}],"curies":[{"name":"wp","href":"https:\/\/api.w.org\/{rel}","templated":true}]}}