{"id":15697,"date":"2013-09-03T16:47:59","date_gmt":"2013-09-03T14:47:59","guid":{"rendered":"http:\/\/stockportal.hu\/?p=15697"},"modified":"2013-09-03T17:48:02","modified_gmt":"2013-09-03T15:48:02","slug":"sziriai-polgarhaboru-obama-biztos-benne-hogy-a-kongresszus-tamogatni-fogja-a-katonai-csapast","status":"publish","type":"post","link":"https:\/\/gazdasagportal.hu\/index.php\/sziriai-polgarhaboru-obama-biztos-benne-hogy-a-kongresszus-tamogatni-fogja-a-katonai-csapast\/","title":{"rendered":"Sz\u00edriai polg\u00e1rh\u00e1bor\u00fa &#8211; Obama biztos benne, hogy a kongresszus t\u00e1mogatni fogja a katonai csap\u00e1st"},"content":{"rendered":"<p><strong>Barack Obama amerikai eln\u00f6k kedden kijelentette: biztos benne, hogy a kongresszus t\u00e1mogatni fogja a Sz\u00edria elleni, \u00e1ltala kezdem\u00e9nyezett katonai csap\u00e1st.<!--more--><\/strong><\/p>\n<p>A Sz\u00edria elleni t\u00e1mad\u00e1s &#8222;korl\u00e1tozott&#8221; \u00e9s &#8222;ar\u00e1nyos&#8221; lesz &#8211; hangs\u00falyozta Obama, aki a Feh\u00e9r H\u00e1zban fogadta John Boehnert, a k\u00e9pvisel\u0151h\u00e1z republik\u00e1nus eln\u00f6k\u00e9t \u00e9s Nancy Pelosit, a k\u00e9pvisel\u0151h\u00e1zi demokrata kisebbs\u00e9g vezet\u0151j\u00e9t. Az eln\u00f6k megism\u00e9telte, hogy ez a katonai fell\u00e9p\u00e9s nem lesz majd sem az irakihoz, sem az afganiszt\u00e1nihoz foghat\u00f3, \u00e9s abban nem vesznek majd r\u00e9szt sz\u00e1razf\u00f6ldi alakulatok.<br \/>\nAn\u00e9lk\u00fcl, hogy Ir\u00e1nt megeml\u00edtette volna, r\u00e1mutatott: a t\u00e1mad\u00e1s nemcsak az Aszad-rezsimnek, hanem mindenki m\u00e1snak \u00fczenet lesz majd, aki a nemzetk\u00f6zi norm\u00e1k megszeg\u00e9s\u00e9re k\u00e9sz\u00fcl.<br \/>\nAz eln\u00f6k emellett elmondta, hogy az Egyes\u00fclt \u00c1llamok kidolgozott egy sz\u00e9lesebb k\u00f6r\u0171 tervet arra, hogy seg\u00edtse a sz\u00edriai felkel\u0151ket Bass\u00e1r el-Aszad eln\u00f6k er\u0151inek legy\u0151z\u00e9s\u00e9ben. A The Wall Street Journal ezzel kapcsolatban kedden arr\u00f3l sz\u00e1molt be, hogy az amerikai K\u00f6zponti H\u00edrszerz\u0151 \u00dcgyn\u00f6ks\u00e9g (CIA) m\u00e9g nem kezdte meg a fegyversz\u00e1ll\u00edt\u00e1st az ellenz\u00e9knek annak ellen\u00e9re, hogy err\u0151l m\u00e9g j\u00faniusban d\u00f6nt\u00f6tt az amerikai korm\u00e1ny.<br \/>\nObama kifejezte k\u00e9szs\u00e9g\u00e9t, hogy m\u00e9rlegelje az egyes honaty\u00e1knak a Feh\u00e9r H\u00e1z \u00e1ltal a kongresszushoz beny\u00fajtott hat\u00e1rozattervezettel kapcsolatos agg\u00e1lyait.<br \/>\nA Boehnerrel \u00e9s Pelosival folytatott megbesz\u00e9l\u00e9sen m\u00e1sok mellett jelen volt Martin Dempsey t\u00e1bornok, a vez\u00e9rkari f\u0151n\u00f6k\u00f6k egyes\u00edtett bizotts\u00e1g\u00e1nak f\u0151n\u00f6ke, John Kerry\u00a0\u00a0k\u00fcl\u00fcgy- \u00e9s\u00a0\u00a0Chuck Hagel v\u00e9delmi miniszter. \u0150k h\u00e1rman a nap folyam\u00e1n, a tervek szerint k\u00f6z\u00e9p-eur\u00f3pai id\u0151 szerint este f\u00e9l kilenct\u0151l r\u00e9szt vesznek majd a szen\u00e1tus k\u00fcl\u00fcgyi bizotts\u00e1g\u00e1nak meghallgat\u00e1s\u00e1n.<br \/>\nDempsey, Kerry \u00e9s Hagel szen\u00e1tusi tan\u00faskod\u00e1sa r\u00e9sze annak a meggy\u0151z\u00e9si kamp\u00e1nynak, amelynek seg\u00edts\u00e9g\u00e9vel a korm\u00e1ny a katonai csap\u00e1s mell\u00e9 k\u00edv\u00e1nja \u00e1ll\u00edtani a sz\u00f6vets\u00e9gi t\u00f6rv\u00e9nyhoz\u00e1s tagjait. Ennek keret\u00e9ben kedden egy, szerd\u00e1n pedig k\u00e9t z\u00e1rt ajt\u00f3k m\u00f6g\u00f6tti t\u00e1j\u00e9koztat\u00f3t fognak tartani a honaty\u00e1knak \u00e9s szerd\u00e1n meghallgat\u00e1st tart a k\u00e9pvisel\u0151h\u00e1z k\u00fcl\u00fcgyi bizotts\u00e1ga is.<br \/>\nA The Washington Post kedden online kiad\u00e1s\u00e1ban k\u00f6zz\u00e9tette a v\u00e1rhat\u00f3 kongresszusi szavaz\u00e1sra vonatkoz\u00f3 er\u0151felm\u00e9r\u00e9s\u00e9t, amely szerint a t\u00f6rv\u00e9nyhoz\u00e1s mindk\u00e9t h\u00e1z\u00e1ban a m\u00e9g mindig bizonytalan honaty\u00e1k alkotj\u00e1k a legnagyobb csoportot. A lap szerint a 100 szen\u00e1torb\u00f3l 23 t\u00e1mogatja a katonai fell\u00e9p\u00e9st, 57 bizonytalan, 17 az elutas\u00edt\u00e1s fel\u00e9 hajlik, h\u00e1rman pedig eg\u00e9szen biztosan &#8222;nem&#8221;-mel fognak szavazni.<br \/>\nA 435 k\u00e9pvisel\u0151 k\u00f6z\u00fcl a lapnak helyi id\u0151 szerint kedd d\u00e9lel\u0151ttig 204-nek a v\u00e9lem\u00e9ny\u00e9t siker\u00fclt felt\u00e9rk\u00e9peznie. A t\u00e1mad\u00e1s mellett 15-en szavazn\u00e1nak, 94-en bizonytalanok, 62-en a &#8222;nem&#8221;-re hajlanak, 33-an pedig egy\u00e9rtelm\u0171en elutas\u00edt\u00f3ak.<br \/>\nAz igenl\u0151k \u00e9s a bizonytalanok k\u00f6z\u00f6tt a demokrat\u00e1k vannak t\u00f6bbs\u00e9gben, az elutas\u00edt\u00e1ssal rokonszenvez\u0151k \u00e9s a katonai fell\u00e9p\u00e9st hat\u00e1rozottan elvet\u0151k k\u00f6z\u00f6tt pedig a republik\u00e1nusok.(MTI)<\/p>\n","protected":false},"excerpt":{"rendered":"<p>Barack Obama amerikai eln\u00f6k kedden kijelentette: biztos benne, hogy a kongresszus t\u00e1mogatni fogja a Sz\u00edria elleni, \u00e1ltala kezdem\u00e9nyezett katonai csap\u00e1st.<\/p>\n","protected":false},"author":1,"featured_media":0,"comment_status":"open","ping_status":"closed","sticky":false,"template":"","format":"standard","meta":[],"categories":[16,116],"tags":[],"_links":{"self":[{"href":"https:\/\/gazdasagportal.hu\/index.php\/wp-json\/wp\/v2\/posts\/15697"}],"collection":[{"href":"https:\/\/gazdasagportal.hu\/index.php\/wp-json\/wp\/v2\/posts"}],"about":[{"href":"https:\/\/gazdasagportal.hu\/index.php\/wp-json\/wp\/v2\/types\/post"}],"author":[{"embeddable":true,"href":"https:\/\/gazdasagportal.hu\/index.php\/wp-json\/wp\/v2\/users\/1"}],"replies":[{"embeddable":true,"href":"https:\/\/gazdasagportal.hu\/index.php\/wp-json\/wp\/v2\/comments?post=15697"}],"version-history":[{"count":3,"href":"https:\/\/gazdasagportal.hu\/index.php\/wp-json\/wp\/v2\/posts\/15697\/revisions"}],"predecessor-version":[{"id":15700,"href":"https:\/\/gazdasagportal.hu\/index.php\/wp-json\/wp\/v2\/posts\/15697\/revisions\/15700"}],"wp:attachment":[{"href":"https:\/\/gazdasagportal.hu\/index.php\/wp-json\/wp\/v2\/media?parent=15697"}],"wp:term":[{"taxonomy":"category","embeddable":true,"href":"https:\/\/gazdasagportal.hu\/index.php\/wp-json\/wp\/v2\/categories?post=15697"},{"taxonomy":"post_tag","embeddable":true,"href":"https:\/\/gazdasagportal.hu\/index.php\/wp-json\/wp\/v2\/tags?post=15697"}],"curies":[{"name":"wp","href":"https:\/\/api.w.org\/{rel}","templated":true}]}}