{"id":15690,"date":"2013-09-03T16:14:16","date_gmt":"2013-09-03T14:14:16","guid":{"rendered":"http:\/\/stockportal.hu\/?p=15690"},"modified":"2013-09-03T16:14:25","modified_gmt":"2013-09-03T14:14:25","slug":"ngm-dinamikusan-fejlodnek-a-brazil-magyar-gazdasagi-kapcsolatok","status":"publish","type":"post","link":"https:\/\/gazdasagportal.hu\/index.php\/ngm-dinamikusan-fejlodnek-a-brazil-magyar-gazdasagi-kapcsolatok\/","title":{"rendered":"NGM: dinamikusan fejl\u0151dnek a brazil-magyar gazdas\u00e1gi kapcsolatok"},"content":{"rendered":"<p><strong>Kiemelked\u0151 \u00fctemben emelkedett a Braz\u00edli\u00e1ba ir\u00e1nyul\u00f3 magyar kivitel a Magyar-Brazil Gazdas\u00e1gi Egy\u00fcttm\u0171k\u00f6d\u00e9si Vegyes Bizotts\u00e1g tavalyi megalakul\u00e1sa \u00f3ta, az export csaknem el\u00e9rte a 328 milli\u00f3 doll\u00e1rt (74 milli\u00e1rd forint) 2012-ben, ami t\u00f6bb mint 24 sz\u00e1zal\u00e9kos n\u00f6veked\u00e9s a megel\u0151z\u0151 \u00e9vhez k\u00e9pest &#8211; k\u00f6z\u00f6lte a Nemzetgazdas\u00e1gi Miniszt\u00e9rium (NGM) kedden.<!--more--><\/strong><\/p>\n<p>Az import \u00e9rt\u00e9ke 16 sz\u00e1zal\u00e9kkal n\u0151tt, mintegy 163 milli\u00f3 doll\u00e1r volt tavaly a t\u00e1rca MTI-hez eljuttatott k\u00f6zlem\u00e9nye szerint.<br \/>\nA b\u0151v\u00fcl\u00e9s az idei els\u0151 \u00f6t h\u00f3napban is folytat\u00f3dott, a magyar export tov\u00e1bbi 40 sz\u00e1zal\u00e9kkal n\u0151tt az egy \u00e9vvel kor\u00e1bban m\u00e9rthez k\u00e9pest, f\u0151k\u00e9nt a brazil piacon egyre nagyobb sz\u00e1mban jelenl\u00e9v\u0151 hazai kis- \u00e9s k\u00f6z\u00e9pv\u00e1llalkoz\u00e1soknak k\u00f6sz\u00f6nhet\u0151en. A dinamikusan fejl\u0151d\u0151 kapcsolatok hozz\u00e1j\u00e1rulhatnak ahhoz, hogy a k\u00e9toldal\u00fa kereskedelmi forgalom 2015-re el\u00e9rje az egymilli\u00e1rd doll\u00e1rt\u00a0\u00a0&#8211; k\u00f6z\u00f6lte az NGM.<br \/>\nA test\u00fclet m\u00e1sodik, keddi budapesti \u00fcl\u00e9s\u00e9n egyebek mellett a kereskedelem-fejleszt\u00e9s, a befektet\u00e9s-\u00f6szt\u00f6nz\u00e9s, az innov\u00e1ci\u00f3, az oktat\u00e1s \u00e9s a kult\u00fara volt napirenden &#8211; k\u00f6z\u00f6lte a miniszt\u00e9rium. A bizotts\u00e1g brazil t\u00e1rseln\u00f6k\u00e9t, Hadil Fontes da Rocha Vianna k\u00fcl\u00fcgyminiszt\u00e9riumi helyettes \u00e1llamtitk\u00e1rt fogadta a magyar t\u00e1rseln\u00f6k, Szatm\u00e1ry Krist\u00f3f, az NGM gazdas\u00e1gszab\u00e1lyoz\u00e1s\u00e9rt felel\u0151s \u00e1llamtitk\u00e1ra.<br \/>\nA t\u00e1rca t\u00e1j\u00e9koztat\u00e1sa szerint az \u00fcl\u00e9shez kapcsol\u00f3d\u00f3an t\u00f6bb egy\u00fcttm\u0171k\u00f6d\u00e9si meg\u00e1llapod\u00e1st is al\u00e1\u00edrtak. A Vid\u00e9kfejleszt\u00e9si Miniszt\u00e9rium \u00e9s a brazil Hal\u00e1szati Miniszt\u00e9rium halgazd\u00e1lkod\u00e1si egy\u00fcttm\u0171k\u00f6d\u00e9sr\u0151l sz\u00f3l\u00f3 sz\u00e1nd\u00e9knyilatkozatot, az Eximbank, a Budapesti Kereskedelmi \u00e9s Iparkamara, valamint a Nemzeti K\u00fclgazdas\u00e1gi Hivatal pedig az \u00fczleti kapcsolatok er\u0151s\u00edt\u00e9se \u00e9rdek\u00e9ben egy\u00fcttm\u0171k\u00f6d\u00e9si meg\u00e1llapod\u00e1st \u00edrt al\u00e1 a Brazil-Magyar Kereskedelmi \u00e9s Iparkamar\u00e1val.<br \/>\nAz \u00fcl\u00e9s alatt folytatott t\u00e1rgyal\u00e1sok alapj\u00e1n tov\u00e1bbi egy\u00fcttm\u0171k\u00f6d\u00e9si ter\u00fcletek k\u00f6rvonalaz\u00f3dtak a hadiipar, illetve a mez\u0151gazdas\u00e1g ter\u00fclet\u00e9n.<br \/>\nHossz\u00fat\u00e1von a k\u00e9t orsz\u00e1g k\u00f6z\u00f6tti kapcsolat meghat\u00e1roz\u00f3 eleme az oktat\u00e1si egy\u00fcttm\u0171k\u00f6d\u00e9s. Id\u00e9n 450 brazil di\u00e1k kezdi meg tanulm\u00e1nyait magyar fels\u0151oktat\u00e1si int\u00e9zm\u00e9nyekben, a &#8222;Tudom\u00e1ny Hat\u00e1rok N\u00e9lk\u00fcl&#8221; brazil \u00f6szt\u00f6nd\u00edjas program keret\u00e9ben. A program a brazil \u00e1llam \u00e1ltal t\u00e1mogatott \u00f6szt\u00f6nd\u00edj lehet\u0151s\u00e9g, amely a term\u00e9szet-, m\u00e9rn\u00f6k-, eg\u00e9szs\u00e9g- \u00e9s informatikatudom\u00e1nyok ter\u00fclet\u00e9n tanul\u00f3 brazil di\u00e1koknak teszi lehet\u0151v\u00e9, hogy egy \u00e9vet k\u00fclf\u00f6ldi egyetemen t\u00f6ltsenek. A programhoz Magyarorsz\u00e1g tavaly csatlakozott, els\u0151k\u00e9nt a k\u00f6z\u00e9p-eur\u00f3pai orsz\u00e1gok k\u00f6z\u00fcl &#8211; \u00e1ll a k\u00f6zlem\u00e9nyben.(MTI)<\/p>\n","protected":false},"excerpt":{"rendered":"<p>Kiemelked\u0151 \u00fctemben emelkedett a Braz\u00edli\u00e1ba ir\u00e1nyul\u00f3 magyar kivitel a Magyar-Brazil Gazdas\u00e1gi Egy\u00fcttm\u0171k\u00f6d\u00e9si Vegyes Bizotts\u00e1g tavalyi megalakul\u00e1sa \u00f3ta, az export csaknem el\u00e9rte a 328 milli\u00f3 doll\u00e1rt (74 milli\u00e1rd forint) 2012-ben, ami t\u00f6bb mint 24 sz\u00e1zal\u00e9kos n\u00f6veked\u00e9s a megel\u0151z\u0151 \u00e9vhez k\u00e9pest &#8211; k\u00f6z\u00f6lte a Nemzetgazdas\u00e1gi Miniszt\u00e9rium (NGM) kedden.<\/p>\n","protected":false},"author":1,"featured_media":0,"comment_status":"open","ping_status":"closed","sticky":false,"template":"","format":"standard","meta":[],"categories":[19],"tags":[],"_links":{"self":[{"href":"https:\/\/gazdasagportal.hu\/index.php\/wp-json\/wp\/v2\/posts\/15690"}],"collection":[{"href":"https:\/\/gazdasagportal.hu\/index.php\/wp-json\/wp\/v2\/posts"}],"about":[{"href":"https:\/\/gazdasagportal.hu\/index.php\/wp-json\/wp\/v2\/types\/post"}],"author":[{"embeddable":true,"href":"https:\/\/gazdasagportal.hu\/index.php\/wp-json\/wp\/v2\/users\/1"}],"replies":[{"embeddable":true,"href":"https:\/\/gazdasagportal.hu\/index.php\/wp-json\/wp\/v2\/comments?post=15690"}],"version-history":[{"count":3,"href":"https:\/\/gazdasagportal.hu\/index.php\/wp-json\/wp\/v2\/posts\/15690\/revisions"}],"predecessor-version":[{"id":15692,"href":"https:\/\/gazdasagportal.hu\/index.php\/wp-json\/wp\/v2\/posts\/15690\/revisions\/15692"}],"wp:attachment":[{"href":"https:\/\/gazdasagportal.hu\/index.php\/wp-json\/wp\/v2\/media?parent=15690"}],"wp:term":[{"taxonomy":"category","embeddable":true,"href":"https:\/\/gazdasagportal.hu\/index.php\/wp-json\/wp\/v2\/categories?post=15690"},{"taxonomy":"post_tag","embeddable":true,"href":"https:\/\/gazdasagportal.hu\/index.php\/wp-json\/wp\/v2\/tags?post=15690"}],"curies":[{"name":"wp","href":"https:\/\/api.w.org\/{rel}","templated":true}]}}