{"id":15661,"date":"2013-09-03T10:46:17","date_gmt":"2013-09-03T08:46:17","guid":{"rendered":"http:\/\/stockportal.hu\/?p=15661"},"modified":"2013-09-03T10:46:17","modified_gmt":"2013-09-03T08:46:17","slug":"sziriai-polgarhaboru-kozelithet-a-halottak-szama-a-fel-milliohoz","status":"publish","type":"post","link":"https:\/\/gazdasagportal.hu\/index.php\/sziriai-polgarhaboru-kozelithet-a-halottak-szama-a-fel-milliohoz\/","title":{"rendered":"Sz\u00edriai polg\u00e1rh\u00e1bor\u00fa &#8211; K\u00f6zelithet a halottak sz\u00e1ma a f\u00e9l milli\u00f3hoz"},"content":{"rendered":"<p><strong>Sz\u00edriai emberi jogi aktivista szerint 300-500 ezer k\u00f6z\u00f6tt lehet a halottak sz\u00e1ma.<\/strong><\/p>\n<p><strong>&#8222;A sz\u00edriai h\u00e1bor\u00fa civil halottainak a hivatalos sz\u00e1ma jelenleg 105 ezer, de \u00fagy v\u00e9lj\u00fck, ez a sz\u00e1m m\u00e1r f\u00e9lmilli\u00f3n\u00e1l j\u00e1rhat. Ha csak a Szabad Sz\u00edriai Hadseregnek \u00e9s Bass\u00e1r el-Aszad eln\u00f6k csapatainak elesett katon\u00e1it sz\u00e1moljuk is hozz\u00e1, akkor is m\u00e1r legal\u00e1bb 300 ezer halottr\u00f3l besz\u00e9lhet\u00fcnk jelenleg&#8221; &#8211; mondta el a M\u00e1\u00e1riv c\u00edm\u0171 izraeli lapban kedden megjelent \u00e1ll\u00e1sfoglal\u00e1s\u00e1ban Abu Abd el-Sami sz\u00edriai emberi jogi szak\u00e9rt\u0151.<!--more--><\/strong><\/p>\n<p>Abu Abd el-Sami munkat\u00e1rsai naponta \u00f6sszegy\u0171jtik az \u00e1ldozatok, az elt\u0171ntek \u00e9s a beb\u00f6rt\u00f6n\u00f6z\u00f6ttek nev\u00e9t eg\u00e9sz Sz\u00edri\u00e1ban. Adataik szerint Sz\u00edri\u00e1ban m\u00e1r &#8222;k\u00e9tsz\u00e1zezer k\u00f6r\u00fcl van azok sz\u00e1ma, akik elt\u0171ntek vagy akiket elfogtak. Rajtuk k\u00edv\u00fcl negyedmilli\u00f3 &#8211; biztons\u00e1gi \u0151rizet al\u00e1 helyezett &#8211; rabr\u00f3l is tudunk&#8221;.<br \/>\nAbu Abd el-Sami, a Sz\u00edriai Emberi Jogi Liga k\u00fclf\u00f6ld\u00f6n \u00e9l\u0151 egykori vezet\u0151je beavatkoz\u00e1st s\u00fcrget Bass\u00e1r el-Aszad sz\u00edriai eln\u00f6k ellen. A sz\u00edriai polg\u00e1rjogi aktivist\u00e1k \u00e1ltal az ENSZ-nek \u00e1tadott besz\u00e1mol\u00f3k szerint a b\u00f6rt\u00f6n\u00f6kben hihetetlen k\u00ednz\u00e1sok &#8211; k\u00f6r\u00f6mkit\u00e9p\u00e9s, elektromos sokkol\u00e1s, karjukn\u00e1l t\u00f6rt\u00e9n\u0151 eg\u00e9sz napos felakaszt\u00e1sok &#8211; folynak, \u00e9s rettenetesek a k\u00f6r\u00fclm\u00e9nyek: a rabok nagy r\u00e9sze gy\u00f3gyszerek \u00e9s orvosi kezel\u00e9s hi\u00e1ny\u00e1ban hal meg. \u00a0\u00a0\u00a0\u00a0A napi fejadag egy szelet keny\u00e9r, \u00e9s n\u00e9gy emberre jut egy f\u0151tt toj\u00e1s. \u201eAz emberis\u00e9g sz\u00e9gyene az, ami Sz\u00edri\u00e1ban t\u00f6rt\u00e9nt. Hatalmas megd\u00f6bben\u00e9st kelt majd, amikor kider\u00fcl, hogy mi minden t\u00f6rt\u00e9nt a b\u00f6rt\u00f6n\u00f6kben, hogy h\u00e1ny holttestet temettek t\u00f6megs\u00edrokba&#8221; &#8211; j\u00f3solta az emberi jogi szak\u00e9rt\u0151. \u00a0\u00a0\u00a0\u00a0\u201eEz nem nemzeti, hanem egy barb\u00e1r sereg\u201d- v\u00e9lte Abu Abd el-Sami az izraeli lapban. \u201e\u00c9s m\u00e1r t\u00f6bb mint harminc h\u00f3napja folyik mindez a vil\u00e1g hallgat\u00e1sa mellett. A Szabad Sz\u00edriai Hadseregnek ma hetvenezer katon\u00e1ja van, akiknek a t\u00f6bbs\u00e9ge Aszad sereg\u00e9b\u0151l \u00e1llt \u00e1t. De senki nem l\u00e1tja el \u0151ket fegyverekkel, hogy kiegyenl\u00edthess\u00e9k az er\u0151viszonyokat Aszad egys\u00e9geihez m\u00e9rten. A Szabad Sz\u00edriai Hadsereg m\u00e9gis az orsz\u00e1g hetven sz\u00e1zal\u00e9k\u00e1t uralja.\u201d \u00a0\u00a0\u00a0\u00a0El-Sami szerint messze m\u00e9g a h\u00e1bor\u00fa v\u00e9ge az er\u0151k egyenl\u0151tlens\u00e9ge miatt, de hisz benne, hogy el\u0151bb-ut\u00f3bb sor ker\u00fcl az amerikai t\u00e1mad\u00e1sra. \u201eAzt hiszem, Obama v\u00e9g\u00fcl t\u00e1madni fog, mert m\u00e1r nem tud visszat\u00e1ncolni. Ha megtenn\u00e9, \u00fagy t\u0171nne, hogy becsapta a sz\u00edriai n\u00e9pet. S\u0151t tudja, hogy az Aszad \u00e1ltal n\u00e9pe ellen bevetett vegyi fegyver k\u00f6nnyen felhaszn\u00e1lhat\u00f3 Sz\u00edria szomsz\u00e9dai: Izrael, Jord\u00e1nia \u00e9s Libanon ellen is\u201d- mondta. \u00a0\u00a0 Abu Abd el-Samik a a Bass\u00e1r el-Aszad elleni felkel\u00e9sig a Sz\u00edriai Ember Jogi Liga vezet\u0151je volt, aki adatokkal \u00e9s friss besz\u00e1mol\u00f3kkal l\u00e1tta el az ENSZ-t. Haz\u00e1j\u00e1ban elfogt\u00e1k, beb\u00f6rt\u00f6n\u00f6zt\u00e9k \u00e9s megk\u00ednozt\u00e1k, majd szabadul\u00e1sa ut\u00e1n egy arab orsz\u00e1gban kapott politikai mened\u00e9kjogot, onnan besz\u00e9lt telefonon a M\u00e1\u00e1riv \u00fajs\u00e1g\u00edr\u00f3j\u00e1val. Hazai kapcsolatai r\u00e9v\u00e9n tov\u00e1bbra is rendszeresen naprak\u00e9sz inform\u00e1ci\u00f3khoz jut, amelyeket a nemzetk\u00f6zi szervezetekhez tov\u00e1bb\u00edt. (MTI)<\/p><div id=\"gazda-2436462618\" class=\"gazda-tartalomban gazda-entity-placement\"><script async src=\"https:\/\/pagead2.googlesyndication.com\/pagead\/js\/adsbygoogle.js\"><\/script>\r\n<ins class=\"adsbygoogle\"\r\n     style=\"display:block\"\r\n     data-ad-format=\"fluid\"\r\n     data-ad-layout-key=\"-6t+ed+2i-1n-4w\"\r\n     data-ad-client=\"ca-pub-1959107119989764\"\r\n     data-ad-slot=\"4008251320\"><\/ins>\r\n<script>\r\n     (adsbygoogle = window.adsbygoogle || []).push({});\r\n<\/script><\/div>\n","protected":false},"excerpt":{"rendered":"<p>Sz\u00edriai emberi jogi aktivista szerint 300-500 ezer k\u00f6z\u00f6tt lehet a halottak sz\u00e1ma. &#8222;A sz\u00edriai h\u00e1bor\u00fa civil halottainak a hivatalos sz\u00e1ma jelenleg 105 ezer, de \u00fagy v\u00e9lj\u00fck, ez a sz\u00e1m m\u00e1r f\u00e9lmilli\u00f3n\u00e1l j\u00e1rhat. Ha csak a Szabad Sz\u00edriai Hadseregnek \u00e9s Bass\u00e1r el-Aszad eln\u00f6k csapatainak elesett katon\u00e1it sz\u00e1moljuk is hozz\u00e1, akkor is m\u00e1r legal\u00e1bb 300 ezer halottr\u00f3l &#8230;<\/p>\n","protected":false},"author":1,"featured_media":0,"comment_status":"open","ping_status":"closed","sticky":false,"template":"","format":"standard","meta":[],"categories":[16,116],"tags":[],"_links":{"self":[{"href":"https:\/\/gazdasagportal.hu\/index.php\/wp-json\/wp\/v2\/posts\/15661"}],"collection":[{"href":"https:\/\/gazdasagportal.hu\/index.php\/wp-json\/wp\/v2\/posts"}],"about":[{"href":"https:\/\/gazdasagportal.hu\/index.php\/wp-json\/wp\/v2\/types\/post"}],"author":[{"embeddable":true,"href":"https:\/\/gazdasagportal.hu\/index.php\/wp-json\/wp\/v2\/users\/1"}],"replies":[{"embeddable":true,"href":"https:\/\/gazdasagportal.hu\/index.php\/wp-json\/wp\/v2\/comments?post=15661"}],"version-history":[{"count":2,"href":"https:\/\/gazdasagportal.hu\/index.php\/wp-json\/wp\/v2\/posts\/15661\/revisions"}],"predecessor-version":[{"id":15663,"href":"https:\/\/gazdasagportal.hu\/index.php\/wp-json\/wp\/v2\/posts\/15661\/revisions\/15663"}],"wp:attachment":[{"href":"https:\/\/gazdasagportal.hu\/index.php\/wp-json\/wp\/v2\/media?parent=15661"}],"wp:term":[{"taxonomy":"category","embeddable":true,"href":"https:\/\/gazdasagportal.hu\/index.php\/wp-json\/wp\/v2\/categories?post=15661"},{"taxonomy":"post_tag","embeddable":true,"href":"https:\/\/gazdasagportal.hu\/index.php\/wp-json\/wp\/v2\/tags?post=15661"}],"curies":[{"name":"wp","href":"https:\/\/api.w.org\/{rel}","templated":true}]}}