{"id":15655,"date":"2013-09-03T10:28:34","date_gmt":"2013-09-03T08:28:34","guid":{"rendered":"http:\/\/stockportal.hu\/?p=15655"},"modified":"2013-09-03T10:28:34","modified_gmt":"2013-09-03T08:28:34","slug":"devizahitelek-72-oras-ehsegsztraj","status":"publish","type":"post","link":"https:\/\/gazdasagportal.hu\/index.php\/devizahitelek-72-oras-ehsegsztraj\/","title":{"rendered":"Devizahitelek &#8211; 72 \u00f3r\u00e1s \u00e9hs\u00e9gsztr\u00e1j"},"content":{"rendered":"<p><strong>A korm\u00e1nyf\u0151 h\u00e1za el\u0151tt kezdtek \u00e9hs\u00e9gsztr\u00e1jkot a devizak\u00e1rosultak k\u00e9pvisel\u0151i.<\/strong><\/p>\n<p><strong>Orb\u00e1n Viktor minisztereln\u00f6k budapesti h\u00e1za el\u0151tt kezdett 72 \u00f3r\u00e1s \u00e9hs\u00e9gsztr\u00e1jkot a devizak\u00e1rosultak 10 k\u00e9pvisel\u0151je kedd reggel.<!--more--><\/strong><\/p>\n<p>A tiltakoz\u00e1st szervez\u0151 Nem adom a h\u00e1zamat mozgalom sz\u00f3viv\u0151je, P\u00f3ka L\u00e1szl\u00f3 az \u00e9hs\u00e9gsztr\u00e1jk megkezd\u00e9se el\u0151tt elmondta, hogy a bankokt\u00f3l teljes k\u00e1rtalan\u00edt\u00e1st, a v\u00e9grehajt\u00e1si elj\u00e1r\u00e1sok azonnali le\u00e1ll\u00edt\u00e1s\u00e1t \u00e9s felel\u0151ss\u00e9gre von\u00e1st k\u00f6vetelnek.<br \/>\nHozz\u00e1tette: nem t\u00e1mogatj\u00e1k a korm\u00e1ny \u00e9s a banksz\u00f6vets\u00e9g k\u00f6z\u00f6tti, a devizak\u00e1rosultak seg\u00edt\u00e9s\u00e9t c\u00e9lz\u00f3 t\u00e1rgyal\u00e1sokat, mert \u00e1ll\u00e1spontja szerint az csak a bankokat menten\u00e9 meg k\u00f6lts\u00e9gvet\u00e9si forr\u00e1sokb\u00f3l.<br \/>\nOrb\u00e1n Viktor budai h\u00e1z\u00e1t civil- \u00e9s egyenruh\u00e1s rend\u0151r\u00f6k \u0151rzik, de az utc\u00e1t nem z\u00e1rt\u00e1k le a forgalom el\u0151l.(MTI)<\/p><div id=\"gazda-3702915352\" class=\"gazda-tartalomban gazda-entity-placement\"><script async src=\"https:\/\/pagead2.googlesyndication.com\/pagead\/js\/adsbygoogle.js\"><\/script>\r\n<ins class=\"adsbygoogle\"\r\n     style=\"display:block\"\r\n     data-ad-format=\"fluid\"\r\n     data-ad-layout-key=\"-6t+ed+2i-1n-4w\"\r\n     data-ad-client=\"ca-pub-1959107119989764\"\r\n     data-ad-slot=\"4008251320\"><\/ins>\r\n<script>\r\n     (adsbygoogle = window.adsbygoogle || []).push({});\r\n<\/script><\/div>\n<p>&nbsp;<\/p>\n<p>&nbsp;<\/p>\n","protected":false},"excerpt":{"rendered":"<p>A korm\u00e1nyf\u0151 h\u00e1za el\u0151tt kezdtek \u00e9hs\u00e9gsztr\u00e1jkot a devizak\u00e1rosultak k\u00e9pvisel\u0151i. Orb\u00e1n Viktor minisztereln\u00f6k budapesti h\u00e1za el\u0151tt kezdett 72 \u00f3r\u00e1s \u00e9hs\u00e9gsztr\u00e1jkot a devizak\u00e1rosultak 10 k\u00e9pvisel\u0151je kedd reggel.<\/p>\n","protected":false},"author":1,"featured_media":0,"comment_status":"open","ping_status":"closed","sticky":false,"template":"","format":"standard","meta":[],"categories":[19,112],"tags":[],"_links":{"self":[{"href":"https:\/\/gazdasagportal.hu\/index.php\/wp-json\/wp\/v2\/posts\/15655"}],"collection":[{"href":"https:\/\/gazdasagportal.hu\/index.php\/wp-json\/wp\/v2\/posts"}],"about":[{"href":"https:\/\/gazdasagportal.hu\/index.php\/wp-json\/wp\/v2\/types\/post"}],"author":[{"embeddable":true,"href":"https:\/\/gazdasagportal.hu\/index.php\/wp-json\/wp\/v2\/users\/1"}],"replies":[{"embeddable":true,"href":"https:\/\/gazdasagportal.hu\/index.php\/wp-json\/wp\/v2\/comments?post=15655"}],"version-history":[{"count":2,"href":"https:\/\/gazdasagportal.hu\/index.php\/wp-json\/wp\/v2\/posts\/15655\/revisions"}],"predecessor-version":[{"id":15657,"href":"https:\/\/gazdasagportal.hu\/index.php\/wp-json\/wp\/v2\/posts\/15655\/revisions\/15657"}],"wp:attachment":[{"href":"https:\/\/gazdasagportal.hu\/index.php\/wp-json\/wp\/v2\/media?parent=15655"}],"wp:term":[{"taxonomy":"category","embeddable":true,"href":"https:\/\/gazdasagportal.hu\/index.php\/wp-json\/wp\/v2\/categories?post=15655"},{"taxonomy":"post_tag","embeddable":true,"href":"https:\/\/gazdasagportal.hu\/index.php\/wp-json\/wp\/v2\/tags?post=15655"}],"curies":[{"name":"wp","href":"https:\/\/api.w.org\/{rel}","templated":true}]}}