{"id":15651,"date":"2013-09-03T10:36:42","date_gmt":"2013-09-03T08:36:42","guid":{"rendered":"http:\/\/stockportal.hu\/?p=15651"},"modified":"2013-09-03T10:36:51","modified_gmt":"2013-09-03T08:36:51","slug":"sziriai-polgarhaboru-negyszaz-ukran-maradt-meg-az-arab-orszagban","status":"publish","type":"post","link":"https:\/\/gazdasagportal.hu\/index.php\/sziriai-polgarhaboru-negyszaz-ukran-maradt-meg-az-arab-orszagban\/","title":{"rendered":"Sz\u00edriai polg\u00e1rh\u00e1bor\u00fa &#8211; N\u00e9gysz\u00e1z ukr\u00e1n maradt m\u00e9g az arab orsz\u00e1gban"},"content":{"rendered":"<p><strong>N\u00e9gysz\u00e1z ukr\u00e1n \u00e1llampolg\u00e1r tart\u00f3zkodik m\u00e9g mindig Sz\u00edri\u00e1ban &#8211; hozta nyilv\u00e1noss\u00e1gra kedden Leonyid Kozsara ukr\u00e1n k\u00fcl\u00fcgyminiszter egy telev\u00edzi\u00f3s interj\u00faban.<!--more--><\/strong><\/p>\n<p>Az ukr\u00e1n diplom\u00e1cia vezet\u0151je kijelentette, hogy folyamatosan zajlik az ukr\u00e1n \u00e1llampolg\u00e1rok evaku\u00e1l\u00e1sa. &#8222;A v\u00e1ls\u00e1g kezdete \u00f3ta 700 ukr\u00e1nt evaku\u00e1ltak Sz\u00edri\u00e1b\u00f3l, 400-an azonban k\u00fcl\u00f6nb\u00f6z\u0151 okok miatt m\u00e9g mindig ott maradtak, annak ellen\u00e9re, hogy tudnak az orsz\u00e1g elhagy\u00e1s\u00e1hoz biztos\u00edtott seg\u00edts\u00e9gr\u0151l&#8221; &#8211; mondta a miniszter.<br \/>\nA m\u00falt h\u00e9ten a k\u00fcl\u00fcgyminiszt\u00e9rium az arab orsz\u00e1g &#8222;k\u00f6r\u00fcl kialakult fesz\u00fclt helyzetre&#8221; hivatkozva nyomat\u00e9kosan k\u00e9rte az ukr\u00e1n \u00e1llampolg\u00e1rokat, hogy ne utazzanak Sz\u00edri\u00e1ba, az ott tart\u00f3zkod\u00f3k pedig arra biztatta, hogy mihamarabb hagyj\u00e1k el az arab orsz\u00e1got. Viktor Janukovics ukr\u00e1n eln\u00f6k pedig egy t\u00e9v\u00e9interj\u00faban lesz\u00f6gezte, hogy orsz\u00e1ga ellenzi a katonai beavatkoz\u00e1st Sz\u00edri\u00e1ban.(MTI)<\/p>\n","protected":false},"excerpt":{"rendered":"<p>N\u00e9gysz\u00e1z ukr\u00e1n \u00e1llampolg\u00e1r tart\u00f3zkodik m\u00e9g mindig Sz\u00edri\u00e1ban &#8211; hozta nyilv\u00e1noss\u00e1gra kedden Leonyid Kozsara ukr\u00e1n k\u00fcl\u00fcgyminiszter egy telev\u00edzi\u00f3s interj\u00faban.<\/p>\n","protected":false},"author":1,"featured_media":0,"comment_status":"open","ping_status":"closed","sticky":false,"template":"","format":"standard","meta":[],"categories":[16,116],"tags":[],"_links":{"self":[{"href":"https:\/\/gazdasagportal.hu\/index.php\/wp-json\/wp\/v2\/posts\/15651"}],"collection":[{"href":"https:\/\/gazdasagportal.hu\/index.php\/wp-json\/wp\/v2\/posts"}],"about":[{"href":"https:\/\/gazdasagportal.hu\/index.php\/wp-json\/wp\/v2\/types\/post"}],"author":[{"embeddable":true,"href":"https:\/\/gazdasagportal.hu\/index.php\/wp-json\/wp\/v2\/users\/1"}],"replies":[{"embeddable":true,"href":"https:\/\/gazdasagportal.hu\/index.php\/wp-json\/wp\/v2\/comments?post=15651"}],"version-history":[{"count":3,"href":"https:\/\/gazdasagportal.hu\/index.php\/wp-json\/wp\/v2\/posts\/15651\/revisions"}],"predecessor-version":[{"id":15654,"href":"https:\/\/gazdasagportal.hu\/index.php\/wp-json\/wp\/v2\/posts\/15651\/revisions\/15654"}],"wp:attachment":[{"href":"https:\/\/gazdasagportal.hu\/index.php\/wp-json\/wp\/v2\/media?parent=15651"}],"wp:term":[{"taxonomy":"category","embeddable":true,"href":"https:\/\/gazdasagportal.hu\/index.php\/wp-json\/wp\/v2\/categories?post=15651"},{"taxonomy":"post_tag","embeddable":true,"href":"https:\/\/gazdasagportal.hu\/index.php\/wp-json\/wp\/v2\/tags?post=15651"}],"curies":[{"name":"wp","href":"https:\/\/api.w.org\/{rel}","templated":true}]}}