{"id":15648,"date":"2013-09-03T10:07:12","date_gmt":"2013-09-03T08:07:12","guid":{"rendered":"http:\/\/stockportal.hu\/?p=15648"},"modified":"2013-09-03T10:07:21","modified_gmt":"2013-09-03T08:07:21","slug":"kikerult-a-recessziobol-a-cseh-gazdasag","status":"publish","type":"post","link":"https:\/\/gazdasagportal.hu\/index.php\/kikerult-a-recessziobol-a-cseh-gazdasag\/","title":{"rendered":"Kiker\u00fclt a recesszi\u00f3b\u00f3l a cseh gazdas\u00e1g"},"content":{"rendered":"<p><strong>Kiker\u00fclt a recesszi\u00f3b\u00f3l a cseh gazdas\u00e1g: m\u00e1sf\u00e9l \u00e9ves cs\u00f6kken\u00e9s ut\u00e1n ugyanis az idei m\u00e1sodik negyed\u00e9vben az els\u0151 h\u00e1rom h\u00f3naphoz viszony\u00edtva 0,6 sz\u00e1zal\u00e9kkal n\u0151tt a brutt\u00f3 hazai term\u00e9k (GDP) &#8211; k\u00f6z\u00f6lte a cseh statisztikai hivatal kedden.<!--more--><\/strong><\/p>\n<p>A statisztikai hivatal pontos\u00edtott adata 0,1 sz\u00e1zal\u00e9kkal alacsonyabb, mint a kor\u00e1bban nyilv\u00e1noss\u00e1gra hozott el\u0151zetes n\u00f6veked\u00e9si adat.<br \/>\n\u00c9ves szinten a GDP 1,3 sz\u00e1zal\u00e9kkal esett vissza a m\u00e1sodik negyed\u00e9vben. Az el\u0151zetes adat 1,2 sz\u00e1zal\u00e9kos cs\u00f6kken\u00e9st jelzett. A kedden nyilv\u00e1noss\u00e1gra hozott sz\u00e1mok l\u00e9nyeg\u00e9ben megfelelnek az elemz\u0151k v\u00e1rakoz\u00e1sainak.<br \/>\nA fogyaszt\u00e1sra ford\u00edtott kiad\u00e1sok az \u00e1prilis-j\u00faniusi id\u0151szakban \u00e9ves szinten 0,8 sz\u00e1zal\u00e9kkal emelkedtek. A statisztikusok felh\u00edvt\u00e1k a figyelmet arra is, hogy ez els\u0151sorban a nagyon alacsony tavalyi b\u00e1zisnak k\u00f6sz\u00f6nhet\u0151. Az idei els\u0151 negyed\u00e9vhez hasonl\u00edtva azonban a fogyaszt\u00e1si kiad\u00e1sok f\u00e9l sz\u00e1zal\u00e9kkal cs\u00f6kkentek. A h\u00e1ztart\u00e1sok kiad\u00e1sai \u00e9ves szinten f\u00e9l sz\u00e1zal\u00e9kkal n\u00f6vekedtek. A csal\u00e1dok legink\u00e1bb tart\u00f3s fogyaszt\u00e1si cikkeket, lakberendez\u00e9si \u00e9s k\u00f6zleked\u00e9si eszk\u00f6z\u00f6ket v\u00e1s\u00e1roltak, ugyanakkor a napi fogyaszt\u00e1sra sz\u00e1nt kiad\u00e1sok alacsonyabbak voltak, mint a tavalyi \u00e9v hasonl\u00f3 id\u0151szak\u00e1ban.<br \/>\nFordulat \u00e1llt be a k\u00fclkereskedelemben, s annak hozz\u00e1j\u00e1rul\u00e1s\u00e1ban a GDP-hez. Az els\u0151 negyed\u00e9vi cs\u00f6kken\u00e9s ut\u00e1n a kivitel \u00e9rt\u00e9ke \u00e9ves szinten \u00fajra k\u00e9t sz\u00e1zal\u00e9kkal emelkedett, m\u00edg a behozatal\u00e9 f\u00e9l sz\u00e1zal\u00e9kkal.<br \/>\n&#8222;Foly\u00f3 \u00e1rakon sz\u00e1m\u00edtva a m\u00e1sodik negyed\u00e9vben a k\u00fclkereskedelem akt\u00edv m\u00e9rlege 20,1 milli\u00e1rd koron\u00e1r\u00f3l 66,2 milli\u00e1rd koron\u00e1ra emelkedett az els\u0151 negyed\u00e9vhez k\u00e9pest&#8221; &#8211; k\u00f6z\u00f6lte a statisztikai hivatal.(MTI)<\/p>\n","protected":false},"excerpt":{"rendered":"<p>Kiker\u00fclt a recesszi\u00f3b\u00f3l a cseh gazdas\u00e1g: m\u00e1sf\u00e9l \u00e9ves cs\u00f6kken\u00e9s ut\u00e1n ugyanis az idei m\u00e1sodik negyed\u00e9vben az els\u0151 h\u00e1rom h\u00f3naphoz viszony\u00edtva 0,6 sz\u00e1zal\u00e9kkal n\u0151tt a brutt\u00f3 hazai term\u00e9k (GDP) &#8211; k\u00f6z\u00f6lte a cseh statisztikai hivatal kedden.<\/p>\n","protected":false},"author":1,"featured_media":0,"comment_status":"open","ping_status":"closed","sticky":false,"template":"","format":"standard","meta":[],"categories":[12],"tags":[],"_links":{"self":[{"href":"https:\/\/gazdasagportal.hu\/index.php\/wp-json\/wp\/v2\/posts\/15648"}],"collection":[{"href":"https:\/\/gazdasagportal.hu\/index.php\/wp-json\/wp\/v2\/posts"}],"about":[{"href":"https:\/\/gazdasagportal.hu\/index.php\/wp-json\/wp\/v2\/types\/post"}],"author":[{"embeddable":true,"href":"https:\/\/gazdasagportal.hu\/index.php\/wp-json\/wp\/v2\/users\/1"}],"replies":[{"embeddable":true,"href":"https:\/\/gazdasagportal.hu\/index.php\/wp-json\/wp\/v2\/comments?post=15648"}],"version-history":[{"count":3,"href":"https:\/\/gazdasagportal.hu\/index.php\/wp-json\/wp\/v2\/posts\/15648\/revisions"}],"predecessor-version":[{"id":15650,"href":"https:\/\/gazdasagportal.hu\/index.php\/wp-json\/wp\/v2\/posts\/15648\/revisions\/15650"}],"wp:attachment":[{"href":"https:\/\/gazdasagportal.hu\/index.php\/wp-json\/wp\/v2\/media?parent=15648"}],"wp:term":[{"taxonomy":"category","embeddable":true,"href":"https:\/\/gazdasagportal.hu\/index.php\/wp-json\/wp\/v2\/categories?post=15648"},{"taxonomy":"post_tag","embeddable":true,"href":"https:\/\/gazdasagportal.hu\/index.php\/wp-json\/wp\/v2\/tags?post=15648"}],"curies":[{"name":"wp","href":"https:\/\/api.w.org\/{rel}","templated":true}]}}