{"id":15624,"date":"2013-09-03T09:37:33","date_gmt":"2013-09-03T07:37:33","guid":{"rendered":"http:\/\/stockportal.hu\/?p=15624"},"modified":"2013-09-03T09:38:14","modified_gmt":"2013-09-03T07:38:14","slug":"sziriai-polgarhaboru-az-egyesult-allamok-esetleges-sziriai-beavatkozasa-ellen-tuntettek-pragaban","status":"publish","type":"post","link":"https:\/\/gazdasagportal.hu\/index.php\/sziriai-polgarhaboru-az-egyesult-allamok-esetleges-sziriai-beavatkozasa-ellen-tuntettek-pragaban\/","title":{"rendered":"Sz\u00edriai polg\u00e1rh\u00e1bor\u00fa &#8211; Az Egyes\u00fclt \u00c1llamok esetleges sz\u00edriai beavatkoz\u00e1sa ellen t\u00fcntettek Pr\u00e1g\u00e1ban"},"content":{"rendered":"<p><strong>Az Egyes\u00fclt \u00c1llamok esetleges sz\u00edriai katonai beavatkoz\u00e1sa ellen t\u00fcntettek h\u00e9tf\u0151 este Pr\u00e1g\u00e1ban.<!--more--><\/strong><\/p>\n<p>Az amerikai nagyk\u00f6vets\u00e9g el\u0151tt megtartott egy \u00f3r\u00e1s t\u00fcntet\u00e9st a Cseh B\u00e9kemozgalom szervezte. Az akci\u00f3 t\u00f6bb tucatnyi r\u00e9sztvev\u0151je sz\u00edriai z\u00e1szl\u00f3kat \u00e9s Aszad-portr\u00e9kat lengetett, Amerika-ellenes jelszavakat &#8211; p\u00e9ld\u00e1ul B\u00e9k\u00e9t akarunk, nem h\u00e1bor\u00fat, Obama agresszor &#8211; skand\u00e1lt.<br \/>\n&#8222;Az ut\u00f3bbi napok azt jelzik, hogy az Egyes\u00fclt \u00c1llamok \u00e9s sz\u00f6vets\u00e9gesei val\u00f3ban t\u00e1mad\u00e1st k\u00e9sz\u00edtenek el\u0151 Sz\u00edriai ellen. Ez elfogadhatatlan, ez agresszi\u00f3&#8221; &#8211; jelentette ki Milan Krajca, a mozgalom egyik vezet\u0151je.<br \/>\n&#8222;Nem akarjuk, hogy Sz\u00edria m\u00e1sodik Afganiszt\u00e1nn\u00e1 v\u00e1ljon, nem akarjuk, hogy Sz\u00edri\u00e1ban is az t\u00f6rt\u00e9njen, ami Irakban&#8221; &#8211; fejtette ki Nizar Trabuls\u00ed, a Csehorsz\u00e1gban \u00e9l\u0151 sz\u00edriaiak k\u00f6z\u00f6ss\u00e9g\u00e9nek vezet\u0151je.<br \/>\n&#8222;Az\u00e9rt tal\u00e1lkoztunk az amerikai nagyk\u00f6vets\u00e9g el\u0151tt, hogy az amerikaiak tudt\u00e1ra adjuk: el a kezekkel Sz\u00edri\u00e1t\u00f3l!&#8221; &#8211; jelentette ki Marta Semelov\u00e1, kommunista parlamenti k\u00e9pvisel\u0151 a t\u00fcntet\u00e9sen.<br \/>\nVezet\u0151 cseh politikusok szint\u00e9n a b\u00e9k\u00e9s megold\u00e1s mellett \u00e9s a katonai beavatkoz\u00e1s ellen emeltek sz\u00f3t az ut\u00f3bbi napokban. Milos Zeman cseh \u00e1llamf\u0151 \u00e9s Karel Schwarzenberg volt cseh k\u00fcl\u00fcgyminiszter egyar\u00e1nt \u00fagy v\u00e9lekedett, hogy a katonai beavatkoz\u00e1s nem oldan\u00e1 meg a probl\u00e9m\u00e1kat.<br \/>\n&#8222;Att\u00f3l tartok, hogy a katonai beavatkoz\u00e1s nem old meg semmit. K\u00fcl\u00f6n\u00f6sen nem abban az esetben, ha arra az ENSZ beleegyez\u00e9se n\u00e9lk\u00fcl ker\u00fcl sor. Legink\u00e1bb att\u00f3l tartok, hogy a katonai beavatkoz\u00e1s h\u00edvei sem tudj\u00e1k megmondani, milyen eredm\u00e9nyt hozna a t\u00e1mad\u00e1s, s mi v\u00e1ltan\u00e1 fel Asszad eln\u00f6k rendszer\u00e9t&#8221; &#8211; mondta a k\u00f6zszolg\u00e1lati telev\u00edzi\u00f3ban Schwarzenberg.(MTI)<\/p>\n","protected":false},"excerpt":{"rendered":"<p>Az Egyes\u00fclt \u00c1llamok esetleges sz\u00edriai katonai beavatkoz\u00e1sa ellen t\u00fcntettek h\u00e9tf\u0151 este Pr\u00e1g\u00e1ban.<\/p>\n","protected":false},"author":1,"featured_media":0,"comment_status":"open","ping_status":"closed","sticky":false,"template":"","format":"standard","meta":[],"categories":[16,116],"tags":[],"_links":{"self":[{"href":"https:\/\/gazdasagportal.hu\/index.php\/wp-json\/wp\/v2\/posts\/15624"}],"collection":[{"href":"https:\/\/gazdasagportal.hu\/index.php\/wp-json\/wp\/v2\/posts"}],"about":[{"href":"https:\/\/gazdasagportal.hu\/index.php\/wp-json\/wp\/v2\/types\/post"}],"author":[{"embeddable":true,"href":"https:\/\/gazdasagportal.hu\/index.php\/wp-json\/wp\/v2\/users\/1"}],"replies":[{"embeddable":true,"href":"https:\/\/gazdasagportal.hu\/index.php\/wp-json\/wp\/v2\/comments?post=15624"}],"version-history":[{"count":2,"href":"https:\/\/gazdasagportal.hu\/index.php\/wp-json\/wp\/v2\/posts\/15624\/revisions"}],"predecessor-version":[{"id":15647,"href":"https:\/\/gazdasagportal.hu\/index.php\/wp-json\/wp\/v2\/posts\/15624\/revisions\/15647"}],"wp:attachment":[{"href":"https:\/\/gazdasagportal.hu\/index.php\/wp-json\/wp\/v2\/media?parent=15624"}],"wp:term":[{"taxonomy":"category","embeddable":true,"href":"https:\/\/gazdasagportal.hu\/index.php\/wp-json\/wp\/v2\/categories?post=15624"},{"taxonomy":"post_tag","embeddable":true,"href":"https:\/\/gazdasagportal.hu\/index.php\/wp-json\/wp\/v2\/tags?post=15624"}],"curies":[{"name":"wp","href":"https:\/\/api.w.org\/{rel}","templated":true}]}}