{"id":15435,"date":"2013-08-31T18:20:21","date_gmt":"2013-08-31T16:20:21","guid":{"rendered":"http:\/\/stockportal.hu\/?p=15435"},"modified":"2013-08-31T18:20:21","modified_gmt":"2013-08-31T16:20:21","slug":"sziria-az-orosz-allamfo-ketkedik-mert-szerinte-logikatlan-volt-abban-a-katonai-helyzetben-vegyifegyvert-bevetni","status":"publish","type":"post","link":"https:\/\/gazdasagportal.hu\/index.php\/sziria-az-orosz-allamfo-ketkedik-mert-szerinte-logikatlan-volt-abban-a-katonai-helyzetben-vegyifegyvert-bevetni\/","title":{"rendered":"Sz\u00edria &#8211; Az orosz \u00e1llamf\u0151 k\u00e9tkedik, mert szerinte logik\u00e1tlan volt abban a katonai helyzetben vegyifegyvert bevetni"},"content":{"rendered":"<p><strong>Putyin t\u00e1rgyalni akar Sz\u00edri\u00e1r\u00f3l a G20-as cs\u00facson<\/strong><\/p>\n<p><strong>Az orosz \u00e1llamf\u0151 szerint elk\u00e9peszt\u0151 ostobas\u00e1g lett volna a sz\u00edriai korm\u00e1ny r\u00e9sz\u00e9r\u0151l, hogy akkor vessen be vegyi fegyvert, amikor hadserege ellent\u00e1mad\u00e1sban van \u00e9s beker\u00edti az ellenz\u00e9ki er\u0151ket. Vlagyimir Putyin egyebek k\u00f6z\u00f6tt err\u0151l besz\u00e9lt szombaton vlagyivosztoki munkal\u00e1togat\u00e1s\u00e1n, \u00e9s kezdem\u00e9nyezte a sz\u00edriai v\u00e1ls\u00e1g megvitat\u00e1s\u00e1t a szentp\u00e9terv\u00e1ri G20-as cs\u00facstal\u00e1lkoz\u00f3n<!--more--><\/strong><\/p>\n<p>A damaszkuszi vezet\u00e9st \u00e9rt v\u00e1dakkal kapcsolatos k\u00e9telyeinek hangot adva Putyin megjegyezte, hogy \u00e9rtelmetlen lett volna &#8222;ilyen k\u00f6r\u00fclm\u00e9nyek k\u00f6zepette \u00fct\u0151k\u00e1rty\u00e1t adni azoknak a kez\u00e9be, akik folyamatosan k\u00fcls\u0151 katonai beavatkoz\u00e1st s\u00fcrgetnek&#8221;.<br \/>\nPutyin napok \u00f3ta nem nyilatkozott a sajt\u00f3nak a Sz\u00edria elleni lehets\u00e9ges nyugati katonai csap\u00e1s \u00fcgy\u00e9ben, ugyanakkor a h\u00e9ten Angela Merkel n\u00e9met kancell\u00e1rral \u00e9s Haszan R\u00f3h\u00e1ni ir\u00e1ni eln\u00f6kkel is telefonon egyeztetett a k\u00e9rd\u00e9sben.<br \/>\nAz orosz \u00e1llamf\u0151 azt rem\u00e9lte, hogy a G20-as csoport j\u00f6v\u0151 cs\u00fct\u00f6rt\u00f6k\u00f6n kezd\u0151d\u0151 szentp\u00e9terv\u00e1ri cs\u00facstal\u00e1lkoz\u00f3j\u00e1n tal\u00e1lkozhat Barack Obama amerikai eln\u00f6kkel, \u00e9s vele, valamint a f\u00f3rum t\u00f6bbi r\u00e9sztvev\u0151j\u00e9vel megvitathatj\u00e1k a sz\u00edriai helyzetet.<br \/>\n&#8222;Hogy mit is mondan\u00e9k neki (Barack Obam\u00e1nak)? Nem is tudom. Els\u0151sorban nem mint koll\u00e9g\u00e1mhoz, nem mint az Egyes\u00fclt \u00c1llamok eln\u00f6k\u00e9hez, nem mint \u00e1llamf\u0151h\u00f6z, hanem mint Nobel-b\u00e9ked\u00edjashoz forduln\u00e9k&#8221; &#8211; mondta az orosz eln\u00f6k arra a k\u00e9rd\u00e9sre, mir\u0151l besz\u00e9lne az amerikai eln\u00f6kkel. Putyin nem vette fel Obam\u00e1val a kapcsolatot az\u00f3ta, hogy felmer\u00fcltek a vegyi fegyver bevet\u00e9s\u00e9vel kapcsolatos \u00fajabb v\u00e1dak a sz\u00edriai vezet\u00e9s ellen.<br \/>\nAz orosz politikus elismerte, hogy a G20-as csoportnak nincs jogi st\u00e1tusa, \u00e9s nem helyettes\u00edtheti az ENSZ Biztons\u00e1gi Tan\u00e1cs\u00e1t, amely d\u00f6nt\u00e9st hozhat a Sz\u00edria elleni er\u0151szak alkalmaz\u00e1s\u00e1r\u00f3l, de a szervezet szerinte alkalmas arra, hogy a probl\u00e9m\u00e1kat megvitass\u00e1k a cs\u00facstal\u00e1lkoz\u00f3n.<br \/>\nOroszorsz\u00e1g t\u00f6lti be az eln\u00f6kl\u0151 orsz\u00e1g szerep\u00e9t a 19 legfejlettebb gazdas\u00e1g\u00fa orsz\u00e1g \u00e9s az Eur\u00f3pai Uni\u00f3t t\u00f6m\u00f6r\u00edt\u0151 G20-as csoportban.<br \/>\nPutyin szerint nem szabad elfelejteni, hogy az Egyes\u00fclt \u00c1llamok az ut\u00f3bbi \u00e9vtizedekben h\u00e1ny alkalommal kezdem\u00e9nyezett fegyveres \u00f6sszecsap\u00e1sokat a vil\u00e1g k\u00fcl\u00f6nb\u00f6z\u0151 r\u00e9gi\u00f3iban. &#8222;\u00c9s ez vajon megoldott egyetlen egy probl\u00e9m\u00e1t is?&#8221; &#8211; k\u00e9rdezte, \u00e9s Irakot, valamint Afganiszt\u00e1nt eml\u00edtette, ahol &#8222;sem nyugalom, sem demokr\u00e1cia nincs, amire partnereink t\u00f6rekedtek&#8221;. \u00dagy v\u00e9lte, hogy mindezt figyelembe kell venni, miel\u0151tt a bomb\u00e1z\u00e1sokr\u00f3l d\u00f6nt\u00e9st hoznak, amelyeknek a b\u00e9k\u00e9s lakosok is \u00e1ldozatul esnek.<br \/>\nVlagyimir Putyin szerint kritik\u00e1n aluliak \u00e9s m\u00e1s \u00e1llamokkal szemben tiszteletlenek azok a washingtoni nyilatkozatok, hogy a sz\u00edriai hatalom \u00e1ll\u00edt\u00f3lagos vegyifegyver-haszn\u00e1lat\u00e1r\u00f3l sz\u00f3l\u00f3 bizony\u00edt\u00e9kok titkosak. Az, hogy Washington nem akarja bemutatni a bizony\u00edt\u00e9kokat, azt jelenti, hogy azok nem is l\u00e9teznek &#8211; mondta az orosz \u00e1llamf\u0151. Arra sz\u00f3l\u00edtotta fel Washingtont, hogy t\u00e1rja azokat az ENSZ-ellen\u0151r\u00f6k \u00e9s a vil\u00e1gszervezet Biztons\u00e1gi Tan\u00e1csa el\u00e9.<br \/>\nAz orosz eln\u00f6k a Bass\u00e1r el-Aszad hatalma ellen Sz\u00edri\u00e1ban harcol\u00f3 fegyveres csoportokat v\u00e1dolta azzal, hogy a vegyi fegyvert bevetett\u00e9k \u00e9s ezzel a k\u00fcls\u0151 beavatkoz\u00e1st akart\u00e1k kier\u0151szakolni.<br \/>\nAz orosz \u00e1llamf\u0151t kimondottan meglepte a brit parlament katonai csap\u00e1st elutas\u00edt\u00f3 d\u00f6nt\u00e9se. Szerinte Londonban fel\u00fclkerekedett a j\u00f3zan \u00e9sz. Azt rem\u00e9lte, hogy ezek ut\u00e1n Washingtonban is &#8222;elemezni fogj\u00e1k a sz\u00edriai helyzetet&#8221;.(MTI)<\/p><div id=\"gazda-3482241098\" class=\"gazda-tartalomban gazda-entity-placement\"><script async src=\"https:\/\/pagead2.googlesyndication.com\/pagead\/js\/adsbygoogle.js\"><\/script>\r\n<ins class=\"adsbygoogle\"\r\n     style=\"display:block\"\r\n     data-ad-format=\"fluid\"\r\n     data-ad-layout-key=\"-6t+ed+2i-1n-4w\"\r\n     data-ad-client=\"ca-pub-1959107119989764\"\r\n     data-ad-slot=\"4008251320\"><\/ins>\r\n<script>\r\n     (adsbygoogle = window.adsbygoogle || []).push({});\r\n<\/script><\/div>\n","protected":false},"excerpt":{"rendered":"<p>Putyin t\u00e1rgyalni akar Sz\u00edri\u00e1r\u00f3l a G20-as cs\u00facson Az orosz \u00e1llamf\u0151 szerint elk\u00e9peszt\u0151 ostobas\u00e1g lett volna a sz\u00edriai korm\u00e1ny r\u00e9sz\u00e9r\u0151l, hogy akkor vessen be vegyi fegyvert, amikor hadserege ellent\u00e1mad\u00e1sban van \u00e9s beker\u00edti az ellenz\u00e9ki er\u0151ket. Vlagyimir Putyin egyebek k\u00f6z\u00f6tt err\u0151l besz\u00e9lt szombaton vlagyivosztoki munkal\u00e1togat\u00e1s\u00e1n, \u00e9s kezdem\u00e9nyezte a sz\u00edriai v\u00e1ls\u00e1g megvitat\u00e1s\u00e1t a szentp\u00e9terv\u00e1ri G20-as cs\u00facstal\u00e1lkoz\u00f3n<\/p>\n","protected":false},"author":1,"featured_media":0,"comment_status":"open","ping_status":"closed","sticky":false,"template":"","format":"standard","meta":[],"categories":[16,116],"tags":[],"_links":{"self":[{"href":"https:\/\/gazdasagportal.hu\/index.php\/wp-json\/wp\/v2\/posts\/15435"}],"collection":[{"href":"https:\/\/gazdasagportal.hu\/index.php\/wp-json\/wp\/v2\/posts"}],"about":[{"href":"https:\/\/gazdasagportal.hu\/index.php\/wp-json\/wp\/v2\/types\/post"}],"author":[{"embeddable":true,"href":"https:\/\/gazdasagportal.hu\/index.php\/wp-json\/wp\/v2\/users\/1"}],"replies":[{"embeddable":true,"href":"https:\/\/gazdasagportal.hu\/index.php\/wp-json\/wp\/v2\/comments?post=15435"}],"version-history":[{"count":2,"href":"https:\/\/gazdasagportal.hu\/index.php\/wp-json\/wp\/v2\/posts\/15435\/revisions"}],"predecessor-version":[{"id":15437,"href":"https:\/\/gazdasagportal.hu\/index.php\/wp-json\/wp\/v2\/posts\/15435\/revisions\/15437"}],"wp:attachment":[{"href":"https:\/\/gazdasagportal.hu\/index.php\/wp-json\/wp\/v2\/media?parent=15435"}],"wp:term":[{"taxonomy":"category","embeddable":true,"href":"https:\/\/gazdasagportal.hu\/index.php\/wp-json\/wp\/v2\/categories?post=15435"},{"taxonomy":"post_tag","embeddable":true,"href":"https:\/\/gazdasagportal.hu\/index.php\/wp-json\/wp\/v2\/tags?post=15435"}],"curies":[{"name":"wp","href":"https:\/\/api.w.org\/{rel}","templated":true}]}}