{"id":15431,"date":"2013-08-31T18:26:44","date_gmt":"2013-08-31T16:26:44","guid":{"rendered":"http:\/\/stockportal.hu\/?p=15431"},"modified":"2013-08-31T18:27:17","modified_gmt":"2013-08-31T16:27:17","slug":"sziria-heinz-fischer-osztrak-elnok-a-sziriai-helyzetre-nincsen-katonai-megoldas","status":"publish","type":"post","link":"https:\/\/gazdasagportal.hu\/index.php\/sziria-heinz-fischer-osztrak-elnok-a-sziriai-helyzetre-nincsen-katonai-megoldas\/","title":{"rendered":"Sz\u00edria &#8211; Heinz Fischer osztr\u00e1k eln\u00f6k: A sz\u00edriai helyzetre nincsen katonai megold\u00e1s."},"content":{"rendered":"<p><strong>Barroso szerint Sz\u00edria sz\u00e9gyenfolt a vil\u00e1g lelkiismeret\u00e9n<\/strong><\/p>\n<p><strong>Jos\u00e9 Manuel Barroso, az Eur\u00f3pai Bizotts\u00e1g eln\u00f6ke szerint Sz\u00edria sz\u00e9gyenfolt a vil\u00e1g lelkiismeret\u00e9n. Heinz Fischer osztr\u00e1k k\u00f6zt\u00e1rsas\u00e1gi eln\u00f6k nem hisz a sz\u00edriai v\u00e1ls\u00e1g katonai megold\u00e1s\u00e1ban.<!--more--><\/strong><\/p>\n<p>A sz\u00edriai helyzet arra eml\u00e9keztet minket, hogy a demokratikus alapelvek \u00e9s a jog\u00e1llamis\u00e1g m\u00f3dszeres semmibev\u00e9tele hogyan vezet v\u00e9g\u00fcl a biztons\u00e1g \u00f6sszeoml\u00e1s\u00e1hoz, ami valamennyi\u00fcnket s\u00fajt &#8211; hangoztatta Barroso szombaton az alpbachi Eur\u00f3pa-f\u00f3rumon. Hozz\u00e1tette: a legut\u00f3bbi fejlem\u00e9nyek meger\u0151s\u00edtett\u00e9k, hogy Sz\u00edria sz\u00e9gyenfolt a vil\u00e1g lelkiismeret\u00e9n. Vegyi fegyver bevet\u00e9se gyal\u00e1zatos b\u0171n \u00e9s a nemzetk\u00f6zi jog megs\u00e9rt\u00e9se, amelyet a leghat\u00e1rozottabban el kell \u00edt\u00e9lni &#8211; mondta.<br \/>\nAz arab tavasz megmutatta, milyen fontos, hogy az eur\u00f3paiak egys\u00e9gesen l\u00e9pjenek fel. A j\u00f6v\u0151 vil\u00e1g\u00e1nak biztos, hogy nem lesz olyan eur\u00f3pai kin\u00e9zete, mint a m\u00faltban &#8211; jegyezte meg besz\u00e9d\u00e9nek egy, az Eur\u00f3pai Bizotts\u00e1g \u00e1ltal Br\u00fcsszelben kiadott \u00e1tirata szerint.<br \/>\nEz sz\u00e1munkra azt jelenti, hogy m\u00e9g eur\u00f3paiabbnak kell lenn\u00fcnk, hogy tov\u00e1bbra is meg\u0151rizz\u00fck s\u00falyunkat, \u00f6ssze kell fognunk, hogy meghallgassanak minket egy olyan vil\u00e1gban, amelynek sok fontos szerepl\u0151je van. A m\u00e9ret nagyon is sz\u00e1m\u00edt &#8211; sz\u00f6gezte le, \u00e9s hozz\u00e1tette, az egyes \u00e1llamoknak meg kell osztaniuk a hatalmat m\u00e1sokkal, hogy azt ne vesz\u00edts\u00e9k el.<br \/>\nHeinz Fischer osztr\u00e1k k\u00f6zt\u00e1rsas\u00e1gi eln\u00f6k a f\u00f3rumon szombaton ellenezte a katonai fell\u00e9p\u00e9st Sz\u00edria ellen, hangs\u00falyozva, hogy el\u0151sz\u00f6r meg kell v\u00e1rni az ENSZ-szak\u00e9rt\u0151k helysz\u00edni vizsg\u00e1l\u00f3d\u00e1s\u00e1nak az eredm\u00e9ny\u00e9t. Logikus sz\u00e1momra, hogy megv\u00e1rjuk a jelent\u00e9st, mert \u00f3ri\u00e1si \u00e9s d\u00f6nt\u0151 k\u00fcl\u00f6nbs\u00e9g van ak\u00f6z\u00f6tt, hogy a sz\u00edriai korm\u00e1ny vagy ellenfelei vetettek-e be vegyi fegyvert &#8211; mondta. \u00dagy v\u00e9lte, hogy a sz\u00edriai helyzetre nincsen katonai megold\u00e1s.<br \/>\nFigyelmeztetett, hogy az \u00fagynevezett hajland\u00f3k koal\u00edci\u00f3j\u00e1nak a katonai beavatkoz\u00e1sa k\u00e9nyes dolog, vesz\u00e9lyes k\u00f6vetkezm\u00e9nyei lehetnek, s tov\u00e1bbi k\u00e9rd\u00e9seket vet fel: melyik \u00e1llamcsoport tehet ilyet, melyik nem, milyen t\u00e9ny\u00e1ll\u00e1s igazolhat egy ilyen fell\u00e9p\u00e9st, ki sz\u00e1moltathat\u00f3 el? A v\u00e1laszokat az ENSZ Biztons\u00e1gi Tan\u00e1cs\u00e1ban kell tiszt\u00e1zni &#8211; mondta Fischer.(MTI)<\/p><div id=\"gazda-60685818\" class=\"gazda-tartalomban gazda-entity-placement\"><script async src=\"https:\/\/pagead2.googlesyndication.com\/pagead\/js\/adsbygoogle.js\"><\/script>\r\n<ins class=\"adsbygoogle\"\r\n     style=\"display:block\"\r\n     data-ad-format=\"fluid\"\r\n     data-ad-layout-key=\"-6t+ed+2i-1n-4w\"\r\n     data-ad-client=\"ca-pub-1959107119989764\"\r\n     data-ad-slot=\"4008251320\"><\/ins>\r\n<script>\r\n     (adsbygoogle = window.adsbygoogle || []).push({});\r\n<\/script><\/div>\n","protected":false},"excerpt":{"rendered":"<p>Barroso szerint Sz\u00edria sz\u00e9gyenfolt a vil\u00e1g lelkiismeret\u00e9n Jos\u00e9 Manuel Barroso, az Eur\u00f3pai Bizotts\u00e1g eln\u00f6ke szerint Sz\u00edria sz\u00e9gyenfolt a vil\u00e1g lelkiismeret\u00e9n. Heinz Fischer osztr\u00e1k k\u00f6zt\u00e1rsas\u00e1gi eln\u00f6k nem hisz a sz\u00edriai v\u00e1ls\u00e1g katonai megold\u00e1s\u00e1ban.<\/p>\n","protected":false},"author":1,"featured_media":0,"comment_status":"open","ping_status":"closed","sticky":false,"template":"","format":"standard","meta":[],"categories":[16,116],"tags":[],"_links":{"self":[{"href":"https:\/\/gazdasagportal.hu\/index.php\/wp-json\/wp\/v2\/posts\/15431"}],"collection":[{"href":"https:\/\/gazdasagportal.hu\/index.php\/wp-json\/wp\/v2\/posts"}],"about":[{"href":"https:\/\/gazdasagportal.hu\/index.php\/wp-json\/wp\/v2\/types\/post"}],"author":[{"embeddable":true,"href":"https:\/\/gazdasagportal.hu\/index.php\/wp-json\/wp\/v2\/users\/1"}],"replies":[{"embeddable":true,"href":"https:\/\/gazdasagportal.hu\/index.php\/wp-json\/wp\/v2\/comments?post=15431"}],"version-history":[{"count":3,"href":"https:\/\/gazdasagportal.hu\/index.php\/wp-json\/wp\/v2\/posts\/15431\/revisions"}],"predecessor-version":[{"id":15434,"href":"https:\/\/gazdasagportal.hu\/index.php\/wp-json\/wp\/v2\/posts\/15431\/revisions\/15434"}],"wp:attachment":[{"href":"https:\/\/gazdasagportal.hu\/index.php\/wp-json\/wp\/v2\/media?parent=15431"}],"wp:term":[{"taxonomy":"category","embeddable":true,"href":"https:\/\/gazdasagportal.hu\/index.php\/wp-json\/wp\/v2\/categories?post=15431"},{"taxonomy":"post_tag","embeddable":true,"href":"https:\/\/gazdasagportal.hu\/index.php\/wp-json\/wp\/v2\/tags?post=15431"}],"curies":[{"name":"wp","href":"https:\/\/api.w.org\/{rel}","templated":true}]}}