{"id":15424,"date":"2013-08-31T14:56:47","date_gmt":"2013-08-31T12:56:47","guid":{"rendered":"http:\/\/stockportal.hu\/?p=15424"},"modified":"2013-08-31T14:56:58","modified_gmt":"2013-08-31T12:56:58","slug":"sziria-moszkva-idohuzas-gyanant-a-g20-tanacskozasra-vinne-sziria-ugyet","status":"publish","type":"post","link":"https:\/\/gazdasagportal.hu\/index.php\/sziria-moszkva-idohuzas-gyanant-a-g20-tanacskozasra-vinne-sziria-ugyet\/","title":{"rendered":"Sziria &#8211; Moszkva id\u0151huz\u00e1s gyan\u00e1nt a G20 tan\u00e1cskoz\u00e1sra vinn\u00e9 Sz\u00edria \u00fcgy\u00e9t"},"content":{"rendered":"<p><strong>Id\u0151h\u00faz\u00e1sra, esetleg a ked\u00e9lyek csillap\u00edt\u00e1s\u00e1ra szolg\u00e1l\u00f3 brili\u00e1ns taktikai elemmel \u00e1llt el\u0151 Putyin, a j\u00f6v\u0151 cs\u00fct\u00f6rt\u00f6k\u00f6n kezd\u0151d\u0151\u00a0G20 tan\u00e1cskoz\u00e1sig semmi ne t\u00f6rt\u00e9njen.\u00a0<\/strong><\/p>\n<p><strong>Az orosz \u00e1llamf\u0151 azt rem\u00e9li, hogy a G-20-as csoport j\u00f6v\u0151 cs\u00fct\u00f6rt\u00f6k\u00f6n kezd\u0151d\u0151 szentp\u00e9terv\u00e1ri cs\u00facstal\u00e1lkoz\u00f3j\u00e1n tal\u00e1lkozhat Barack Obama amerikai eln\u00f6kkel, \u00e9s vele, valamint a f\u00f3rum t\u00f6bbi r\u00e9sztvev\u0151j\u00e9vel megvitathatj\u00e1k a sz\u00edriai helyzetet &#8211; err\u0151l szombaton besz\u00e9lt Vlagyimir Putyin Vlagyivosztokban.<!--more--><\/strong><\/p>\n<p>&#8222;Hogy mit is mondan\u00e9k neki (Barack Obam\u00e1nak)? Nem is tudom. Els\u0151sorban nem mint koll\u00e9g\u00e1mhoz, nem mint az Egyes\u00fclt \u00c1llamok eln\u00f6k\u00e9hez, nem mint \u00e1llamf\u0151h\u00f6z, hanem mint Nobel-b\u00e9ked\u00edjashoz forduln\u00e9k&#8221; &#8211; mondta az orosz eln\u00f6k arra a k\u00e9rd\u00e9sre, mir\u0151l besz\u00e9lne az amerikai eln\u00f6kkel. Putyin nem vette fel Obam\u00e1val a kapcsolatot az\u00f3ta, hogy felmer\u00fcltek a vegyi fegyver bevet\u00e9s\u00e9vel kapcsolatos \u00fajabb v\u00e1dak a sz\u00edriai vezet\u00e9s ellen.<br \/>\nAz orosz politikus elismerte, hogy a G20-as csoportnak nincs jogi st\u00e1tusa, \u00e9s nem helyettes\u00edtheti az ENSZ Biztons\u00e1gi Tan\u00e1cs\u00e1t, amely d\u00f6nt\u00e9st hozhat a Sz\u00edria elleni er\u0151szak alkalmaz\u00e1s\u00e1r\u00f3l, de a szervezet szerinte alkalmas arra, hogy a probl\u00e9m\u00e1kat megvitass\u00e1k a cs\u00facstal\u00e1lkoz\u00f3n.(MTI)<\/p><div id=\"gazda-22909141\" class=\"gazda-tartalomban gazda-entity-placement\"><script async src=\"https:\/\/pagead2.googlesyndication.com\/pagead\/js\/adsbygoogle.js\"><\/script>\r\n<ins class=\"adsbygoogle\"\r\n     style=\"display:block\"\r\n     data-ad-format=\"fluid\"\r\n     data-ad-layout-key=\"-6t+ed+2i-1n-4w\"\r\n     data-ad-client=\"ca-pub-1959107119989764\"\r\n     data-ad-slot=\"4008251320\"><\/ins>\r\n<script>\r\n     (adsbygoogle = window.adsbygoogle || []).push({});\r\n<\/script><\/div>\n<p>&nbsp;<\/p>\n","protected":false},"excerpt":{"rendered":"<p>Id\u0151h\u00faz\u00e1sra, esetleg a ked\u00e9lyek csillap\u00edt\u00e1s\u00e1ra szolg\u00e1l\u00f3 brili\u00e1ns taktikai elemmel \u00e1llt el\u0151 Putyin, a j\u00f6v\u0151 cs\u00fct\u00f6rt\u00f6k\u00f6n kezd\u0151d\u0151\u00a0G20 tan\u00e1cskoz\u00e1sig semmi ne t\u00f6rt\u00e9njen.\u00a0 Az orosz \u00e1llamf\u0151 azt rem\u00e9li, hogy a G-20-as csoport j\u00f6v\u0151 cs\u00fct\u00f6rt\u00f6k\u00f6n kezd\u0151d\u0151 szentp\u00e9terv\u00e1ri cs\u00facstal\u00e1lkoz\u00f3j\u00e1n tal\u00e1lkozhat Barack Obama amerikai eln\u00f6kkel, \u00e9s vele, valamint a f\u00f3rum t\u00f6bbi r\u00e9sztvev\u0151j\u00e9vel megvitathatj\u00e1k a sz\u00edriai helyzetet &#8211; err\u0151l szombaton besz\u00e9lt Vlagyimir &#8230;<\/p>\n","protected":false},"author":1,"featured_media":0,"comment_status":"open","ping_status":"closed","sticky":false,"template":"","format":"standard","meta":[],"categories":[16,116],"tags":[],"_links":{"self":[{"href":"https:\/\/gazdasagportal.hu\/index.php\/wp-json\/wp\/v2\/posts\/15424"}],"collection":[{"href":"https:\/\/gazdasagportal.hu\/index.php\/wp-json\/wp\/v2\/posts"}],"about":[{"href":"https:\/\/gazdasagportal.hu\/index.php\/wp-json\/wp\/v2\/types\/post"}],"author":[{"embeddable":true,"href":"https:\/\/gazdasagportal.hu\/index.php\/wp-json\/wp\/v2\/users\/1"}],"replies":[{"embeddable":true,"href":"https:\/\/gazdasagportal.hu\/index.php\/wp-json\/wp\/v2\/comments?post=15424"}],"version-history":[{"count":4,"href":"https:\/\/gazdasagportal.hu\/index.php\/wp-json\/wp\/v2\/posts\/15424\/revisions"}],"predecessor-version":[{"id":15428,"href":"https:\/\/gazdasagportal.hu\/index.php\/wp-json\/wp\/v2\/posts\/15424\/revisions\/15428"}],"wp:attachment":[{"href":"https:\/\/gazdasagportal.hu\/index.php\/wp-json\/wp\/v2\/media?parent=15424"}],"wp:term":[{"taxonomy":"category","embeddable":true,"href":"https:\/\/gazdasagportal.hu\/index.php\/wp-json\/wp\/v2\/categories?post=15424"},{"taxonomy":"post_tag","embeddable":true,"href":"https:\/\/gazdasagportal.hu\/index.php\/wp-json\/wp\/v2\/tags?post=15424"}],"curies":[{"name":"wp","href":"https:\/\/api.w.org\/{rel}","templated":true}]}}