{"id":15422,"date":"2013-08-31T14:35:59","date_gmt":"2013-08-31T12:35:59","guid":{"rendered":"http:\/\/stockportal.hu\/?p=15422"},"modified":"2013-08-31T14:35:59","modified_gmt":"2013-08-31T12:35:59","slug":"sziria-oroszorszag-es-kina-miatt-nem-tud-fellepni-az-ensz","status":"publish","type":"post","link":"https:\/\/gazdasagportal.hu\/index.php\/sziria-oroszorszag-es-kina-miatt-nem-tud-fellepni-az-ensz\/","title":{"rendered":"Sz\u00edria &#8211; Oroszorsz\u00e1g \u00e9s K\u00edna miatt nem tud fell\u00e9pni az ENSZ"},"content":{"rendered":"<p><strong>Moszkva \u00e9s Peking miatt nincs egys\u00e9g az ENSZ-ben.<\/strong><\/p>\n<p><strong>A n\u00e9met kancell\u00e1r szerint Oroszorsz\u00e1g \u00e9s K\u00edna miatt nem tud fell\u00e9pni a nemzetk\u00f6zi k\u00f6z\u00f6ss\u00e9g egys\u00e9gesen a sz\u00edriai g\u00e1zt\u00e1mad\u00e1s \u00fcgy\u00e9ben.<!--more--><\/strong><\/p>\n<p>Angela Merkel egy szombati lapinterj\u00faban hangs\u00falyozta: &#8222;nagyon sajn\u00e1latos, hogy Oroszorsz\u00e1g \u00e9s K\u00edna m\u00e1r hossz\u00fa ideje akad\u00e1lyozza az egys\u00e9ges \u00e1ll\u00e1spont kialak\u00edt\u00e1s\u00e1t, ez jelent\u0151s m\u00e9rt\u00e9kben gyeng\u00edti az ENSZ-et&#8221;.<br \/>\nHozz\u00e1tette: a sz\u00edriai n\u00e9p ellen int\u00e9zett vegyifegyver-t\u00e1mad\u00e1ssal &#8222;led\u0151lt egy tabu&#8221;, amit nem szabad annyiban hagyni. N\u00e9metorsz\u00e1g azonban csak ENSZ-felhatalmaz\u00e1ssal, vagy egy NATO-akci\u00f3 keret\u00e9ben, vagy pedig egy eur\u00f3pai uni\u00f3s k\u00fcldet\u00e9s r\u00e9szvev\u0151jek\u00e9nt vetheti be hadsereg\u00e9t, ez\u00e9rt jelenleg &#8222;fel sem mer\u00fcl&#8221;, hogy a Bundeswehr bekapcsol\u00f3djon egy esetleges sz\u00edriai intervenci\u00f3ba &#8211; mondta a kancell\u00e1r az Augsburger Allgemeine c\u00edm\u0171 lapnak.<br \/>\nA berlini vezet\u00e9sben er\u0151s\u00f6dik az a meggy\u0151z\u0151d\u00e9s, hogy a g\u00e1zt\u00e1mad\u00e1s a damaszkuszi rezsimnek tulajdon\u00edthat\u00f3. Mindazok az \u00e9rvek \u00e9s t\u00e9nyek, amelyeket John Kerry amerikai k\u00fcl\u00fcgyminiszter p\u00e9nteken a nyilv\u00e1noss\u00e1g el\u00e9 t\u00e1rt, hihet\u0151ek \u00e9s komolyan kell venni \u0151ket &#8211; emelte ki Guido Westerwelle a Welt am Sonntag c\u00edm\u0171 vas\u00e1rnapi lapban megjelen\u0151 interj\u00faban, amelyb\u0151l el\u0151zetesen k\u00f6z\u00f6ltek r\u00e9szleteket.<br \/>\nUgyanakkor a n\u00e9met korm\u00e1ny eddig k\u00f6vetkezetesen azt az \u00e1ll\u00e1spontot k\u00e9pviselte, hogy a vegyi fegyver bevet\u00e9se egy hat\u00e1r \u00e1tl\u00e9p\u00e9s\u00e9t, \u00faj min\u0151s\u00e9get jelent a sz\u00edriai konfliktusban, de a helyzetet politikai, diplom\u00e1ciai eszk\u00f6z\u00f6kkel kell rendezni, lehet\u0151leg az ENSZ keretein bel\u00fcl.<br \/>\nA katonai beavatkoz\u00e1st \u00e9s az esetleges intervenci\u00f3hoz ny\u00fajtott n\u00e9met t\u00e1mogat\u00e1s gondolat\u00e1t az ellenz\u00e9k \u00e9s a lakoss\u00e1g t\u00f6bbs\u00e9ge is elutas\u00edtja. A n\u00e9metorsz\u00e1gi zsid\u00f3 k\u00f6z\u00f6ss\u00e9geket \u00f6sszefog\u00f3 szervezet viszont b\u00edr\u00e1lja a korm\u00e1nyt, ami\u00e9rt elz\u00e1rk\u00f3zik a r\u00e9szv\u00e9telt\u0151l az esetleges katonai akci\u00f3ban. N\u00e9metorsz\u00e1g &#8222;v\u00e9gzetes hib\u00e1t k\u00f6vetett el&#8221;, amikor k\u00e9t \u00e9vvel ezel\u0151tt nem vett r\u00e9szt a L\u00edbia felszabad\u00edt\u00e1s\u00e1ra ind\u00edtott nemzetk\u00f6zi m\u0171veletben, \u00e9s ezt a hib\u00e1t nem szabad ism\u00e9t elk\u00f6vetni &#8211; emelte ki Dieter Graumann, a N\u00e9metorsz\u00e1gi Zsid\u00f3k K\u00f6zponti Tan\u00e1cs\u00e1nak eln\u00f6ke.(MTI)<\/p><div id=\"gazda-2273712100\" class=\"gazda-tartalomban gazda-entity-placement\"><script async src=\"https:\/\/pagead2.googlesyndication.com\/pagead\/js\/adsbygoogle.js\"><\/script>\r\n<ins class=\"adsbygoogle\"\r\n     style=\"display:block\"\r\n     data-ad-format=\"fluid\"\r\n     data-ad-layout-key=\"-6t+ed+2i-1n-4w\"\r\n     data-ad-client=\"ca-pub-1959107119989764\"\r\n     data-ad-slot=\"4008251320\"><\/ins>\r\n<script>\r\n     (adsbygoogle = window.adsbygoogle || []).push({});\r\n<\/script><\/div>\n","protected":false},"excerpt":{"rendered":"<p>Moszkva \u00e9s Peking miatt nincs egys\u00e9g az ENSZ-ben. A n\u00e9met kancell\u00e1r szerint Oroszorsz\u00e1g \u00e9s K\u00edna miatt nem tud fell\u00e9pni a nemzetk\u00f6zi k\u00f6z\u00f6ss\u00e9g egys\u00e9gesen a sz\u00edriai g\u00e1zt\u00e1mad\u00e1s \u00fcgy\u00e9ben.<\/p>\n","protected":false},"author":1,"featured_media":0,"comment_status":"open","ping_status":"closed","sticky":false,"template":"","format":"standard","meta":[],"categories":[16,116],"tags":[],"_links":{"self":[{"href":"https:\/\/gazdasagportal.hu\/index.php\/wp-json\/wp\/v2\/posts\/15422"}],"collection":[{"href":"https:\/\/gazdasagportal.hu\/index.php\/wp-json\/wp\/v2\/posts"}],"about":[{"href":"https:\/\/gazdasagportal.hu\/index.php\/wp-json\/wp\/v2\/types\/post"}],"author":[{"embeddable":true,"href":"https:\/\/gazdasagportal.hu\/index.php\/wp-json\/wp\/v2\/users\/1"}],"replies":[{"embeddable":true,"href":"https:\/\/gazdasagportal.hu\/index.php\/wp-json\/wp\/v2\/comments?post=15422"}],"version-history":[{"count":1,"href":"https:\/\/gazdasagportal.hu\/index.php\/wp-json\/wp\/v2\/posts\/15422\/revisions"}],"predecessor-version":[{"id":15423,"href":"https:\/\/gazdasagportal.hu\/index.php\/wp-json\/wp\/v2\/posts\/15422\/revisions\/15423"}],"wp:attachment":[{"href":"https:\/\/gazdasagportal.hu\/index.php\/wp-json\/wp\/v2\/media?parent=15422"}],"wp:term":[{"taxonomy":"category","embeddable":true,"href":"https:\/\/gazdasagportal.hu\/index.php\/wp-json\/wp\/v2\/categories?post=15422"},{"taxonomy":"post_tag","embeddable":true,"href":"https:\/\/gazdasagportal.hu\/index.php\/wp-json\/wp\/v2\/tags?post=15422"}],"curies":[{"name":"wp","href":"https:\/\/api.w.org\/{rel}","templated":true}]}}