{"id":15419,"date":"2013-08-31T13:47:35","date_gmt":"2013-08-31T11:47:35","guid":{"rendered":"http:\/\/stockportal.hu\/?p=15419"},"modified":"2013-08-31T11:47:59","modified_gmt":"2013-08-31T09:47:59","slug":"penztargepek-ngm-mar-tizenharom-engedelyezett-gep-kozul-valaszthatnak-az-erintettek","status":"publish","type":"post","link":"https:\/\/gazdasagportal.hu\/index.php\/penztargepek-ngm-mar-tizenharom-engedelyezett-gep-kozul-valaszthatnak-az-erintettek\/","title":{"rendered":"P\u00e9nzt\u00e1rg\u00e9pek &#8211; NGM: m\u00e1r tizenh\u00e1rom enged\u00e9lyezett g\u00e9p k\u00f6z\u00fcl v\u00e1laszthatnak az \u00e9rintettek"},"content":{"rendered":"<p><strong>\u00dajabb k\u00e9t p\u00e9nzt\u00e1rg\u00e9p kapta meg p\u00e9nteken a forgalmaz\u00e1si enged\u00e9lyt a Magyar Kereskedelmi Enged\u00e9lyez\u00e9si Hivatalt\u00f3l, \u00edgy a p\u00e9nzt\u00e1rg\u00e9pcser\u00e9re k\u00f6telezettek m\u00e1r tizenh\u00e1rom enged\u00e9lyezett g\u00e9p k\u00f6z\u00fcl v\u00e1logathatnak &#8211; k\u00f6z\u00f6lte a Nemzetgazdas\u00e1gi Miniszt\u00e9rium szombaton az MTI-vel.<!--more--><\/strong><\/p>\n<p>&nbsp;<\/p>\n<p>A k\u00f6zlem\u00e9ny szerint p\u00e9nteken a Laurel Sz\u00e1m\u00edt\u00e1stechnikai Kft. \u00e9s a LA P\u00e9nzt\u00e1rg\u00e9p Kft. egy-egy \u00faj, ECO Mini t\u00edpus\u00fa p\u00e9nzt\u00e1rg\u00e9pe kapta meg a forgalmaz\u00e1si enged\u00e9lyt. Folyamatban van tov\u00e1bbi kiskassz\u00e1s k\u00e9relmek elb\u00edr\u00e1l\u00e1sa is.<br \/>\nA szakt\u00e1rca felh\u00edvja az \u00e9rintettek figyelm\u00e9t, hogy mindenki ig\u00e9nyelje a megv\u00e1s\u00e1roland\u00f3 p\u00e9nzt\u00e1rg\u00e9p m\u0171k\u00f6dtet\u00e9s\u00e9hez elengedhetetlen \u00fczembe helyez\u00e9si k\u00f3dot. Mivel az \u00e1t\u00e1ll\u00e1s jogszab\u00e1lyi hat\u00e1rideje augusztus 31-e, szombat, aki eddig elmulasztotta a regisztr\u00e1l\u00e1st, h\u00e9tf\u0151n m\u00e9g megteheti.<br \/>\nAz ad\u00f3hat\u00f3s\u00e1g augusztus 28-i \u00e1llapotfelm\u00e9r\u00e9se szerint a cser\u00e9vel \u00e9rintett kisv\u00e1llalkoz\u00e1sok z\u00f6me ig\u00e9nyelt \u00fczembe helyez\u00e9si k\u00f3dot, mintegy 160 ezer p\u00e9nzt\u00e1rg\u00e9p cser\u00e9j\u00e9hez &#8211; \u00e1ll a k\u00f6zlem\u00e9nyben.(MTI)<\/p><div id=\"gazda-2401515571\" class=\"gazda-tartalomban gazda-entity-placement\"><script async src=\"https:\/\/pagead2.googlesyndication.com\/pagead\/js\/adsbygoogle.js\"><\/script>\r\n<ins class=\"adsbygoogle\"\r\n     style=\"display:block\"\r\n     data-ad-format=\"fluid\"\r\n     data-ad-layout-key=\"-6t+ed+2i-1n-4w\"\r\n     data-ad-client=\"ca-pub-1959107119989764\"\r\n     data-ad-slot=\"4008251320\"><\/ins>\r\n<script>\r\n     (adsbygoogle = window.adsbygoogle || []).push({});\r\n<\/script><\/div>\n","protected":false},"excerpt":{"rendered":"<p>\u00dajabb k\u00e9t p\u00e9nzt\u00e1rg\u00e9p kapta meg p\u00e9nteken a forgalmaz\u00e1si enged\u00e9lyt a Magyar Kereskedelmi Enged\u00e9lyez\u00e9si Hivatalt\u00f3l, \u00edgy a p\u00e9nzt\u00e1rg\u00e9pcser\u00e9re k\u00f6telezettek m\u00e1r tizenh\u00e1rom enged\u00e9lyezett g\u00e9p k\u00f6z\u00fcl v\u00e1logathatnak &#8211; k\u00f6z\u00f6lte a Nemzetgazdas\u00e1gi Miniszt\u00e9rium szombaton az MTI-vel.<\/p>\n","protected":false},"author":1,"featured_media":0,"comment_status":"open","ping_status":"closed","sticky":false,"template":"","format":"standard","meta":[],"categories":[19],"tags":[],"_links":{"self":[{"href":"https:\/\/gazdasagportal.hu\/index.php\/wp-json\/wp\/v2\/posts\/15419"}],"collection":[{"href":"https:\/\/gazdasagportal.hu\/index.php\/wp-json\/wp\/v2\/posts"}],"about":[{"href":"https:\/\/gazdasagportal.hu\/index.php\/wp-json\/wp\/v2\/types\/post"}],"author":[{"embeddable":true,"href":"https:\/\/gazdasagportal.hu\/index.php\/wp-json\/wp\/v2\/users\/1"}],"replies":[{"embeddable":true,"href":"https:\/\/gazdasagportal.hu\/index.php\/wp-json\/wp\/v2\/comments?post=15419"}],"version-history":[{"count":2,"href":"https:\/\/gazdasagportal.hu\/index.php\/wp-json\/wp\/v2\/posts\/15419\/revisions"}],"predecessor-version":[{"id":15421,"href":"https:\/\/gazdasagportal.hu\/index.php\/wp-json\/wp\/v2\/posts\/15419\/revisions\/15421"}],"wp:attachment":[{"href":"https:\/\/gazdasagportal.hu\/index.php\/wp-json\/wp\/v2\/media?parent=15419"}],"wp:term":[{"taxonomy":"category","embeddable":true,"href":"https:\/\/gazdasagportal.hu\/index.php\/wp-json\/wp\/v2\/categories?post=15419"},{"taxonomy":"post_tag","embeddable":true,"href":"https:\/\/gazdasagportal.hu\/index.php\/wp-json\/wp\/v2\/tags?post=15419"}],"curies":[{"name":"wp","href":"https:\/\/api.w.org\/{rel}","templated":true}]}}