{"id":15406,"date":"2013-08-31T09:55:23","date_gmt":"2013-08-31T07:55:23","guid":{"rendered":"http:\/\/stockportal.hu\/?p=15406"},"modified":"2013-08-31T11:03:29","modified_gmt":"2013-08-31T09:03:29","slug":"csokkent-az-erste-bank-merlegfoosszege-az-elso-felevben","status":"publish","type":"post","link":"https:\/\/gazdasagportal.hu\/index.php\/csokkent-az-erste-bank-merlegfoosszege-az-elso-felevben\/","title":{"rendered":"Cs\u00f6kkent az Erste Bank m\u00e9rlegf\u0151\u00f6sszege az els\u0151 f\u00e9l\u00e9vben"},"content":{"rendered":"<p><strong>Az Erste Bank csoport m\u00e9rlegf\u0151\u00f6sszege az id\u00e9n az els\u0151 f\u00e9l\u00e9vben 7 sz\u00e1zal\u00e9kkal, 2600 milli\u00e1rd forintra cs\u00f6kkent a tavaly \u00e9v v\u00e9gihez k\u00e9pest, els\u0151sorban az \u00fcgyf\u00e9lhitel-\u00e1llom\u00e1ny \u00e9s ezzel p\u00e1rhuzamosan a bankk\u00f6zi bet\u00e9t\u00e1llom\u00e1ny cs\u00f6kken\u00e9se miatt &#8211; k\u00f6z\u00f6lte az Erste Bank Hungary Zrt. a konszolid\u00e1lt, nem audit\u00e1lt f\u00e9l\u00e9ves besz\u00e1mol\u00f3j\u00e1t a Budapesti \u00c9rt\u00e9kt\u0151zsde honlapj\u00e1n p\u00e9nteken.<!--more--><\/strong><\/p>\n<p>A nemzetk\u00f6zi p\u00e9nz\u00fcgyi jelent\u00e9si szabv\u00e1ny (IFRS) alapj\u00e1n k\u00e9sz\u00fclt besz\u00e1mol\u00f3 szerint a csoport konszolid\u00e1lt vesztes\u00e9ge 26,2 milli\u00e1rd forint lett, amelynek szinte teljes eg\u00e9sz\u00e9t a bank eredm\u00e9nye tette ki. A tavalyi els\u0151 f\u00e9l\u00e9vben az Erste Bank csoport nyeres\u00e9ges volt, a konszolid\u00e1lt, ad\u00f3z\u00e1s ut\u00e1ni eredm\u00e9nye 2,4 milli\u00e1rd forint volt.<br \/>\nA hitel\u00e1llom\u00e1ny 7,2 sz\u00e1zal\u00e9kos visszaes\u00e9s\u00e9t a bank a v\u00e1rtn\u00e1l magasabb portf\u00f3li\u00f3-er\u00f3zi\u00f3val, a k\u00f6vetel\u00e9s\u00e9rt\u00e9kes\u00edt\u00e9sek hat\u00e1s\u00e1val, valamint az \u00faj foly\u00f3s\u00edt\u00e1sok alacsony szintj\u00e9vel magyar\u00e1zza.<br \/>\nA forr\u00e1s\u00e1llom\u00e1ny 195 milli\u00e1rd forinttal cs\u00f6kkent. A bankk\u00f6zi bet\u00e9tek, refinansz\u00edroz\u00e1si forr\u00e1sok jelent\u0151s &#8211; 182 milli\u00e1rd forintos, k\u00f6zel 17 sz\u00e1zal\u00e9kos &#8211; cs\u00f6kken\u00e9s\u00e9t nem tudta ellens\u00falyozni az \u00fcgyf\u00e9lbet\u00e9tek kism\u00e9rt\u00e9k\u0171 emelked\u00e9se.<br \/>\nA kamateredm\u00e9ny 16,5 sz\u00e1zal\u00e9kkal volt alacsonyabb, mint az el\u0151z\u0151 \u00e9v azonos id\u0151szak\u00e1ban, 46,3 milli\u00e1rd forintot tett ki. A bev\u00e9teli oldalon 20,3 milli\u00e1rd forintos &#8211; 19 sz\u00e1zal\u00e9kos &#8211; cs\u00f6kken\u00e9s tapasztalhat\u00f3 a cs\u00f6kken\u0151 \u00fcgyf\u00e9lhitel \u00e1llom\u00e1ny, illetve az \u00e9rt\u00e9kpap\u00edrokon el\u00e9rt alacsonyabb hozam k\u00f6vetkezt\u00e9ben.<br \/>\nA jutal\u00e9k- \u00e9s d\u00edjbev\u00e9telek 25 sz\u00e1zal\u00e9kkal, 3,5 milli\u00e1rd forinttal 17,5 milli\u00e1rd forintra n\u0151ttek az idei els\u0151 f\u00e9l\u00e9vben a tavalyi b\u00e1zishoz k\u00e9pest. Ennek els\u0151dleges oka a tranzakci\u00f3s ad\u00f3 bevezet\u00e9se, amit a bank r\u00e9szben \u00e1tterhelt az \u00fcgyfelekre. Tov\u00e1bb\u00e1 az alacsonyabb bet\u00e9ti kamatok k\u00f6vetkezt\u00e9ben fokoz\u00f3dott az \u00e9rdekl\u0151d\u00e9s a befektet\u00e9si alapok \u00e9s egy\u00e9b befektet\u00e9si form\u00e1k ir\u00e1nt, ami szint\u00e9n n\u00f6velte a bank jutal\u00e9kbev\u00e9teleit.<br \/>\nA keresked\u00e9si tev\u00e9kenys\u00e9g eredm\u00e9nye f\u00e9lmilli\u00e1rd forint vesztes\u00e9g volt, szemben a tavalyi els\u0151 f\u00e9l\u00e9v 1,9 milli\u00e1rd forintos nyeres\u00e9g\u00e9vel.<br \/>\n\u00c9rt\u00e9kveszt\u00e9sre \u00e9s c\u00e9ltartal\u00e9kra 34 milli\u00e1rd forintot sz\u00e1molt el az Erste az idei els\u0151 f\u00e9l\u00e9vben, m\u00edg tavaly ugyanebben az id\u0151szakban 31,4 milli\u00e1rd forintot.<br \/>\nA jelent\u00e9sben lesz\u00f6gezik, hogy az Erste elk\u00f6telezett a magyar piac ir\u00e1nt, \u00e9s f\u0151 c\u00e9lja, hogy a k\u00f6vetkez\u0151 \u00e9vekben is a legnagyobb piaci szerepl\u0151k k\u00f6z\u00f6tt maradjon. A bank a 2015-ig sz\u00f3l\u00f3 strat\u00e9gi\u00e1ja alapj\u00e1n els\u0151sorban lakoss\u00e1gi bank k\u00edv\u00e1n maradni, a v\u00e1llalati \u00fczlet\u00e1gban f\u0151k\u00e9nt a k\u00f6z\u00e9pv\u00e1llalatokra koncentr\u00e1l, emellett meger\u0151s\u00edtett kock\u00e1zatkezel\u00e9st t\u0171z\u00f6tt ki c\u00e9lul.(MTI)<\/p>\n","protected":false},"excerpt":{"rendered":"<p>Az Erste Bank csoport m\u00e9rlegf\u0151\u00f6sszege az id\u00e9n az els\u0151 f\u00e9l\u00e9vben 7 sz\u00e1zal\u00e9kkal, 2600 milli\u00e1rd forintra cs\u00f6kkent a tavaly \u00e9v v\u00e9gihez k\u00e9pest, els\u0151sorban az \u00fcgyf\u00e9lhitel-\u00e1llom\u00e1ny \u00e9s ezzel p\u00e1rhuzamosan a bankk\u00f6zi bet\u00e9t\u00e1llom\u00e1ny cs\u00f6kken\u00e9se miatt &#8211; k\u00f6z\u00f6lte az Erste Bank Hungary Zrt. a konszolid\u00e1lt, nem audit\u00e1lt f\u00e9l\u00e9ves besz\u00e1mol\u00f3j\u00e1t a Budapesti \u00c9rt\u00e9kt\u0151zsde honlapj\u00e1n p\u00e9nteken.<\/p>\n","protected":false},"author":1,"featured_media":0,"comment_status":"open","ping_status":"closed","sticky":false,"template":"","format":"standard","meta":[],"categories":[19],"tags":[],"_links":{"self":[{"href":"https:\/\/gazdasagportal.hu\/index.php\/wp-json\/wp\/v2\/posts\/15406"}],"collection":[{"href":"https:\/\/gazdasagportal.hu\/index.php\/wp-json\/wp\/v2\/posts"}],"about":[{"href":"https:\/\/gazdasagportal.hu\/index.php\/wp-json\/wp\/v2\/types\/post"}],"author":[{"embeddable":true,"href":"https:\/\/gazdasagportal.hu\/index.php\/wp-json\/wp\/v2\/users\/1"}],"replies":[{"embeddable":true,"href":"https:\/\/gazdasagportal.hu\/index.php\/wp-json\/wp\/v2\/comments?post=15406"}],"version-history":[{"count":4,"href":"https:\/\/gazdasagportal.hu\/index.php\/wp-json\/wp\/v2\/posts\/15406\/revisions"}],"predecessor-version":[{"id":15409,"href":"https:\/\/gazdasagportal.hu\/index.php\/wp-json\/wp\/v2\/posts\/15406\/revisions\/15409"}],"wp:attachment":[{"href":"https:\/\/gazdasagportal.hu\/index.php\/wp-json\/wp\/v2\/media?parent=15406"}],"wp:term":[{"taxonomy":"category","embeddable":true,"href":"https:\/\/gazdasagportal.hu\/index.php\/wp-json\/wp\/v2\/categories?post=15406"},{"taxonomy":"post_tag","embeddable":true,"href":"https:\/\/gazdasagportal.hu\/index.php\/wp-json\/wp\/v2\/tags?post=15406"}],"curies":[{"name":"wp","href":"https:\/\/api.w.org\/{rel}","templated":true}]}}