{"id":15386,"date":"2013-08-30T18:34:10","date_gmt":"2013-08-30T16:34:10","guid":{"rendered":"http:\/\/stockportal.hu\/?p=15386"},"modified":"2013-08-30T18:34:21","modified_gmt":"2013-08-30T16:34:21","slug":"magyarorszag-lekuzdotte-a-valsagot-es-talpra-all","status":"publish","type":"post","link":"https:\/\/gazdasagportal.hu\/index.php\/magyarorszag-lekuzdotte-a-valsagot-es-talpra-all\/","title":{"rendered":"Magyarorsz\u00e1g lek\u00fczd\u00f6tte a v\u00e1ls\u00e1got, \u00e9s talpra \u00e1ll"},"content":{"rendered":"<p><strong>Varga Mih\u00e1ly: Magyarorsz\u00e1g kifel\u00e9 j\u00f6n a v\u00e1ls\u00e1gb\u00f3l.<\/strong><\/p>\n<p><strong>Magyarorsz\u00e1g kifel\u00e9 j\u00f6n a v\u00e1ls\u00e1gb\u00f3l, gazdas\u00e1ga, ha lassan is, de n\u00f6vekszik, \u00e9s ez a k\u00f6z\u00f6s akarat, az \u00f6sszefog\u00e1s eredm\u00e9nye &#8211; mondta Varga Mih\u00e1ly p\u00e9nteken Koml\u00f3n.<!--more--><\/strong>A nemzetgazdas\u00e1gi miniszter a Koml\u00f3\u00e9rt Exp\u00f3 ki\u00e1ll\u00edt\u00e1s \u00e9s v\u00e1s\u00e1r megnyit\u00f3j\u00e1n mondott besz\u00e9d\u00e9ben hangs\u00falyozta: Magyarorsz\u00e1g m\u00e1r nem tartozik a cs\u0151dt\u0151l vesz\u00e9lyeztetett orsz\u00e1gok k\u00f6z\u00e9, \u00e9s el\u00e9rte azt is, hogy kilenc \u00e9v ut\u00e1n kiker\u00fclj\u00f6n a t\u00falzottdeficit-elj\u00e1r\u00e1s al\u00f3l.<br \/>\n&#8222;Magyarorsz\u00e1g az elm\u00falt h\u00e1rom \u00e9vben igenis talpra tudott \u00e1llni, \u00e9s 2013 ebb\u0151l a szempontb\u00f3l ak\u00e1r a fordulat \u00e9ve is lehet&#8221; &#8211; fogalmazott Varga Mih\u00e1ly, utalva arra, hogy a beruh\u00e1z\u00e1sok volumene ez \u00e9v m\u00e1sodik negyed\u00e9v\u00e9ben 4,6 sz\u00e1zal\u00e9kkal n\u0151tt az el\u0151z\u0151 \u00e9v azonos id\u0151szak\u00e1hoz viszony\u00edtva.<br \/>\nA miniszter eml\u00e9keztetett: a korm\u00e1ny 2010-ben kiemelten fontos c\u00e9lk\u00e9nt t\u0171zte ki, hogy Magyarorsz\u00e1g &#8211; a v\u00e1llalkoz\u00e1sok \u00e9s a mag\u00e1nszem\u00e9lyek is &#8211; kiker\u00fcljenek abb\u00f3l az ad\u00f3ss\u00e1gcsapd\u00e1b\u00f3l, ahonnan nagyon neh\u00e9z volt elmozdulni.<br \/>\n&#8222;Naponta k\u00fcszk\u00f6d\u00fcnk a devizahitelek \u00fcgy\u00e9vel. Nagyon b\u00edzom benne, hogy a probl\u00e9m\u00e1ra tudunk majd olyan megold\u00e1st tal\u00e1lni, ami t\u00f6bb sz\u00e1zezer embernek seg\u00edt&#8221; &#8211; mondta.<br \/>\nVarga Mih\u00e1ly a telep\u00fcl\u00e9sek ad\u00f3ss\u00e1grendez\u00e9s\u00e9r\u0151l sz\u00f3lva Koml\u00f3t hozta fel p\u00e9ldak\u00e9nt. R\u00e1mutatott, a baranyai v\u00e1rosnak h\u00e1rom \u00e9vvel ezel\u0151tt t\u00f6bb mint 3 milli\u00e1rd forint tartoz\u00e1sa volt, ebb\u0151l az \u00e1llam 1,6 milli\u00e1rdot \u00e1tv\u00e1llalt, hogy t\u00f6bb p\u00e9nz jusson helyben az eg\u00e9szs\u00e9g\u00fcgyre, oktat\u00e1sra, s egyebek mellett a munkahelyteremt\u00e9sre is.<br \/>\nA miniszter az ad\u00f3ss\u00e1gcs\u00f6kkent\u00e9sn\u00e9l is fontosabbnak nevezte a foglalkoztat\u00e1s n\u00f6vel\u00e9s\u00e9t. &#8222;Besz\u00e9lhet egy korm\u00e1ny b\u00e1rmilyen sz\u00e9p elk\u00e9pzel\u00e9sekr\u0151l, ha az emberek helyi szinten nem \u00e9rzik, hogy munkahelyekben, \u00e9letsz\u00ednvonalban, lehet\u0151s\u00e9gekben t\u00f6bbet kapnak, akkor a legjobb program is hal\u00e1lra van \u00edt\u00e9lve&#8221; &#8211; hangs\u00falyozta.<br \/>\nHozz\u00e1f\u0171zte: ez\u00e9rt elengedhetetlen, hogy a korm\u00e1nyzat t\u00f6bbet ny\u00fajtson konkr\u00e9t munkahelyek teremt\u00e9s\u00e9ben, az emberek pedig \u00e9rezhess\u00e9k, van perspekt\u00edv\u00e1ja ennek a gazdas\u00e1gnak.<br \/>\nMa 207 ezerrel t\u00f6bb ember dolgozik Magyarorsz\u00e1gon, mint h\u00e1rom \u00e9vvel ezel\u0151tt, \u00e9s nem els\u0151sorban a k\u00f6zmunka programok, hanem amiatt, hogy megpr\u00f3b\u00e1ltuk azokat a v\u00e1llalkoz\u00e1sokat t\u00e1mogatni, melyek a nehezebb id\u0151szakban is k\u00e9pesek munkahelyeket l\u00e9tes\u00edteni &#8211; mondta.<br \/>\nVarga Mih\u00e1ly rem\u00e9ny\u00e9t fejezte ki, hogy a 2014-2020 k\u00f6z\u00f6tti eur\u00f3pai uni\u00f3s k\u00f6lts\u00e9gvet\u00e9si id\u0151szakban azok a c\u00e9gek, mag\u00e1nszem\u00e9lyek is t\u00e1mogat\u00e1shoz juthatnak, akik eddig nem voltak el\u00e9g b\u00e1trak, hogy p\u00e1ly\u00e1zzanak, vagy v\u00e1rtak terveik megval\u00f3s\u00edt\u00e1s\u00e1val.<br \/>\nA Koml\u00f3i Napok \u00e9s B\u00e1ny\u00e1sznap keret\u00e9ben megny\u00edlt Koml\u00f3\u00e9rt Exp\u00f3n t\u00f6bb mint f\u00e9lsz\u00e1z ki\u00e1ll\u00edt\u00f3 mutatja be \u00e9s \u00e1rus\u00edtja term\u00e9keit.(MTI)<strong><br \/>\n<\/strong><\/p>\n<p>&nbsp;<\/p><div id=\"gazda-4140355762\" class=\"gazda-tartalomban gazda-entity-placement\"><script async src=\"https:\/\/pagead2.googlesyndication.com\/pagead\/js\/adsbygoogle.js\"><\/script>\r\n<ins class=\"adsbygoogle\"\r\n     style=\"display:block\"\r\n     data-ad-format=\"fluid\"\r\n     data-ad-layout-key=\"-6t+ed+2i-1n-4w\"\r\n     data-ad-client=\"ca-pub-1959107119989764\"\r\n     data-ad-slot=\"4008251320\"><\/ins>\r\n<script>\r\n     (adsbygoogle = window.adsbygoogle || []).push({});\r\n<\/script><\/div>\n","protected":false},"excerpt":{"rendered":"<p>Varga Mih\u00e1ly: Magyarorsz\u00e1g kifel\u00e9 j\u00f6n a v\u00e1ls\u00e1gb\u00f3l. Magyarorsz\u00e1g kifel\u00e9 j\u00f6n a v\u00e1ls\u00e1gb\u00f3l, gazdas\u00e1ga, ha lassan is, de n\u00f6vekszik, \u00e9s ez a k\u00f6z\u00f6s akarat, az \u00f6sszefog\u00e1s eredm\u00e9nye &#8211; mondta Varga Mih\u00e1ly p\u00e9nteken Koml\u00f3n.<\/p>\n","protected":false},"author":1,"featured_media":0,"comment_status":"open","ping_status":"closed","sticky":false,"template":"","format":"standard","meta":[],"categories":[19],"tags":[],"_links":{"self":[{"href":"https:\/\/gazdasagportal.hu\/index.php\/wp-json\/wp\/v2\/posts\/15386"}],"collection":[{"href":"https:\/\/gazdasagportal.hu\/index.php\/wp-json\/wp\/v2\/posts"}],"about":[{"href":"https:\/\/gazdasagportal.hu\/index.php\/wp-json\/wp\/v2\/types\/post"}],"author":[{"embeddable":true,"href":"https:\/\/gazdasagportal.hu\/index.php\/wp-json\/wp\/v2\/users\/1"}],"replies":[{"embeddable":true,"href":"https:\/\/gazdasagportal.hu\/index.php\/wp-json\/wp\/v2\/comments?post=15386"}],"version-history":[{"count":3,"href":"https:\/\/gazdasagportal.hu\/index.php\/wp-json\/wp\/v2\/posts\/15386\/revisions"}],"predecessor-version":[{"id":15395,"href":"https:\/\/gazdasagportal.hu\/index.php\/wp-json\/wp\/v2\/posts\/15386\/revisions\/15395"}],"wp:attachment":[{"href":"https:\/\/gazdasagportal.hu\/index.php\/wp-json\/wp\/v2\/media?parent=15386"}],"wp:term":[{"taxonomy":"category","embeddable":true,"href":"https:\/\/gazdasagportal.hu\/index.php\/wp-json\/wp\/v2\/categories?post=15386"},{"taxonomy":"post_tag","embeddable":true,"href":"https:\/\/gazdasagportal.hu\/index.php\/wp-json\/wp\/v2\/tags?post=15386"}],"curies":[{"name":"wp","href":"https:\/\/api.w.org\/{rel}","templated":true}]}}