{"id":1537,"date":"2013-01-29T17:04:30","date_gmt":"2013-01-29T16:04:30","guid":{"rendered":"http:\/\/stockportal.hu\/?p=1537"},"modified":"2013-01-29T17:38:11","modified_gmt":"2013-01-29T16:38:11","slug":"az-nfm-mar-dolgozik-a-rezsicsokkentes-kovetkezo-lepesen","status":"publish","type":"post","link":"https:\/\/gazdasagportal.hu\/index.php\/az-nfm-mar-dolgozik-a-rezsicsokkentes-kovetkezo-lepesen\/","title":{"rendered":"Az NFM m\u00e1r dolgozik a rezsics\u00f6kkent\u00e9s k\u00f6vetkez\u0151 l\u00e9p\u00e9s\u00e9n"},"content":{"rendered":"<p><strong>A Nemzeti Fejleszt\u00e9si Miniszt\u00e9rium (NFM) m\u00e1r dolgozik a rezsics\u00f6kkent\u00e9s k\u00f6vetkez\u0151 l\u00e9p\u00e9s\u00e9n, \u00edgy els\u0151sorban a v\u00edz- \u00e9s csatornad\u00edjak m\u00e9rs\u00e9kl\u00e9s\u00e9nek lehet\u0151s\u00e9g\u00e9t vizsg\u00e1lja, de p\u00e9ld\u00e1ul a k\u00e9m\u00e9nysepr\u00e9si \u00e9s a szem\u00e9tsz\u00e1ll\u00edt\u00e1si d\u00edjak cs\u00f6kkent\u00e9s\u00e9nek lehet\u0151s\u00e9g\u00e9t is elemzik &#8211; mondta F\u00f3nagy J\u00e1nos, a Nemzeti Fejleszt\u00e9si Miniszt\u00e9rium (NFM) parlamenti \u00e1llamtitk\u00e1ra kedden az MTI-nek.<!--more--><\/strong><\/p>\n<p>A Korm\u00e1nyzati Inform\u00e1ci\u00f3s K\u00f6zpont kedden t\u00e1j\u00e9koztatta az MTI-t arr\u00f3l, hogy a korm\u00e1ny keddi \u00fcl\u00e9s\u00e9n t\u00e1rgyalta a tov\u00e1bbi rezsics\u00f6kkent\u00e9s lehet\u0151s\u00e9g\u00e9t.<br \/>\nF\u00f3nagy J\u00e1nos &#8211; aki a korm\u00e1ny rezsics\u00f6kkent\u00e9st nyomon k\u00f6vet\u0151 bizotts\u00e1g\u00e1nak vezet\u0151je &#8211; az MTI-nek hangs\u00falyozta: a kabinet az \u00fcl\u00e9s\u00e9n megvitatta a h\u00e1ztart\u00e1sok rezsics\u00f6kkent\u00e9s\u00e9nek eddigi tapasztalatait, valamint a k\u00f6vetkez\u0151 id\u0151szak feladatait, \u00e9s meg\u00e1llap\u00edtotta, hogy a tavaly decemberben bejelentett rezsics\u00f6kkent\u00e9snek k\u00f6sz\u00f6nhet\u0151en k\u00f6zel n\u00e9gymilli\u00f3 magyar h\u00e1ztart\u00e1sban 10 sz\u00e1zal\u00e9kkal cs\u00f6kkent a villany, a g\u00e1z \u00e9s a t\u00e1vf\u0171t\u00e9s d\u00edja.<br \/>\nA korm\u00e1ny nem fogadja el az energiaszolg\u00e1ltat\u00f3i lobbi t\u00f6rekv\u00e9seit, mert nem ezen c\u00e9gek profitj\u00e1t, hanem a magyar csal\u00e1dok terheinek m\u00e9rs\u00e9kl\u00e9s\u00e9t tartja szem el\u0151tt &#8211; fogalmazott az \u00e1llamtitk\u00e1r.<br \/>\nF\u00f3nagy J\u00e1nos sem a rezsics\u00f6kkent\u00e9s id\u0151pontj\u00e1ra, sem annak v\u00e1rhat\u00f3 m\u00e9rt\u00e9k\u00e9re nem mondott konkr\u00e9tumot, de hangs\u00falyozta: &#8222;dolgoznak rajta&#8221;. Hozz\u00e1f\u0171zte: tavaly a korm\u00e1ny az\u00e9rt 10 sz\u00e1zal\u00e9kban hat\u00e1rozta meg a rezsics\u00f6kkent\u00e9s m\u00e9rt\u00e9k\u00e9t, mert ezt l\u00e1tta olyan &#8222;kritikus k\u00fcsz\u00f6bnek&#8221;, amelyet m\u00e1r meg\u00e9rez a lakoss\u00e1g.<br \/>\nAz \u00e1llamtitk\u00e1r sz\u00f3lt arr\u00f3l is, hogy m\u00e9g a h\u00e9ten megjelenik a nemzeti fejleszt\u00e9si miniszter azon rendelete, amely r\u00f6gz\u00edti az \u00faj, egyszer\u0171bb \u00e9s \u00e1ttekinthet\u0151bb energiasz\u00e1mla mint\u00e1j\u00e1t. A mintasz\u00e1mla els\u0151 oldal\u00e1n r\u00f6gt\u00f6n l\u00e1that\u00f3 lesz, hogy az adott h\u00e1ztart\u00e1sban mennyi id\u0151 alatt mennyi fogyaszt\u00e1s volt, m\u00edg a d\u00edjt\u00e9telek r\u00e9szletez\u00e9se a h\u00e1toldalon lesz megtal\u00e1lhat\u00f3.(MTI)<\/p>\n","protected":false},"excerpt":{"rendered":"<p>A Nemzeti Fejleszt\u00e9si Miniszt\u00e9rium (NFM) m\u00e1r dolgozik a rezsics\u00f6kkent\u00e9s k\u00f6vetkez\u0151 l\u00e9p\u00e9s\u00e9n, \u00edgy els\u0151sorban a v\u00edz- \u00e9s csatornad\u00edjak m\u00e9rs\u00e9kl\u00e9s\u00e9nek lehet\u0151s\u00e9g\u00e9t vizsg\u00e1lja, de p\u00e9ld\u00e1ul a k\u00e9m\u00e9nysepr\u00e9si \u00e9s a szem\u00e9tsz\u00e1ll\u00edt\u00e1si d\u00edjak cs\u00f6kkent\u00e9s\u00e9nek lehet\u0151s\u00e9g\u00e9t is elemzik &#8211; mondta F\u00f3nagy J\u00e1nos, a Nemzeti Fejleszt\u00e9si Miniszt\u00e9rium (NFM) parlamenti \u00e1llamtitk\u00e1ra kedden az MTI-nek.<\/p>\n","protected":false},"author":1,"featured_media":0,"comment_status":"closed","ping_status":"closed","sticky":false,"template":"","format":"standard","meta":[],"categories":[19],"tags":[],"_links":{"self":[{"href":"https:\/\/gazdasagportal.hu\/index.php\/wp-json\/wp\/v2\/posts\/1537"}],"collection":[{"href":"https:\/\/gazdasagportal.hu\/index.php\/wp-json\/wp\/v2\/posts"}],"about":[{"href":"https:\/\/gazdasagportal.hu\/index.php\/wp-json\/wp\/v2\/types\/post"}],"author":[{"embeddable":true,"href":"https:\/\/gazdasagportal.hu\/index.php\/wp-json\/wp\/v2\/users\/1"}],"replies":[{"embeddable":true,"href":"https:\/\/gazdasagportal.hu\/index.php\/wp-json\/wp\/v2\/comments?post=1537"}],"version-history":[{"count":2,"href":"https:\/\/gazdasagportal.hu\/index.php\/wp-json\/wp\/v2\/posts\/1537\/revisions"}],"predecessor-version":[{"id":1539,"href":"https:\/\/gazdasagportal.hu\/index.php\/wp-json\/wp\/v2\/posts\/1537\/revisions\/1539"}],"wp:attachment":[{"href":"https:\/\/gazdasagportal.hu\/index.php\/wp-json\/wp\/v2\/media?parent=1537"}],"wp:term":[{"taxonomy":"category","embeddable":true,"href":"https:\/\/gazdasagportal.hu\/index.php\/wp-json\/wp\/v2\/categories?post=1537"},{"taxonomy":"post_tag","embeddable":true,"href":"https:\/\/gazdasagportal.hu\/index.php\/wp-json\/wp\/v2\/tags?post=1537"}],"curies":[{"name":"wp","href":"https:\/\/api.w.org\/{rel}","templated":true}]}}