{"id":15365,"date":"2013-08-30T17:12:41","date_gmt":"2013-08-30T15:12:41","guid":{"rendered":"http:\/\/stockportal.hu\/?p=15365"},"modified":"2013-08-30T17:12:46","modified_gmt":"2013-08-30T15:12:46","slug":"eljutottunk-odaig-hogy-eu-ellenesek-lettunk","status":"publish","type":"post","link":"https:\/\/gazdasagportal.hu\/index.php\/eljutottunk-odaig-hogy-eu-ellenesek-lettunk\/","title":{"rendered":"Eljutottunk od\u00e1ig, hogy EU ellenesek lett\u00fcnk"},"content":{"rendered":"<p><strong>T\u00e1rki: m\u00e1r t\u00f6bben tartj\u00e1k rossznak az orsz\u00e1g uni\u00f3s tags\u00e1g\u00e1t, mint j\u00f3nak.<\/strong><\/p>\n<p><strong>\u00c9vtizedes trend fordult meg\u00a0\u00a0az orsz\u00e1g eur\u00f3pai uni\u00f3s tags\u00e1g\u00e1nak meg\u00edt\u00e9l\u00e9s\u00e9vel kapcsolatban: a T\u00e1rki felm\u00e9r\u00e9se szerint valamivel t\u00f6bben gondolj\u00e1k h\u00e1tr\u00e1nyosnak a tags\u00e1got, mint ah\u00e1nyan j\u00f3nak &#8211; t\u00e1j\u00e9koztatta a v\u00e9lem\u00e9nykutat\u00f3 p\u00e9nteken az MTI-t.<!--more--><\/strong><\/p>\n<p>A t\u00e1rsadalomkutat\u00f3 int\u00e9zet ny\u00e1ri, orsz\u00e1gos reprezentat\u00edv felm\u00e9r\u00e9se szerint jelent\u0151s azok ar\u00e1nya is, akik szerint a k\u00e9rd\u00e9s nem d\u00f6nthet\u0151 el egy\u00e9rtelm\u0171en. A magyarok 39 sz\u00e1zal\u00e9ka szerint az orsz\u00e1g EU-tags\u00e1ga ink\u00e1bb rossz, 32 sz\u00e1zal\u00e9kuk szerint viszont ink\u00e1bb j\u00f3, m\u00edg 22 sz\u00e1zal\u00e9kuk v\u00e9li \u00fagy, hogy nem \u00e9rt\u00e9kelhet\u0151 egy\u00e9rtelm\u0171en az uni\u00f3s tags\u00e1g Magyarorsz\u00e1gra kifejtett hat\u00e1sa.<br \/>\nK\u00f6zlem\u00e9ny\u00fck szerint az orsz\u00e1g 2004-es uni\u00f3s csatlakoz\u00e1sa \u00f3ta eg\u00e9szen 2011-ig, az Eurobarometer ezzel kapcsolatos utols\u00f3 vizsg\u00e1lat\u00e1ig mindig azok voltak nagyobb ar\u00e1nyban, akik szerint Magyarorsz\u00e1g sz\u00e1m\u00e1ra az EU-csatlakoz\u00e1s egy\u00e9rtelm\u0171en pozit\u00edv (30-40 sz\u00e1zal\u00e9k) vagy se nem j\u00f3, se nem rossz, a tags\u00e1gr\u00f3l csak t\u00edzb\u0151l egy-k\u00e9t ember nyilatkozott negat\u00edvan.<br \/>\nAz elm\u00falt h\u00e1rom \u00e9vben azonban m\u00e1sf\u00e9lszeres\u00e9re n\u0151tt a tags\u00e1got h\u00e1tr\u00e1nynak tart\u00f3k ar\u00e1nya. Jelent\u0151sen cs\u00f6kkent a tags\u00e1got vegyesen \u00e9r\u00e9kel\u0151k sz\u00e1ma \u00e9s kisebb m\u00e9rt\u00e9kben ugyan, de m\u00e9rs\u00e9kl\u0151d\u00f6tt az uni\u00f3hoz pozit\u00edvan viszonyul\u00f3k\u00e9.<br \/>\nA felm\u00e9r\u00e9s eredm\u00e9nyeib\u0151l kider\u00fcl az is, hogy az iskol\u00e1zotts\u00e1gi szint, valamint a j\u00f6vedelmek emelked\u00e9s\u00e9vel n\u0151 a tags\u00e1got pozit\u00edvumk\u00e9nt \u00e9rt\u00e9kel\u0151k sz\u00e1ma: a legfeljebb \u00e9retts\u00e9givel rendelkez\u0151k k\u00f6z\u00f6tt t\u00edzb\u0151l h\u00e1rman, a diplom\u00e1sok k\u00f6r\u00e9ben viszont m\u00e1r t\u00edzb\u0151l \u00f6ten tartj\u00e1k j\u00f3 dolognak azt.<br \/>\nA legrosszabb j\u00f6vedelmi helyzetben l\u00e9v\u0151k alig negyede \u00e1ll pozit\u00edvan az uni\u00f3s tags\u00e1ghoz, az anyagi gondok n\u00e9lk\u00fcl \u00e9l\u0151k k\u00f6r\u00e9ben az ar\u00e1ny 61 sz\u00e1zal\u00e9k.<br \/>\nUgyancsak az \u00e1tlagosn\u00e1l t\u00f6bb t\u00e1mogat\u00f3 van a foglalkoztatottak, a budapestiek, a d\u00e9l-dun\u00e1nt\u00faliak \u00e9s az internetez\u0151k, valamint a politikailag akt\u00edvak k\u00f6r\u00e9ben.<br \/>\nP\u00e1rtpreferenci\u00e1k szerint csak az Egy\u00fctt-PM sz\u00f6vets\u00e9g t\u00e1bora emelhet\u0151 ki: az \u00e1tlagoshoz k\u00e9pest csaknem k\u00e9tszeres, 58 sz\u00e1zal\u00e9kos az EU-tags\u00e1got j\u00f3nak tart\u00f3k t\u00e1bora k\u00f6r\u00fckben.(MTI)<\/p><div id=\"gazda-3559623498\" class=\"gazda-tartalomban gazda-entity-placement\"><script async src=\"https:\/\/pagead2.googlesyndication.com\/pagead\/js\/adsbygoogle.js\"><\/script>\r\n<ins class=\"adsbygoogle\"\r\n     style=\"display:block\"\r\n     data-ad-format=\"fluid\"\r\n     data-ad-layout-key=\"-6t+ed+2i-1n-4w\"\r\n     data-ad-client=\"ca-pub-1959107119989764\"\r\n     data-ad-slot=\"4008251320\"><\/ins>\r\n<script>\r\n     (adsbygoogle = window.adsbygoogle || []).push({});\r\n<\/script><\/div>\n","protected":false},"excerpt":{"rendered":"<p>T\u00e1rki: m\u00e1r t\u00f6bben tartj\u00e1k rossznak az orsz\u00e1g uni\u00f3s tags\u00e1g\u00e1t, mint j\u00f3nak. \u00c9vtizedes trend fordult meg\u00a0\u00a0az orsz\u00e1g eur\u00f3pai uni\u00f3s tags\u00e1g\u00e1nak meg\u00edt\u00e9l\u00e9s\u00e9vel kapcsolatban: a T\u00e1rki felm\u00e9r\u00e9se szerint valamivel t\u00f6bben gondolj\u00e1k h\u00e1tr\u00e1nyosnak a tags\u00e1got, mint ah\u00e1nyan j\u00f3nak &#8211; t\u00e1j\u00e9koztatta a v\u00e9lem\u00e9nykutat\u00f3 p\u00e9nteken az MTI-t.<\/p>\n","protected":false},"author":1,"featured_media":0,"comment_status":"open","ping_status":"closed","sticky":false,"template":"","format":"standard","meta":[],"categories":[48,18],"tags":[],"_links":{"self":[{"href":"https:\/\/gazdasagportal.hu\/index.php\/wp-json\/wp\/v2\/posts\/15365"}],"collection":[{"href":"https:\/\/gazdasagportal.hu\/index.php\/wp-json\/wp\/v2\/posts"}],"about":[{"href":"https:\/\/gazdasagportal.hu\/index.php\/wp-json\/wp\/v2\/types\/post"}],"author":[{"embeddable":true,"href":"https:\/\/gazdasagportal.hu\/index.php\/wp-json\/wp\/v2\/users\/1"}],"replies":[{"embeddable":true,"href":"https:\/\/gazdasagportal.hu\/index.php\/wp-json\/wp\/v2\/comments?post=15365"}],"version-history":[{"count":2,"href":"https:\/\/gazdasagportal.hu\/index.php\/wp-json\/wp\/v2\/posts\/15365\/revisions"}],"predecessor-version":[{"id":15377,"href":"https:\/\/gazdasagportal.hu\/index.php\/wp-json\/wp\/v2\/posts\/15365\/revisions\/15377"}],"wp:attachment":[{"href":"https:\/\/gazdasagportal.hu\/index.php\/wp-json\/wp\/v2\/media?parent=15365"}],"wp:term":[{"taxonomy":"category","embeddable":true,"href":"https:\/\/gazdasagportal.hu\/index.php\/wp-json\/wp\/v2\/categories?post=15365"},{"taxonomy":"post_tag","embeddable":true,"href":"https:\/\/gazdasagportal.hu\/index.php\/wp-json\/wp\/v2\/tags?post=15365"}],"curies":[{"name":"wp","href":"https:\/\/api.w.org\/{rel}","templated":true}]}}