{"id":15359,"date":"2013-08-30T16:46:58","date_gmt":"2013-08-30T14:46:58","guid":{"rendered":"http:\/\/stockportal.hu\/?p=15359"},"modified":"2013-08-30T16:46:58","modified_gmt":"2013-08-30T14:46:58","slug":"az-rwe-nem-kommentalja-a-fogaz-reszesedese-eladasarol-szolo-hirt","status":"publish","type":"post","link":"https:\/\/gazdasagportal.hu\/index.php\/az-rwe-nem-kommentalja-a-fogaz-reszesedese-eladasarol-szolo-hirt\/","title":{"rendered":"Az RWE nem komment\u00e1lja a F\u0151g\u00e1z-r\u00e9szesed\u00e9se elad\u00e1s\u00e1r\u00f3l sz\u00f3l\u00f3 h\u00edrt"},"content":{"rendered":"<p><strong>A RWE n\u00e9met energiaipari t\u00e1rsas\u00e1g nem komment\u00e1lja a F\u0151g\u00e1z Zrt.-ben birtokolt kisebbs\u00e9gi tulajdonr\u00e9sz\u00e9nek \u00e9rt\u00e9kes\u00edt\u00e9s\u00e9r\u0151l sz\u00f3l\u00f3 h\u00edrt.<!--more--><\/strong><\/p>\n<p>Az EnergiaFocus.hu ipar\u00e1gi forr\u00e1sokra hivatkozva p\u00e9nteken azt \u00edrta, hogy az RWE vezet\u0151i a k\u00f6zelm\u00faltban a legmagasabb szinten egyeztettek a 49,83 sz\u00e1zal\u00e9kos tulajdonr\u00e9sz elad\u00e1s\u00e1r\u00f3l, \u00e9s az \u00fcgylet m\u00e9g az id\u00e9n \u0151sszel lez\u00e1rulhat. A tulajdonr\u00e9szt nem a t\u00f6bbs\u00e9gi tulajdonos f\u0151v\u00e1rosi \u00f6nkorm\u00e1nyzat veszi \u00e1t &#8211; tett\u00e9k hozz\u00e1.<br \/>\nAz RWE &#8222;ilyen spekul\u00e1ci\u00f3kat nem komment\u00e1l&#8221; &#8211; reag\u00e1lt az MTI \u00e9rdekl\u0151d\u00e9s\u00e9re Carolin Flemming, a k\u00fcls\u0151 v\u00e1llalati kommunik\u00e1ci\u00f3\u00e9rt felel\u0151s oszt\u00e1ly vezet\u0151je.<br \/>\nAz RWE a magyarorsz\u00e1gi g\u00e1z- \u00e9s \u00e1ramszolg\u00e1ltat\u00e1s egyik legnagyobb szerepl\u0151je. A n\u00e9met c\u00e9g 1995-ben, az energia\u00e1gazat privatiz\u00e1ci\u00f3ja sor\u00e1n jelent meg a magyar piacon. A t\u00f6bb mint 820 ezer embert kiszolg\u00e1l\u00f3 F\u0151g\u00e1z Zrt. mellett \u00e9rdekelt a 2,2 milli\u00f3 fogyaszt\u00f3t villamos energi\u00e1val ell\u00e1t\u00f3 ELM\u0170-\u00c9M\u00c1SZ csoportban \u00e9s m\u00e1s c\u00e9gekben is.<br \/>\nMartin Herrmann, a t\u00e1rsas\u00e1g t\u00e9rs\u00e9gi tev\u00e9kenys\u00e9g\u00e9t \u00f6sszefog\u00f3 RWE East vez\u00e9rigazgat\u00f3ja m\u00e1rciusban egy pr\u00e1gai konferenci\u00e1n azt mondta, hogy az RWE az id\u00e9n 50 sz\u00e1zal\u00e9kkal cs\u00f6kkenti magyarorsz\u00e1gi befektet\u00e9seit. Martin Herrmann ezt az energiaszektort \u00e9rint\u0151 korm\u00e1nyzati int\u00e9zked\u00e9sekkel indokolta. A v\u00e1llalatvezet\u0151 rem\u00e9ny\u00e9t fejezte ki, hogy Br\u00fcsszel v\u00e9get vet az &#8222;uni\u00f3s t\u00f6rv\u00e9nyek megs\u00e9rt\u00e9s\u00e9nek&#8221;.(MTI)<\/p>\n","protected":false},"excerpt":{"rendered":"<p>A RWE n\u00e9met energiaipari t\u00e1rsas\u00e1g nem komment\u00e1lja a F\u0151g\u00e1z Zrt.-ben birtokolt kisebbs\u00e9gi tulajdonr\u00e9sz\u00e9nek \u00e9rt\u00e9kes\u00edt\u00e9s\u00e9r\u0151l sz\u00f3l\u00f3 h\u00edrt.<\/p>\n","protected":false},"author":1,"featured_media":0,"comment_status":"open","ping_status":"closed","sticky":false,"template":"","format":"standard","meta":[],"categories":[19],"tags":[],"_links":{"self":[{"href":"https:\/\/gazdasagportal.hu\/index.php\/wp-json\/wp\/v2\/posts\/15359"}],"collection":[{"href":"https:\/\/gazdasagportal.hu\/index.php\/wp-json\/wp\/v2\/posts"}],"about":[{"href":"https:\/\/gazdasagportal.hu\/index.php\/wp-json\/wp\/v2\/types\/post"}],"author":[{"embeddable":true,"href":"https:\/\/gazdasagportal.hu\/index.php\/wp-json\/wp\/v2\/users\/1"}],"replies":[{"embeddable":true,"href":"https:\/\/gazdasagportal.hu\/index.php\/wp-json\/wp\/v2\/comments?post=15359"}],"version-history":[{"count":2,"href":"https:\/\/gazdasagportal.hu\/index.php\/wp-json\/wp\/v2\/posts\/15359\/revisions"}],"predecessor-version":[{"id":15361,"href":"https:\/\/gazdasagportal.hu\/index.php\/wp-json\/wp\/v2\/posts\/15359\/revisions\/15361"}],"wp:attachment":[{"href":"https:\/\/gazdasagportal.hu\/index.php\/wp-json\/wp\/v2\/media?parent=15359"}],"wp:term":[{"taxonomy":"category","embeddable":true,"href":"https:\/\/gazdasagportal.hu\/index.php\/wp-json\/wp\/v2\/categories?post=15359"},{"taxonomy":"post_tag","embeddable":true,"href":"https:\/\/gazdasagportal.hu\/index.php\/wp-json\/wp\/v2\/tags?post=15359"}],"curies":[{"name":"wp","href":"https:\/\/api.w.org\/{rel}","templated":true}]}}