{"id":1530,"date":"2013-01-29T15:24:34","date_gmt":"2013-01-29T14:24:34","guid":{"rendered":"http:\/\/stockportal.hu\/?p=1530"},"modified":"2013-01-29T17:29:39","modified_gmt":"2013-01-29T16:29:39","slug":"egyiptom-szakerto-az-arab-tavasz-esemenyei-folytatodnak","status":"publish","type":"post","link":"https:\/\/gazdasagportal.hu\/index.php\/egyiptom-szakerto-az-arab-tavasz-esemenyei-folytatodnak\/","title":{"rendered":"Egyiptom &#8211; Szak\u00e9rt\u0151: az arab tavasz esem\u00e9nyei folytat\u00f3dnak"},"content":{"rendered":"<p><strong>A k\u00e9t \u00e9ve kezd\u0151d\u00f6tt arab tavasz esem\u00e9nyei folytat\u00f3dnak most Egyiptomban: az akkori megmozdul\u00e1sok nem hozt\u00e1k meg a v\u00e1rt eredm\u00e9nyeket, ez\u00e9rt vonultak ism\u00e9t az utc\u00e1ra az emberek &#8211; mondta Daher Rashed, az E\u00f6tv\u00f6s Lor\u00e1nd Tudom\u00e1nyegyetem arab tansz\u00e9k\u00e9nek tan\u00e1rseg\u00e9dje kedden az MTI-nek.<!--more--><\/strong><\/p>\n<p>A szak\u00e9rt\u0151 kifejtette, hogy k\u00e9t \u00e9vvel ezel\u0151tt az\u00e9rt nem siker\u00fclt el\u00e9rni a meghat\u00e1rozott c\u00e9lokat, mert nem egy egys\u00e9ges, homog\u00e9n csoport ind\u00edtotta \u00e9s vitte v\u00e9gig a forradalmat, hanem sok, elt\u00e9r\u0151 elveket vall\u00f3 politikai er\u0151. K\u00f6z\u00fcl\u00fck kiemelkedett a Muzulm\u00e1n Testv\u00e9ris\u00e9g, amely &#8222;nemzetk\u00f6zi beleegyez\u00e9ssel, a t\u00f6bbiek h\u00e1t\u00e1n&#8221; jutott hatalomra. Azonban sok m\u00e1s politikai er\u0151, b\u00e1r szint\u00e9n akt\u00edvan r\u00e9szt vett a forradalomban, &#8222;a partvonalon&#8221; maradt, \u00e9s \u00fagy \u00e9rzi, kiz\u00e1rt\u00e1k a hatalomb\u00f3l &#8211; mutatott r\u00e1.<br \/>\nV\u00e9lem\u00e9nye szerint a jelenlegi megmozdul\u00e1sok c\u00e9lja teh\u00e1t a hatalom reformja, hogy ne csak egy p\u00e1rt, egy ir\u00e1nyzat kez\u00e9ben legyen az ir\u00e1ny\u00edt\u00e1s, hanem a k\u00fcl\u00f6nb\u00f6z\u0151 politikai er\u0151k r\u00e9szt vehessenek a d\u00f6nt\u00e9shozatalban. Am\u00edg ezt el nem \u00e9rik, folytat\u00f3dhatnak a t\u00fcntet\u00e9sek &#8211; tette hozz\u00e1.<br \/>\nDaher Rashed szerint nem val\u00f3sz\u00edn\u0171, hogy a korm\u00e1nyzatnak \u00e9s a t\u00f6bbi p\u00e1rtnak hamar siker\u00fclne tet\u0151 al\u00e1 hoznia a meg\u00e1llapod\u00e1st, ugyanis most nagyon t\u00e1vol \u00e1llnak egym\u00e1st\u00f3l az \u00e1ll\u00e1spontok. A t\u00f6bb ellenz\u00e9ki p\u00e1rtot t\u00f6m\u00f6r\u00edt\u0151 Nemzeti Megment\u00e9s Frontja elk\u00f6telezett a t\u00fcntet\u00e9sek folytat\u00e1sa mellett, a t\u00e1rgyal\u00e1sok megkezd\u00e9s\u00e9hez pedig el\u0151felt\u00e9teleket szab &#8211; magyar\u00e1zta. Hangs\u00falyozta, az sem seg\u00edti a megegyez\u00e9st, hogy \u00fagy t\u0171nik, Mohamed Murszi \u00e1llamf\u0151 az el\u0151dj\u00e9hez hasonl\u00f3 jogk\u00f6r\u00f6ket igyekszik kiv\u00edvni mag\u00e1nak, pedig k\u00e9t \u00e9vvel ezel\u0151tt a forradalom kirobban\u00e1s\u00e1nak egyik c\u00e9lja \u00e9ppen az volt, hogy visszaszor\u00edts\u00e1k az eln\u00f6k befoly\u00e1s\u00e1t.<br \/>\nA szak\u00e9rt\u0151 \u00fagy l\u00e1tja, gazdas\u00e1gi okai is vannak annak, hogy Egyiptom ism\u00e9t megmozdul\u00e1sok sz\u00edntere. Az elm\u00falt k\u00e9t \u00e9vben a gazdas\u00e1g stagn\u00e1lt, semmilyen el\u0151rel\u00e9p\u00e9st sem siker\u00fclt el\u00e9rni, pedig sokan annak idej\u00e9n a gazdas\u00e1gi fejl\u0151d\u00e9s rem\u00e9ny\u00e9ben csatlakoztak a forradalomhoz &#8211; mondta.<br \/>\nKiemelte: az arab tavasz orsz\u00e1gai k\u00f6z\u00fcl m\u00e1shol, p\u00e9ld\u00e1ul Tun\u00e9zi\u00e1ban is el\u0151fordulnak ugyan t\u00fcntet\u00e9sek, mert m\u00e9g mindig nem l\u00e1tj\u00e1k az emberek, hogy a forradalom el\u00e9rte volna a c\u00e9lj\u00e1t, Egyiptomban a legrosszabb a helyzet. A 85 milli\u00f3 lakos\u00fa orsz\u00e1gban az emberek k\u00e9tharmada m\u00e9lyszeg\u00e9nys\u00e9gben \u00e9l. Az emberek gazdas\u00e1gjav\u00edt\u00f3 l\u00e9p\u00e9seket v\u00e1rnak a korm\u00e1nyt\u00f3l, de a kabinet azt hangoztatja, olyan rossz \u00e1llapotokat \u00f6r\u00f6k\u00f6lt az el\u0151z\u0151 rezsimt\u0151l, hogy t\u00f6bb id\u0151re van sz\u00fcks\u00e9ge a fejl\u0151d\u00e9s beind\u00edt\u00e1s\u00e1hoz. A szeg\u00e9nys\u00e9gben \u00e9l\u0151knek azonban nem felt\u00e9tlen\u00fcl van idej\u00fck ezt kiv\u00e1rni.<br \/>\nA Nemzeti Megment\u00e9s Frontja h\u00e9tf\u0151n elutas\u00edtotta a Mohamed Murszi \u00e1ltal el\u0151z\u0151 este javasolt nemzeti p\u00e1rbesz\u00e9det. Az eln\u00f6k v\u00e1laszul kezdem\u00e9nyezte a hadsereg jogainak kisz\u00e9les\u00edt\u00e9s\u00e9t, \u00e9s ehhez megkapta a t\u00f6rv\u00e9nyhoz\u00f3k felhatalmaz\u00e1s\u00e1t.<br \/>\nK\u00f6zben folytat\u00f3dtak a t\u00fcntet\u00e9sek a nagyv\u00e1rosokban. Az \u00e1llamf\u0151 h\u00e1rom egyiptomi k\u00f6rzetben sz\u00fcks\u00e9g\u00e1llapotot vezetett be. A t\u00fcntet\u00e9sek ennek ellen\u00e9re keddre virrad\u00f3ra is folytat\u00f3dtak, a t\u00fcntet\u0151k az \u00e9jjel rend\u0151r\u0151rs\u00f6ket is megt\u00e1madtak.<br \/>\nAz elm\u00falt napok t\u00fcntet\u00e9seit k\u00eds\u00e9r\u0151 er\u0151szak 51 ember\u00e9letet k\u00f6vetelt az orsz\u00e1gban.(MTI)<\/p>\n","protected":false},"excerpt":{"rendered":"<p>A k\u00e9t \u00e9ve kezd\u0151d\u00f6tt arab tavasz esem\u00e9nyei folytat\u00f3dnak most Egyiptomban: az akkori megmozdul\u00e1sok nem hozt\u00e1k meg a v\u00e1rt eredm\u00e9nyeket, ez\u00e9rt vonultak ism\u00e9t az utc\u00e1ra az emberek &#8211; mondta Daher Rashed, az E\u00f6tv\u00f6s Lor\u00e1nd Tudom\u00e1nyegyetem arab tansz\u00e9k\u00e9nek tan\u00e1rseg\u00e9dje kedden az MTI-nek.<\/p>\n","protected":false},"author":1,"featured_media":0,"comment_status":"closed","ping_status":"closed","sticky":false,"template":"","format":"standard","meta":[],"categories":[16],"tags":[],"_links":{"self":[{"href":"https:\/\/gazdasagportal.hu\/index.php\/wp-json\/wp\/v2\/posts\/1530"}],"collection":[{"href":"https:\/\/gazdasagportal.hu\/index.php\/wp-json\/wp\/v2\/posts"}],"about":[{"href":"https:\/\/gazdasagportal.hu\/index.php\/wp-json\/wp\/v2\/types\/post"}],"author":[{"embeddable":true,"href":"https:\/\/gazdasagportal.hu\/index.php\/wp-json\/wp\/v2\/users\/1"}],"replies":[{"embeddable":true,"href":"https:\/\/gazdasagportal.hu\/index.php\/wp-json\/wp\/v2\/comments?post=1530"}],"version-history":[{"count":1,"href":"https:\/\/gazdasagportal.hu\/index.php\/wp-json\/wp\/v2\/posts\/1530\/revisions"}],"predecessor-version":[{"id":1531,"href":"https:\/\/gazdasagportal.hu\/index.php\/wp-json\/wp\/v2\/posts\/1530\/revisions\/1531"}],"wp:attachment":[{"href":"https:\/\/gazdasagportal.hu\/index.php\/wp-json\/wp\/v2\/media?parent=1530"}],"wp:term":[{"taxonomy":"category","embeddable":true,"href":"https:\/\/gazdasagportal.hu\/index.php\/wp-json\/wp\/v2\/categories?post=1530"},{"taxonomy":"post_tag","embeddable":true,"href":"https:\/\/gazdasagportal.hu\/index.php\/wp-json\/wp\/v2\/tags?post=1530"}],"curies":[{"name":"wp","href":"https:\/\/api.w.org\/{rel}","templated":true}]}}