{"id":152730,"date":"2026-04-29T10:40:46","date_gmt":"2026-04-29T08:40:46","guid":{"rendered":"https:\/\/gazdasagportal.hu\/?p=152730"},"modified":"2026-04-29T10:40:46","modified_gmt":"2026-04-29T08:40:46","slug":"wizz-air-a-ceg-noveli-kapacitasait-fenntartja-az-alacsony-arakat-es-nem-tervez-jaratcsokkentest-a-magas-kerozinarak-miatt","status":"publish","type":"post","link":"https:\/\/gazdasagportal.hu\/index.php\/wizz-air-a-ceg-noveli-kapacitasait-fenntartja-az-alacsony-arakat-es-nem-tervez-jaratcsokkentest-a-magas-kerozinarak-miatt\/","title":{"rendered":"Wizz Air: a c\u00e9g n\u00f6veli kapacit\u00e1sait, fenntartja az alacsony \u00e1rakat \u00e9s nem tervez j\u00e1ratcs\u00f6kkent\u00e9st a magas kerozin\u00e1rak miatt"},"content":{"rendered":"<p class=\"mb-5 text-lg font-normal leading-7.5 lg:mb-7.5 lg:text-xl\"><strong>A Wizz Air l\u00e9git\u00e1rsas\u00e1g K\u00f6z\u00e9p- \u00e9s Kelet-Eur\u00f3p\u00e1ban n\u00f6veli kapacit\u00e1s\u00e1t, az id\u00e9n 80 milli\u00f3 utassal \u00e9s \u00e9l\u00e9nk ny\u00e1ri forgalommal sz\u00e1mol, tov\u00e1bbra is fenntartja az alacsony \u00e1rakat, \u00e9s az emelked\u0151 kerozin\u00e1rak ellen\u00e9re sem tervez j\u00e1ratcs\u00f6kkent\u00e9st \u00e9s \u00fczemanyag-p\u00f3td\u00edj bevezet\u00e9st &#8211; k\u00f6z\u00f6lte Ian Malin, a Wizz Air kereskedelmi igazgat\u00f3ja kedden online sajt\u00f3t\u00e1j\u00e9koztat\u00f3n.<\/strong><\/p>\n<p><!--more--><\/p>\n<div class=\"ads-in-post2\"><script async src=\"https:\/\/pagead2.googlesyndication.com\/pagead\/js\/adsbygoogle.js\"><\/script>\r\n<ins class=\"adsbygoogle\"\r\n     style=\"display:block\"\r\n     data-ad-format=\"fluid\"\r\n     data-ad-layout-key=\"-6t+ed+2i-1n-4w\"\r\n     data-ad-client=\"ca-pub-1959107119989764\"\r\n     data-ad-slot=\"4008251320\"><\/ins>\r\n<script>\r\n     (adsbygoogle = window.adsbygoogle || []).push({});\r\n<\/script><\/div>\n<p class=\"mb-5 text-lg font-normal leading-7.5 lg:mb-7.5 lg:text-xl\">A Wizz Air teljes\u00edtette a 2025 \u00e1prilis\u00e1ban ind\u00edtott, h\u00e1rom\u00e9ves \u00e1talak\u00edt\u00e1si programja (Customer First Compass) els\u0151 \u00e9vi v\u00e1llal\u00e1sait: jelent\u0151s h\u00e1l\u00f3zatb\u0151v\u00edt\u00e9sr\u0151l, javul\u00f3 \u00fcgyf\u00e9l-el\u00e9gedetts\u00e9gr\u0151l \u00e9s \u00faj, az utas\u00e9lm\u00e9nyt jav\u00edt\u00f3 szolg\u00e1ltat\u00e1sokr\u00f3l sz\u00e1molt be &#8211; ismertette.<\/p>\n<p class=\"mb-5 text-lg font-normal leading-7.5 lg:mb-7.5 lg:text-xl\">Besz\u00e1molt r\u00f3la, hogy<\/p><div id=\"gazda-1641290500\" class=\"gazda-tartalomban gazda-entity-placement\"><script async src=\"https:\/\/pagead2.googlesyndication.com\/pagead\/js\/adsbygoogle.js\"><\/script>\r\n<ins class=\"adsbygoogle\"\r\n     style=\"display:block\"\r\n     data-ad-format=\"fluid\"\r\n     data-ad-layout-key=\"-6t+ed+2i-1n-4w\"\r\n     data-ad-client=\"ca-pub-1959107119989764\"\r\n     data-ad-slot=\"4008251320\"><\/ins>\r\n<script>\r\n     (adsbygoogle = window.adsbygoogle || []).push({});\r\n<\/script><\/div>\n<div class=\"mb-2\">\n<h3 class=\"wp-block-heading\">a strat\u00e9gia r\u00e9szek\u00e9nt a l\u00e9git\u00e1rsas\u00e1g K\u00f6z\u00e9p- \u00e9s Kelet-Eur\u00f3p\u00e1ban n\u00f6veli kapacit\u00e1s\u00e1t, er\u0151s\u00edti a f\u0151v\u00e1rosok k\u00f6z\u00f6tti \u00f6sszek\u00f6ttet\u00e9seket, valamint \u00faj b\u00e1zisokat nyitott t\u00f6bbek k\u00f6z\u00f6tt Pozsonyban, Palerm\u00f3ban \u00e9s Vars\u00f3ban, mik\u00f6zben megl\u00e9v\u0151 b\u00e1zisait &#8211; k\u00f6zt\u00fck Budapestet \u00e9s Mil\u00e1n\u00f3t &#8211; is b\u0151v\u00edtette, mik\u00f6zben az olasz belf\u00f6ldi piacon is er\u0151s\u00edtette poz\u00edci\u00f3j\u00e1t.<\/h3>\n<\/div>\n<p class=\"mb-5 text-lg font-normal leading-7.5 lg:mb-7.5 lg:text-xl\">\n<p class=\"mb-5 text-lg font-normal leading-7.5 lg:mb-7.5 lg:text-xl\">A l\u00e9git\u00e1rsas\u00e1g tov\u00e1bbra is fenntartja az alacsony \u00e1rakat: jegyeinek mintegy 40 sz\u00e1zal\u00e9ka 40 eur\u00f3 alatti, amit a modern flotta \u00e9s az alacsony k\u00f6lts\u00e9gstrukt\u00fara biztos\u00edt &#8211; jegyezte meg.<\/p>\n<p class=\"mb-5 text-lg font-normal leading-7.5 lg:mb-7.5 lg:text-xl\">A Wizz Air 2025-ben 68,6 milli\u00f3 utast sz\u00e1ll\u00edtott \u00e9s mintegy 335 ezer menetrendszerinti j\u00e1ratot \u00fczemeltetett. A l\u00e9git\u00e1rsas\u00e1g az idei \u00e9vre 80 milli\u00f3 utassal \u00e9s \u00e9l\u00e9nk ny\u00e1ri forgalommal sz\u00e1mol. A cs\u00facsid\u0151szakban napi 1200 j\u00e1rat ind\u00edt\u00e1s\u00e1t tervezik, ami 20 sz\u00e1zal\u00e9kos n\u00f6veked\u00e9s 2025 azonos id\u0151szak\u00e1hoz k\u00e9pest.<\/p>\n<p class=\"mb-5 text-lg font-normal leading-7.5 lg:mb-7.5 lg:text-xl\">A Customer First Compass program c\u00e9lja az utas\u00e9lm\u00e9ny, a pontoss\u00e1g \u00e9s a szolg\u00e1ltat\u00e1sok min\u0151s\u00e9g\u00e9nek jav\u00edt\u00e1sa az alacsony jegy\u00e1rak fenntart\u00e1sa mellett; erre h\u00e1rom \u00e9v alatt mintegy 14 milli\u00e1rd eur\u00f3t ford\u00edtanak.<\/p>\n<p class=\"mb-5 text-lg font-normal leading-7.5 lg:mb-7.5 lg:text-xl\">Ian Malin elmondta: a l\u00e9git\u00e1rsas\u00e1g az elm\u00falt id\u0151szakban tervezett j\u00e1ratainak 99,5 sz\u00e1zal\u00e9k\u00e1t teljes\u00edtette, ami ipar\u00e1gi szinten is magas ar\u00e1ny, mik\u00f6zben 7 sz\u00e1zal\u00e9kkal n\u00f6vekedett a j\u00e1ratsz\u00e1m az el\u0151z\u0151 \u00e9v azonos id\u0151szak\u00e1hoz k\u00e9pest.<\/p>\n<p class=\"mb-5 text-lg font-normal leading-7.5 lg:mb-7.5 lg:text-xl\">A t\u00e1rsas\u00e1g m\u00e9g a pand\u00e9mia el\u0151tt d\u00f6nt\u00f6tt a flotta meg\u00faj\u00edt\u00e1s\u00e1r\u00f3l, ami akkor b\u00e1tor l\u00e9p\u00e9snek sz\u00e1m\u00edtott; m\u00e1ra az \u00e1llom\u00e1ny 262 rep\u00fcl\u0151g\u00e9pre b\u0151v\u00fclt, amelyek t\u00f6bb mint 75 sz\u00e1zal\u00e9ka m\u00e1r a leg\u00fajabb gener\u00e1ci\u00f3s Airbus A321neo t\u00edpus\u00fa; a flotta \u00e1tlag\u00e9letkora 4,65 \u00e9vre cs\u00f6kkent.<\/p>\n<div class=\"mb-2\">\n<h3 class=\"wp-block-heading\">A v\u00e1llalat tervei szerint 2029-re teljes m\u00e9rt\u00e9kben \u00e1t\u00e1ll erre a t\u00edpusra, amely a fenntarthat\u00f3s\u00e1g jav\u00edt\u00e1sa mellett hat\u00e9konyabb m\u0171k\u00f6d\u00e9st \u00e9s alacsonyabb \u00fczemeltet\u00e9si k\u00f6lts\u00e9geket biztos\u00edt, ami k\u00fcl\u00f6n\u00f6sen fontos a jelenlegi \u00fczleti k\u00f6rnyezetben<\/h3>\n<\/div>\n<p class=\"mb-5 text-lg font-normal leading-7.5 lg:mb-7.5 lg:text-xl\">\n<p class=\"mb-5 text-lg font-normal leading-7.5 lg:mb-7.5 lg:text-xl\">&#8211; tette hozz\u00e1.<\/p>\n<p class=\"mb-5 text-lg font-normal leading-7.5 lg:mb-7.5 lg:text-xl\">A t\u00e1rsas\u00e1g a flottafejleszt\u00e9s r\u00e9szek\u00e9nt az elm\u00falt 12 h\u00f3napban 37 \u00faj rep\u00fcl\u0151g\u00e9pet \u00e1ll\u00edtott forgalomba 12 orsz\u00e1gban, \u00e9s t\u00f6bb mint 345 \u00faj \u00fatvonalat ind\u00edtott. Az ultrafapados \u00fczleti modell fenntarthat\u00f3 m\u0171k\u00f6dtet\u00e9se szempontj\u00e1b\u00f3l k\u00fcl\u00f6n\u00f6sen fontos volt az \u00fcgyf\u00e9lig\u00e9nyek pontos felm\u00e9r\u00e9se \u00e9s a h\u00e1l\u00f3zat \u00e1talak\u00edt\u00e1sa &#8211; jegyezte meg.<\/p>\n<div class=\"mb-2\">\n<h3 class=\"wp-block-heading\">A h\u00e1l\u00f3zatb\u0151v\u00edt\u00e9s mellett \u00faj term\u00e9keket \u00e9s szolg\u00e1ltat\u00e1sokat vezettek be az utas\u00e9lm\u00e9ny jav\u00edt\u00e1sa \u00e9rdek\u00e9ben, mint a WIZZ Link digit\u00e1lis foglal\u00e1si platform vagy a WIZZ Class, amely k\u00e9nyelmesebb utaz\u00e1st tesz lehet\u0151v\u00e9. Elind\u00edtott\u00e1k a\u00a0<em>&#8222;Disruption Assistance&#8221;\u00a0<\/em>elnevez\u00e9s\u0171 digit\u00e1lis szolg\u00e1ltat\u00e1st is, amely fennakad\u00e1sok eset\u00e9n alternat\u00edv \u00e1tfoglal\u00e1si lehet\u0151s\u00e9get biztos\u00edt az utasoknak.<\/h3>\n<\/div>\n<p class=\"mb-5 text-lg font-normal leading-7.5 lg:mb-7.5 lg:text-xl\">\n<p class=\"mb-5 text-lg font-normal leading-7.5 lg:mb-7.5 lg:text-xl\">Az eredm\u00e9nyek k\u00f6z\u00f6tt eml\u00edtette, hogy az \u00fcgyf\u00e9l-el\u00e9gedetts\u00e9g 77 sz\u00e1zal\u00e9k f\u00f6l\u00e9 emelkedett, ami \u00e9ves szinten mintegy 5 sz\u00e1zal\u00e9kpontos javul\u00e1s.<\/p>\n<p class=\"mb-5 text-lg font-normal leading-7.5 lg:mb-7.5 lg:text-xl\">A Wizz Air emellett b\u0151v\u00edtette digit\u00e1lis szolg\u00e1ltat\u00e1sait is, bele\u00e9rtve a fed\u00e9lzeti rendel\u00e9st, az online kapcsol\u00f3d\u00e1si teszteket, valamint a mobilalkalmaz\u00e1sban el\u00e9rhet\u0151 MyJourney funkci\u00f3t, amely val\u00f3s idej\u0171 utast\u00e1j\u00e9koztat\u00e1st \u00e9s \u00f6nkiszolg\u00e1l\u00f3 lehet\u0151s\u00e9geket k\u00edn\u00e1l.<\/p>\n<p class=\"mb-5 text-lg font-normal leading-7.5 lg:mb-7.5 lg:text-xl\">Owain Jones k\u00f6z\u00f6lte: a l\u00e9git\u00e1rsas\u00e1g az ipar\u00e1g szerepl\u0151ivel egyetemben elk\u00f6telezett, hogy 2050-re el\u00e9rje a karbonsemlegess\u00e9get. A v\u00e1llalat megfelel az uni\u00f3s \u00e9s brit fenntarthat\u00f3 rep\u00fcl\u0151g\u00e9p-\u00fczemanyagokra vonatkoz\u00f3 el\u0151\u00edr\u00e1soknak, \u00e9s jelenleg 2 sz\u00e1zal\u00e9kos SAF-kever\u00e9ket alkalmaz. Az \u00fatvonal-optimaliz\u00e1l\u00e1ssal eddig mintegy 2674 tonna \u00fczemanyagot takar\u00edtott meg \u00e9s az \u00faj gener\u00e1ci\u00f3 \u00fcl\u00e9sekkel is cs\u00f6kkentik a k\u00e1rosanyag kibocs\u00e1t\u00e1st.<\/p>\n<p class=\"mb-5 text-lg font-normal leading-7.5 lg:mb-7.5 lg:text-xl\">Marion Geoffroy, a Wizz Air UK vez\u00e9rigazgat\u00f3ja, kiemelte:<\/p>\n<div class=\"mb-2\">\n<h3 class=\"wp-block-heading\">a l\u00e9git\u00e1rsas\u00e1g c\u00e9lja, hogy 2030-ra a pil\u00f3t\u00e1k legal\u00e1bb 7 sz\u00e1zal\u00e9ka n\u0151 legyen, m\u00edg a fels\u0151vezet\u00e9sben a n\u0151k ar\u00e1ny\u00e1t 40 sz\u00e1zal\u00e9kra emeln\u00e9k. Hozz\u00e1tette, hogy a v\u00e1llalat t\u00f6bb mint 100 k\u00fcl\u00f6nb\u00f6z\u0151 nemzetis\u00e9g\u0171 munkav\u00e1llal\u00f3t foglalkoztat.<\/h3>\n<\/div>\n<p class=\"mb-5 text-lg font-normal leading-7.5 lg:mb-7.5 lg:text-xl\">\n<p class=\"mb-5 text-lg font-normal leading-7.5 lg:mb-7.5 lg:text-xl\">Ian Malin k\u00e9rd\u00e9sre v\u00e1laszolva elmondta: a ny\u00e1ri \u00fczemanyagig\u00e9ny mintegy 70 sz\u00e1zal\u00e9k\u00e1t kedvez\u0151 \u00e1ron fedezt\u00e9k le, \u00edgy k\u00f6lts\u00e9geik kisebb m\u00e9rt\u00e9kben emelkedhetnek, mint azon versenyt\u00e1rsak\u00e9, amelyek nem alkalmaztak hasonl\u00f3 fedezeti strat\u00e9gi\u00e1t.<\/p>\n<p class=\"mb-5 text-lg font-normal leading-7.5 lg:mb-7.5 lg:text-xl\">Hozz\u00e1tette: a kedvez\u0151tlen geopolitikai helyzet \u00e9s az emelked\u0151 kerozin\u00e1rak ellen\u00e9re nem terveznek j\u00e1ratcs\u00f6kkent\u00e9st \u00e9s \u00fczemanyag-p\u00f3td\u00edj bevezet\u00e9s\u00e9t sem, a jegy\u00e1rak ugyanakkor a piaci \u00e9s \u00fczleti k\u00f6rnyezet v\u00e1ltoz\u00e1sait t\u00fckr\u00f6zik majd.<\/p>\n<p class=\"mb-5 text-lg font-normal leading-7.5 lg:mb-7.5 lg:text-xl\">Kiemelte: a Wizz Air p\u00e9nz\u00fcgyi helyzete stabil, mintegy 2 milli\u00e1rd eur\u00f3 likvid forr\u00e1ssal rendelkezik.<\/p>\n","protected":false},"excerpt":{"rendered":"<p>A Wizz Air l\u00e9git\u00e1rsas\u00e1g K\u00f6z\u00e9p- \u00e9s Kelet-Eur\u00f3p\u00e1ban n\u00f6veli kapacit\u00e1s\u00e1t, az id\u00e9n 80 milli\u00f3 utassal \u00e9s \u00e9l\u00e9nk ny\u00e1ri forgalommal sz\u00e1mol, tov\u00e1bbra is fenntartja az alacsony \u00e1rakat, \u00e9s az emelked\u0151 kerozin\u00e1rak ellen\u00e9re sem tervez j\u00e1ratcs\u00f6kkent\u00e9st \u00e9s \u00fczemanyag-p\u00f3td\u00edj bevezet\u00e9st &#8211; k\u00f6z\u00f6lte Ian Malin, a Wizz Air kereskedelmi igazgat\u00f3ja kedden online sajt\u00f3t\u00e1j\u00e9koztat\u00f3n.<\/p>\n","protected":false},"author":1001010,"featured_media":152731,"comment_status":"open","ping_status":"open","sticky":false,"template":"","format":"standard","meta":[],"categories":[436,19],"tags":[],"_links":{"self":[{"href":"https:\/\/gazdasagportal.hu\/index.php\/wp-json\/wp\/v2\/posts\/152730"}],"collection":[{"href":"https:\/\/gazdasagportal.hu\/index.php\/wp-json\/wp\/v2\/posts"}],"about":[{"href":"https:\/\/gazdasagportal.hu\/index.php\/wp-json\/wp\/v2\/types\/post"}],"author":[{"embeddable":true,"href":"https:\/\/gazdasagportal.hu\/index.php\/wp-json\/wp\/v2\/users\/1001010"}],"replies":[{"embeddable":true,"href":"https:\/\/gazdasagportal.hu\/index.php\/wp-json\/wp\/v2\/comments?post=152730"}],"version-history":[{"count":1,"href":"https:\/\/gazdasagportal.hu\/index.php\/wp-json\/wp\/v2\/posts\/152730\/revisions"}],"predecessor-version":[{"id":152732,"href":"https:\/\/gazdasagportal.hu\/index.php\/wp-json\/wp\/v2\/posts\/152730\/revisions\/152732"}],"wp:featuredmedia":[{"embeddable":true,"href":"https:\/\/gazdasagportal.hu\/index.php\/wp-json\/wp\/v2\/media\/152731"}],"wp:attachment":[{"href":"https:\/\/gazdasagportal.hu\/index.php\/wp-json\/wp\/v2\/media?parent=152730"}],"wp:term":[{"taxonomy":"category","embeddable":true,"href":"https:\/\/gazdasagportal.hu\/index.php\/wp-json\/wp\/v2\/categories?post=152730"},{"taxonomy":"post_tag","embeddable":true,"href":"https:\/\/gazdasagportal.hu\/index.php\/wp-json\/wp\/v2\/tags?post=152730"}],"curies":[{"name":"wp","href":"https:\/\/api.w.org\/{rel}","templated":true}]}}