{"id":152726,"date":"2026-04-29T07:44:46","date_gmt":"2026-04-29T06:44:46","guid":{"rendered":"https:\/\/gazdasagportal.hu\/?p=152726"},"modified":"2026-04-29T07:44:46","modified_gmt":"2026-04-29T06:44:46","slug":"kamatdontes-varga-mihaly-egyhangulag-dontott-a-monetaris-tanacs-az-alapkamat-szinten-tartasarol","status":"publish","type":"post","link":"https:\/\/gazdasagportal.hu\/index.php\/kamatdontes-varga-mihaly-egyhangulag-dontott-a-monetaris-tanacs-az-alapkamat-szinten-tartasarol\/","title":{"rendered":"Kamatd\u00f6nt\u00e9s &#8211; Varga Mih\u00e1ly: egyhang\u00falag d\u00f6nt\u00f6tt a monet\u00e1ris tan\u00e1cs az alapkamat szinten tart\u00e1s\u00e1r\u00f3l"},"content":{"rendered":"<p class=\"mb-5 text-lg font-normal leading-7.5 lg:mb-7.5 lg:text-xl\"><strong>Egyhang\u00falag \u00e9s egyetlen napirendi javaslatk\u00e9nt d\u00f6nt\u00f6tt a Magyar Nemzeti Bank (MNB) Monet\u00e1ris Tan\u00e1csa az alapkamat szinten tart\u00e1s\u00e1r\u00f3l &#8211; mondta Varga Mih\u00e1ly, az MNB eln\u00f6ke a test\u00fclet keddi \u00fcl\u00e9s\u00e9t k\u00f6vet\u0151 sajt\u00f3t\u00e1j\u00e9koztat\u00f3j\u00e1n Budapesten.<\/strong><\/p>\n<p><!--more--><\/p>\n<div class=\"ads-in-post2\"><script async src=\"https:\/\/pagead2.googlesyndication.com\/pagead\/js\/adsbygoogle.js\"><\/script>\r\n<ins class=\"adsbygoogle\"\r\n     style=\"display:block\"\r\n     data-ad-format=\"fluid\"\r\n     data-ad-layout-key=\"-6t+ed+2i-1n-4w\"\r\n     data-ad-client=\"ca-pub-1959107119989764\"\r\n     data-ad-slot=\"4008251320\"><\/ins>\r\n<script>\r\n     (adsbygoogle = window.adsbygoogle || []).push({});\r\n<\/script><\/div>\n<figure class=\"mb-5 lg:mb-7.5\"><img decoding=\"async\" class=\"w-full rounded-sm\" src=\"https:\/\/static.mti.hu\/styles\/h_800px_jpg\/public\/DSZZS20260428028.jpg?itok=ejjmAEJ2\" alt=\"Az MNB Monet\u00e1ris Tan\u00e1csa kamatd\u00f6nt\u0151 \u00fcl\u00e9s\u00e9t k\u00f6vet\u0151 sajt\u00f3t\u00e1j\u00e9koztat\u00f3\" \/><figcaption class=\"mt-2 text-center text-xs italic text-gray-400\">Budapest, 2026. \u00e1prilis 28. Varga Mih\u00e1ly, a Magyar Nemzeti Bank (MNB) eln\u00f6ke sajt\u00f3t\u00e1j\u00e9koztat\u00f3t tart az MNB Monet\u00e1ris Tan\u00e1cs\u00e1nak kamatd\u00f6nt\u0151 \u00fcl\u00e9se ut\u00e1n a jegybank \u00e9p\u00fclet\u00e9ben 2026. \u00e1prilis 28-\u00e1n. MTI\/Szigetv\u00e1ry Zsolt<\/figcaption><\/figure>\n<p class=\"mb-5 text-lg font-normal leading-7.5 lg:mb-7.5 lg:text-xl\">A jegybank eln\u00f6ke szerint a vil\u00e1gszint\u0171 bizonytalans\u00e1gok miatt tov\u00e1bbra is indokolt az \u00f3vatos, t\u00fcrelmes, k\u00f6r\u00fcltekint\u0151 monet\u00e1ris politika, a geopolitikai fesz\u00fclts\u00e9gek \u00e9s a k\u00f6lts\u00e9gvet\u00e9si bizonytalans\u00e1gok egyar\u00e1nt sz\u00fcks\u00e9gess\u00e9 teszik a stabilit\u00e1sorient\u00e1lt megk\u00f6zel\u00edt\u00e9st.<\/p>\n<div class=\"mb-2\">\n<h3 class=\"wp-block-heading\">A glob\u00e1lis n\u00f6veked\u00e9si \u00e9s infl\u00e1ci\u00f3s kil\u00e1t\u00e1sok romlanak, az ir\u00e1ni konfliktus lez\u00e1r\u00e1sa bizonytalan, \u00edgy a hat\u00e1sai is azok. Az energia\u00e1rak v\u00e1ltoz\u00e9konyan alakulnak, a piac kisz\u00e1m\u00edthatatlan, a dr\u00e1ga olaj \u00e9s g\u00e1z fokozza az inflci\u00f3s kock\u00e1zatot, f\u0151k\u00e9pp a jelent\u0151s importra szorul\u00f3 orsz\u00e1gokban. Emelkednek az alapanyag\u00e1rak is, a m\u0171tr\u00e1gya dr\u00e1gul\u00e1sa az \u00e9lemiszer-infl\u00e1ci\u00f3 er\u0151s\u00f6d\u00e9s\u00e9t okozhatja. Vil\u00e1gszinten a befektet\u0151i hangulat kiss\u00e9 javult, de a p\u00e9nz\u00fcgyi piacok tov\u00e1bbra is \u00e9rz\u00e9kenyen reag\u00e1lnak minden fejlem\u00e9nyre<\/h3>\n<\/div>\n<p class=\"mb-5 text-lg font-normal leading-7.5 lg:mb-7.5 lg:text-xl\">\n<p class=\"mb-5 text-lg font-normal leading-7.5 lg:mb-7.5 lg:text-xl\">&#8211; mondta.<\/p>\n<p class=\"mb-5 text-lg font-normal leading-7.5 lg:mb-7.5 lg:text-xl\">Hozz\u00e1tette: belf\u00f6ld\u00f6n az orsz\u00e1ggy\u0171l\u00e9si v\u00e1laszt\u00e1s ut\u00e1n m\u00e9rs\u00e9kl\u0151dtek a kock\u00e1zati fel\u00e1rak, de ezek tart\u00f3ss\u00e1g\u00e1r\u00f3l \u00e9s az infl\u00e1ci\u00f3s hat\u00e1sokr\u00f3l alaposan meg kell gy\u0151z\u0151dni. A forint er\u0151s\u00f6d\u00e9se visszafogja az \u00e1remelked\u00e9st, a devizapiaci stabilit\u00e1s fenntart\u00e1sa kulcsfontoss\u00e1g\u00fa.<\/p>\n<div class=\"mb-2\">\n<h3 class=\"wp-block-heading\">Kit\u00e9rt arra, hogy a k\u00f6lts\u00e9gvet\u00e9sben lehetnek kock\u00e1zatok, de a kil\u00e1t\u00e1sokat csak az \u00faj korm\u00e1ny int\u00e9zked\u00e9seinek ismeret\u00e9ben lehet pontosabban felm\u00e9rni. A fenntarthat\u00f3 infl\u00e1ci\u00f3s c\u00e9l el\u00e9r\u00e9s\u00e9t a fegyelmezett k\u00f6lts\u00e9gvet\u00e9si politika, az \u00e1rstabilit\u00e1st a lakoss\u00e1gi \u00e9s v\u00e1llalati v\u00e1rakoz\u00e1sok m\u00e9rs\u00e9kel\u0151d\u00e9se t\u00e1mogathatja. A jegybank mindehhez pozit\u00edv re\u00e1lkamat biztos\u00edt\u00e1s\u00e1val j\u00e1rul hozz\u00e1, a tan\u00e1cs pedig tov\u00e1bbra is adatvez\u00e9relten d\u00f6nt<\/h3>\n<\/div>\n<p class=\"mb-5 text-lg font-normal leading-7.5 lg:mb-7.5 lg:text-xl\">\n<p class=\"mb-5 text-lg font-normal leading-7.5 lg:mb-7.5 lg:text-xl\">&#8211; sz\u00f6gezte le.<\/p>\n<p class=\"mb-5 text-lg font-normal leading-7.5 lg:mb-7.5 lg:text-xl\">K\u00e9rd\u00e9sekre v\u00e1laszolva Varga Mih\u00e1ly elmondta, hogy a k\u00f6vetkez\u0151 korm\u00e1nyf\u0151vel m\u00e9g nem t\u00e1rgyalt, a p\u00e9nz\u00fcgyminiszter-jel\u00f6lttel viszont m\u00e1r tiszt\u00e1zt\u00e1k a legfontosabb k\u00e9rd\u00e9seket, \u00e9s a tov\u00e1bbiakban j\u00f3 \u00e9s folyamatos munkakapcsolatra t\u00f6rekednek.<\/p>\n<p class=\"mb-5 text-lg font-normal leading-7.5 lg:mb-7.5 lg:text-xl\">Az eur\u00f3 bevezet\u00e9s\u00e9vel kapcsolatos k\u00e9rd\u00e9sre kifejtette, hogy arr\u00f3l nem az MNB d\u00f6nt, csak seg\u00edtheti a folyamatot a monet\u00e1ris politik\u00e1val. Azt mondta, a lakoss\u00e1g r\u00e9szr\u0151l t\u00falzottnak tartja az eur\u00f3bevezet\u00e9ssel kapcsolatos v\u00e1rakoz\u00e1sokat, ugyanis a k\u00f6zelm\u00falt tapasztalatai alapj\u00e1n nincs garancia a sikerre alapos el\u0151k\u00e9sz\u00edt\u00e9s n\u00e9lk\u00fcl. Megjegyezte, hogy az eddigi eur\u00f3\u00f6vezeti csatlakoz\u00e1soknak k\u00f6r\u00fclbel\u00fcl a fele tekinthet\u0151 sikeresnek.<\/p>\n<figure class=\"mb-5 lg:mb-7.5\"><img decoding=\"async\" class=\"w-full rounded-sm\" src=\"https:\/\/static.mti.hu\/styles\/h_800px_jpg\/public\/DSZZS20260428038.jpg?itok=VuB4Ri0l\" alt=\"Az MNB Monet\u00e1ris Tan\u00e1csa kamatd\u00f6nt\u0151 \u00fcl\u00e9s\u00e9t k\u00f6vet\u0151 sajt\u00f3t\u00e1j\u00e9koztat\u00f3\" \/><figcaption class=\"mt-2 text-center text-xs italic text-gray-400\">Budapest, 2026. \u00e1prilis 28. Varga Mih\u00e1ly, a Magyar Nemzeti Bank (MNB) eln\u00f6ke sajt\u00f3t\u00e1j\u00e9koztat\u00f3t tart az MNB Monet\u00e1ris Tan\u00e1cs\u00e1nak kamatd\u00f6nt\u0151 \u00fcl\u00e9se ut\u00e1n a jegybank \u00e9p\u00fclet\u00e9ben 2026. \u00e1prilis 28-\u00e1n. MTI\/Szigetv\u00e1ry Zsolt<\/figcaption><\/figure>\n<p class=\"mb-5 text-lg font-normal leading-7.5 lg:mb-7.5 lg:text-xl\">Varga Mih\u00e1ly elmondta, hogy a monet\u00e1ris tan\u00e1cs keddi \u00fcl\u00e9s\u00e9n szerepelt egy t\u00e1j\u00e9koztat\u00f3 anyag az eur\u00f3bevezet\u00e9s el\u0151szob\u00e1j\u00e1nak sz\u00e1m\u00edt\u00f3 ERM-II. \u00e1rfolyamrendszerhez val\u00f3 csatlakoz\u00e1sr\u00f3l, a jegybank k\u00e9sz\u00fcl a munk\u00e1ra, de a d\u00f6nt\u00e9st a korm\u00e1nynak kell majd meghoznia.<\/p>\n<p class=\"mb-5 text-lg font-normal leading-7.5 lg:mb-7.5 lg:text-xl\">Kit\u00e9rt arra, hogy\u00a0<em>&#8222;kifizet\u0151d\u0151&#8221;<\/em>\u00a0a jegybankeln\u00f6ki poz\u00edci\u00f3, illetve a monet\u00e1ris politika f\u00fcggetlens\u00e9g\u00e9nek tiszteletben tart\u00e1sa, \u00e9s ezt a v\u00e1laszt\u00e1s \u00f3ta tapasztalt piaci folyamatok is igazolt\u00e1k, ami a hozamokban \u00e9s az \u00e1rfolyamokban egyar\u00e1nt megmutatkozik.<\/p>\n<figure class=\"mb-5 lg:mb-7.5\"><img decoding=\"async\" class=\"w-full rounded-sm\" src=\"https:\/\/static.mti.hu\/styles\/h_800px_jpg\/public\/DSZZS20260428033.jpg?itok=YDOyMZtK\" alt=\"Az MNB Monet\u00e1ris Tan\u00e1csa kamatd\u00f6nt\u0151 \u00fcl\u00e9s\u00e9t k\u00f6vet\u0151 sajt\u00f3t\u00e1j\u00e9koztat\u00f3\" \/><figcaption class=\"mt-2 text-center text-xs italic text-gray-400\">Budapest, 2026. \u00e1prilis 28. Varga Mih\u00e1ly, a Magyar Nemzeti Bank (MNB) eln\u00f6ke sajt\u00f3t\u00e1j\u00e9koztat\u00f3t tart az MNB Monet\u00e1ris Tan\u00e1cs\u00e1nak kamatd\u00f6nt\u0151 \u00fcl\u00e9se ut\u00e1n a jegybank \u00e9p\u00fclet\u00e9ben 2026. \u00e1prilis 28-\u00e1n. MTI\/Szigetv\u00e1ry Zsolt<\/figcaption><\/figure>\n<p class=\"mb-5 text-lg font-normal leading-7.5 lg:mb-7.5 lg:text-xl\">Egy \u00fajs\u00e1g\u00edr\u00f3i k\u00e9rd\u00e9sre Varga Mih\u00e1ly elmondta, vizsg\u00e1lj\u00e1k a Simor Andr\u00e1s volt jegybankeln\u00f6k \u00e1ltal elmondottakat, miszerint az MNB kor\u00e1bbi vezet\u00e9se nyom\u00e1st gyakorolt az Erste Bankra Simor elt\u00e1vol\u00edt\u00e1sa \u00fcgy\u00e9ben. Az MNB eln\u00f6ke azt rem\u00e9li, hogy a vizsg\u00e1lat n\u00e9h\u00e1ny napon bel\u00fcl lez\u00e1rulhat, \u00e9s jelezte, hogy arr\u00f3l t\u00e1j\u00e9koztat\u00e1st fognak adni.<\/p>\n<p class=\"mb-5 text-lg font-normal leading-7.5 lg:mb-7.5 lg:text-xl\">Az MNB Monet\u00e1ris Tan\u00e1csa kedden 6,25 sz\u00e1zal\u00e9kon hagyta a jegybanki alapkamatot, a kamatfolyos\u00f3 k\u00e9t sz\u00e9le sem v\u00e1ltozott. Az egynapos (O\/N) bet\u00e9ti kamat 5,25 sz\u00e1zal\u00e9k, a kamatfolyos\u00f3 fels\u0151 sz\u00e9le, az egynapos (O\/N) hitel kamata 7,25 sz\u00e1zal\u00e9k maradt. A d\u00f6nt\u00e9s megfelelt az elemz\u0151i v\u00e1rakoz\u00e1soknak. Kamatd\u00f6nt\u0151 \u00fcl\u00e9s legk\u00f6zelebb m\u00e1jus 26-\u00e1n lesz.<\/p>\n<div class=\"my-5 first:mt-0 last:mb-0\">\n<div class=\"svelte-1p8ja58\">\n<figure class=\"mb-5 lg:mb-7.5\"><video class=\"w-full rounded-sm\" poster=\"https:\/\/static.mti.hu\/video-previews\/Dalma-%20Kamatd%C3%B6nt%C3%A9s%20-%20Varga%20Mih%C3%A1ly_%20egyhang%C3%BAlag%20d%C3%B6nt%C3%B6tt%20a%20monet%C3%A1ris%20tan%C3%A1cs%20az%20alapkamat%20szinten%20tart%C3%A1s%C3%A1r%C3%B3l-20260428T165134-0-0.jpg\" controls=\"controls\" width=\"300\" height=\"150\" data-mce-fragment=\"1\"><\/video><\/figure>\n<\/div>\n<\/div>\n<div class=\"my-5 first:mt-0 last:mb-0\">\n<hr \/>\n<p class=\"text-sm italic text-gray-400\">Bor\u00edt\u00f3k\u00e9p:\u00a0Budapest, 2026. \u00e1prilis 28. Varga Mih\u00e1ly, a Magyar Nemzeti Bank (MNB) eln\u00f6ke sajt\u00f3t\u00e1j\u00e9koztat\u00f3t tart az MNB Monet\u00e1ris Tan\u00e1cs\u00e1nak kamatd\u00f6nt\u0151 \u00fcl\u00e9se ut\u00e1n a jegybank \u00e9p\u00fclet\u00e9ben 2026. \u00e1prilis 28-\u00e1n. MTI\/Szigetv\u00e1ry Zsolt<\/p>\n<\/div>\n<p>(MTI)<\/p>\n","protected":false},"excerpt":{"rendered":"<p>Egyhang\u00falag \u00e9s egyetlen napirendi javaslatk\u00e9nt d\u00f6nt\u00f6tt a Magyar Nemzeti Bank (MNB) Monet\u00e1ris Tan\u00e1csa az alapkamat szinten tart\u00e1s\u00e1r\u00f3l &#8211; mondta Varga Mih\u00e1ly, az MNB eln\u00f6ke a test\u00fclet keddi \u00fcl\u00e9s\u00e9t k\u00f6vet\u0151 sajt\u00f3t\u00e1j\u00e9koztat\u00f3j\u00e1n Budapesten.<\/p>\n","protected":false},"author":1001010,"featured_media":152727,"comment_status":"open","ping_status":"open","sticky":false,"template":"","format":"standard","meta":[],"categories":[436,19],"tags":[],"_links":{"self":[{"href":"https:\/\/gazdasagportal.hu\/index.php\/wp-json\/wp\/v2\/posts\/152726"}],"collection":[{"href":"https:\/\/gazdasagportal.hu\/index.php\/wp-json\/wp\/v2\/posts"}],"about":[{"href":"https:\/\/gazdasagportal.hu\/index.php\/wp-json\/wp\/v2\/types\/post"}],"author":[{"embeddable":true,"href":"https:\/\/gazdasagportal.hu\/index.php\/wp-json\/wp\/v2\/users\/1001010"}],"replies":[{"embeddable":true,"href":"https:\/\/gazdasagportal.hu\/index.php\/wp-json\/wp\/v2\/comments?post=152726"}],"version-history":[{"count":1,"href":"https:\/\/gazdasagportal.hu\/index.php\/wp-json\/wp\/v2\/posts\/152726\/revisions"}],"predecessor-version":[{"id":152728,"href":"https:\/\/gazdasagportal.hu\/index.php\/wp-json\/wp\/v2\/posts\/152726\/revisions\/152728"}],"wp:featuredmedia":[{"embeddable":true,"href":"https:\/\/gazdasagportal.hu\/index.php\/wp-json\/wp\/v2\/media\/152727"}],"wp:attachment":[{"href":"https:\/\/gazdasagportal.hu\/index.php\/wp-json\/wp\/v2\/media?parent=152726"}],"wp:term":[{"taxonomy":"category","embeddable":true,"href":"https:\/\/gazdasagportal.hu\/index.php\/wp-json\/wp\/v2\/categories?post=152726"},{"taxonomy":"post_tag","embeddable":true,"href":"https:\/\/gazdasagportal.hu\/index.php\/wp-json\/wp\/v2\/tags?post=152726"}],"curies":[{"name":"wp","href":"https:\/\/api.w.org\/{rel}","templated":true}]}}