{"id":152445,"date":"2026-03-12T15:22:45","date_gmt":"2026-03-12T14:22:45","guid":{"rendered":"https:\/\/gazdasagportal.hu\/?p=152445"},"modified":"2026-03-12T15:22:45","modified_gmt":"2026-03-12T14:22:45","slug":"lakasbiztositasi-kampany-40-kal-nott-az-erdeklodes-a-lakasbiztositasok-irant-az-elso-heten","status":"publish","type":"post","link":"https:\/\/gazdasagportal.hu\/index.php\/lakasbiztositasi-kampany-40-kal-nott-az-erdeklodes-a-lakasbiztositasok-irant-az-elso-heten\/","title":{"rendered":"Lak\u00e1sbiztos\u00edt\u00e1si kamp\u00e1ny: 40%-kal n\u0151tt az \u00e9rdekl\u0151d\u00e9s a lak\u00e1sbiztos\u00edt\u00e1sok ir\u00e1nt az els\u0151 h\u00e9ten"},"content":{"rendered":"<p><strong>A lak\u00e1sbiztos\u00edt\u00e1si kamp\u00e1ny els\u0151 het\u00e9ben jelent\u0151sen, k\u00f6zel 40%-kal ugrott meg a lak\u00e1sbiztos\u00edt\u00e1sokkal kapcsolatos keres\u00e9sek sz\u00e1ma a Bank360 oldal\u00e1n. Ugyanezen id\u0151szakban a megk\u00f6t\u00f6tt szerz\u0151d\u00e9sek sz\u00e1m\u00e1ban is jelent\u0151s, 30%-ot meghalad\u00f3 n\u00f6veked\u00e9s volt megfigyelhet\u0151. Ugyanakkor a 2025-\u00f6s adatokkal \u00f6sszevetve cs\u00f6kkent azok ar\u00e1nya, akik a m\u00e1rciusi kamp\u00e1nyt jel\u00f6lt\u00e9k meg r\u00e9gi szerz\u0151d\u00e9s\u00fck felmond\u00e1s\u00e1nak okak\u00e9nt.<\/strong><!--more--><\/p>\n<div class=\"ads-in-post2\"><script async src=\"https:\/\/pagead2.googlesyndication.com\/pagead\/js\/adsbygoogle.js\"><\/script>\r\n<ins class=\"adsbygoogle\"\r\n     style=\"display:block\"\r\n     data-ad-format=\"fluid\"\r\n     data-ad-layout-key=\"-6t+ed+2i-1n-4w\"\r\n     data-ad-client=\"ca-pub-1959107119989764\"\r\n     data-ad-slot=\"4008251320\"><\/ins>\r\n<script>\r\n     (adsbygoogle = window.adsbygoogle || []).push({});\r\n<\/script><\/div>\n<p>A lak\u00e1sbiztos\u00edt\u00e1si kamp\u00e1ny els\u0151 het\u00e9ben j\u00f3l l\u00e1that\u00f3 volt a <a href=\"https:\/\/bank360.hu\/lakasbiztositas\" target=\"_blank\" rel=\"noopener\">lak\u00e1sbiztos\u00edt\u00e1sok<\/a> ir\u00e1nti fokozott \u00e9rdekl\u0151d\u00e9s. A kamp\u00e1ny elindul\u00e1s\u00e1t k\u00f6vet\u0151, m\u00e1rcius 2. \u00e9s m\u00e1rcius 8. k\u00f6z\u00f6tti h\u00e9ten ugyanis 38,8%-kal n\u0151tt meg a lak\u00e1sbiztos\u00edt\u00e1sokkal kapcsolatos kalkul\u00e1ci\u00f3k sz\u00e1ma az azt megel\u0151z\u0151, febru\u00e1r 23. \u00e9s m\u00e1rcius 1. k\u00f6z\u00f6tti h\u00e9t adataihoz k\u00e9pest.<\/p>\n<p>A fentihez hasonl\u00f3 m\u00e9rt\u00e9k\u0171, ugyancsak jelent\u0151s b\u0151v\u00fcl\u00e9s volt megfigyelhet\u0151 a megk\u00f6t\u00f6tt szerz\u0151d\u00e9sek mennyis\u00e9g\u00e9t illet\u0151en is \u2013 ezen a t\u00e9ren 31,8%-os volt a b\u0151v\u00fcl\u00e9s m\u00e1rcius els\u0151 \u00e9s febru\u00e1r utols\u00f3 het\u00e9nek viszonylat\u00e1ban. Ugyanakkor eg\u00e9szen m\u00e1s k\u00e9pet kapunk, amennyiben a megk\u00f6t\u00f6tt szerz\u0151d\u00e9sek sz\u00e1m\u00e1t az el\u0151z\u0151 \u00e9v azonos id\u0151szak\u00e1val vetj\u00fck \u00f6ssze \u2013 ebben az esetben ugyanis az l\u00e1tszik, hogy 2026 m\u00e1rcius\u00e1nak els\u0151 het\u00e9ben 38,3%-kal kevesebb lak\u00e1sbiztos\u00edt\u00e1st k\u00f6t\u00f6ttek, mint a tavalyi \u00e9v azonos id\u0151szak\u00e1ban.<\/p><div id=\"gazda-3228417814\" class=\"gazda-tartalomban gazda-entity-placement\"><script async src=\"https:\/\/pagead2.googlesyndication.com\/pagead\/js\/adsbygoogle.js\"><\/script>\r\n<ins class=\"adsbygoogle\"\r\n     style=\"display:block\"\r\n     data-ad-format=\"fluid\"\r\n     data-ad-layout-key=\"-6t+ed+2i-1n-4w\"\r\n     data-ad-client=\"ca-pub-1959107119989764\"\r\n     data-ad-slot=\"4008251320\"><\/ins>\r\n<script>\r\n     (adsbygoogle = window.adsbygoogle || []).push({});\r\n<\/script><\/div>\n<p>Tov\u00e1bb \u00e1rnyalja a k\u00e9pet, hogy m\u00edg a 2025. m\u00e1rcius 2. \u00e9s m\u00e1rcius 8. k\u00f6z\u00f6tt megk\u00f6t\u00f6tt szerz\u0151d\u00e9sek 39,6%-\u00e1n\u00e1l jel\u00f6lt\u00e9k meg a m\u00e1rciusi kamp\u00e1nyt a kor\u00e1bbi szerz\u0151d\u00e9s felmond\u00e1s\u00e1nak okak\u00e9nt, addig az idei \u00e9v azonos id\u0151szak\u00e1ban megk\u00f6t\u00f6tt szerz\u0151d\u00e9sek eset\u00e9ben ez az ar\u00e1ny m\u00e1r csak 31,3% volt &#8211; der\u00fcl ki a <a href=\"https:\/\/bank360.hu\/\" target=\"_blank\" rel=\"noopener\">Bank360<\/a> adataib\u00f3l.<\/p>\n<p><strong>\u00cdgy n\u00e9znek ki a szerz\u0151d\u00e9sek<\/strong><\/p>\n<p>A 2026. m\u00e1rcius 2. \u00e9s m\u00e1rcius 8. k\u00f6z\u00f6tt megk\u00f6t\u00f6tt lak\u00e1sbiztos\u00edt\u00e1si szerz\u0151d\u00e9sek \u00e1tlagos \u00e9ves d\u00edja 35\u00a0103 forint volt, ami 7\u00a0366 forinttal kevesebb (-17,3%) a tavalyi \u00e9v azonos id\u0151szak\u00e1ban megk\u00f6t\u00f6tt szerz\u0151d\u00e9sek \u00e1tlagos \u00e9ves d\u00edj\u00e1n\u00e1l. A szerz\u0151d\u0151k t\u00falnyom\u00f3 t\u00f6bbs\u00e9ge, 89,2%-a \u00e9ves d\u00edjfizet\u00e9si gyakoris\u00e1got v\u00e1lasztott. F\u00e9l\u00e9ves d\u00edjfizet\u00e9si \u00fctemet csup\u00e1n a szerz\u0151d\u0151k 1,5%-a, negyed\u00e9ves \u00fctemet a szerz\u0151d\u0151k 6,2%-a, havi \u00fctemet pedig a szerz\u0151d\u0151k 3,1%-a v\u00e1lasztott m\u00e1rcius els\u0151 het\u00e9ben.<\/p>\n<p>Az id\u00e9n m\u00e1rcius 2. \u00e9s m\u00e1rcius 8. k\u00f6z\u00f6tt megk\u00f6t\u00f6tt lak\u00e1sbiztos\u00edt\u00e1si szerz\u0151d\u00e9sek k\u00f6z\u00fcl a legolcs\u00f3bbnak 3\u00a0642 forint, m\u00edg a legdr\u00e1g\u00e1bbnak 190\u00a0236 forint volt az \u00e9ves d\u00edja. El\u0151bbi egy miskolci t\u00e1rsash\u00e1zi lak\u00e1s, ut\u00f3bbi egy debreceni csal\u00e1di h\u00e1z volt. A sz\u00f3ban forg\u00f3 id\u0151szakban megk\u00f6t\u00f6tt szerz\u0151d\u00e9sek z\u00f6me, 53,8%-a csal\u00e1di h\u00e1zra, 37,9%-a pedig t\u00e1rsash\u00e1zi lak\u00e1sra megk\u00f6t\u00f6tt biztos\u00edt\u00e1s volt. A sorh\u00e1z csak a szerz\u0151d\u00e9sek 5,1%-\u00e1ban, az ikerh\u00e1z pedig a szerz\u0151d\u00e9sek 3,1%-\u00e1ban jelent meg, mint az ingatlan t\u00edpusa.<\/p>\n<p>Az ingatlanok 68,2%-a k\u0151b\u0151l vagy t\u00e9gl\u00e1b\u00f3l \u00e9p\u00fclt, m\u00edg a panelek ar\u00e1nya csup\u00e1n 11,3% volt. A beton r\u00e9szar\u00e1nya 7,2%, a k\u00f6nny\u0171szerkezetes ingatlanok\u00e9 2,6%, a tiszt\u00e1n v\u00e1lyog\u00e9 0,5% volt a friss szerz\u0151d\u00e9seken bel\u00fcl. A vegyes falazat v\u00e1lyoggal a szerz\u0151d\u00e9sek 9,2%-\u00e1ban, a vegyes falazat v\u00e1lyog n\u00e9lk\u00fcl pedig a szerz\u0151d\u00e9sek 1%-\u00e1ban lett megjel\u00f6lve, mint az ingatlan \u00e9p\u00edt\u0151anyaga.<\/p>\n<p>Az \u00fcgyfelek \u00e1ltal k\u00e9rt, az ingatlanra vonatkoz\u00f3 <a href=\"https:\/\/bank360.hu\/biztositas\" target=\"_blank\" rel=\"noopener\">biztos\u00edt\u00e1si \u00f6sszegek<\/a> \u00e1tlagos \u00e9rt\u00e9ke 50\u00a0043\u00a0311 forint volt. A szerz\u0151d\u00e9sek 20,5%-\u00e1ban itt az \u00fajj\u00e1\u00e9p\u00edt\u00e9si \u00e9rt\u00e9k lett meghat\u00e1rozva konkr\u00e9t \u00f6sszeghat\u00e1r helyett. Az ing\u00f3s\u00e1gokra vonatkoz\u00f3, az \u00fcgyfelek \u00e1ltal k\u00e9rt biztos\u00edt\u00e1si \u00f6sszegek \u00e1tlaga 8\u00a0153\u00a0626 forint volt. Az \u00fajrabeszerz\u00e9si \u00e9rt\u00e9k a szerz\u0151d\u00e9sek 14,9%-\u00e1ban lett megjel\u00f6lve az ing\u00f3s\u00e1gokra vonatkoz\u00f3 biztos\u00edt\u00e1si \u00f6sszegk\u00e9nt.<\/p>\n<p>Az adatok alapj\u00e1n elmondhat\u00f3, hogy a szerz\u0151d\u0151k els\u00f6pr\u0151 t\u00f6bbs\u00e9ge saj\u00e1t haszn\u00e1latban l\u00e9v\u0151 ingatlanra k\u00f6t\u00f6tt biztos\u00edt\u00e1st (91,8%), m\u00edg a b\u00e9rbe adott (6,2%) \u00e9s a b\u00e9relt (2,1%) ingatlanok egy\u00fcttes ar\u00e1nya is 10% alatt maradt.<\/p>\n<p>A szerz\u0151d\u00e9sekben szerepl\u0151 ingatlanok hasznos alapter\u00fclete \u00e1tlagosan 87,4 n\u00e9gyzetm\u00e9ter volt m\u00e1rcius els\u0151 het\u00e9ben, m\u00edg az ingatlanok \u00e1tlagos \u00e9letkora 45,7 \u00e9v volt.<\/p>\n","protected":false},"excerpt":{"rendered":"<p>A lak\u00e1sbiztos\u00edt\u00e1si kamp\u00e1ny els\u0151 het\u00e9ben jelent\u0151sen, k\u00f6zel 40%-kal ugrott meg a lak\u00e1sbiztos\u00edt\u00e1sokkal kapcsolatos keres\u00e9sek sz\u00e1ma a Bank360 oldal\u00e1n. Ugyanezen id\u0151szakban a megk\u00f6t\u00f6tt szerz\u0151d\u00e9sek sz\u00e1m\u00e1ban is jelent\u0151s, 30%-ot meghalad\u00f3 n\u00f6veked\u00e9s volt megfigyelhet\u0151. Ugyanakkor a 2025-\u00f6s adatokkal \u00f6sszevetve cs\u00f6kkent azok ar\u00e1nya, akik a m\u00e1rciusi kamp\u00e1nyt jel\u00f6lt\u00e9k meg r\u00e9gi szerz\u0151d\u00e9s\u00fck felmond\u00e1s\u00e1nak okak\u00e9nt.<\/p>\n","protected":false},"author":1001010,"featured_media":145781,"comment_status":"open","ping_status":"open","sticky":false,"template":"","format":"standard","meta":[],"categories":[436,19],"tags":[],"_links":{"self":[{"href":"https:\/\/gazdasagportal.hu\/index.php\/wp-json\/wp\/v2\/posts\/152445"}],"collection":[{"href":"https:\/\/gazdasagportal.hu\/index.php\/wp-json\/wp\/v2\/posts"}],"about":[{"href":"https:\/\/gazdasagportal.hu\/index.php\/wp-json\/wp\/v2\/types\/post"}],"author":[{"embeddable":true,"href":"https:\/\/gazdasagportal.hu\/index.php\/wp-json\/wp\/v2\/users\/1001010"}],"replies":[{"embeddable":true,"href":"https:\/\/gazdasagportal.hu\/index.php\/wp-json\/wp\/v2\/comments?post=152445"}],"version-history":[{"count":2,"href":"https:\/\/gazdasagportal.hu\/index.php\/wp-json\/wp\/v2\/posts\/152445\/revisions"}],"predecessor-version":[{"id":152447,"href":"https:\/\/gazdasagportal.hu\/index.php\/wp-json\/wp\/v2\/posts\/152445\/revisions\/152447"}],"wp:featuredmedia":[{"embeddable":true,"href":"https:\/\/gazdasagportal.hu\/index.php\/wp-json\/wp\/v2\/media\/145781"}],"wp:attachment":[{"href":"https:\/\/gazdasagportal.hu\/index.php\/wp-json\/wp\/v2\/media?parent=152445"}],"wp:term":[{"taxonomy":"category","embeddable":true,"href":"https:\/\/gazdasagportal.hu\/index.php\/wp-json\/wp\/v2\/categories?post=152445"},{"taxonomy":"post_tag","embeddable":true,"href":"https:\/\/gazdasagportal.hu\/index.php\/wp-json\/wp\/v2\/tags?post=152445"}],"curies":[{"name":"wp","href":"https:\/\/api.w.org\/{rel}","templated":true}]}}