{"id":149612,"date":"2025-05-21T15:34:30","date_gmt":"2025-05-21T14:34:30","guid":{"rendered":"https:\/\/gazdasagportal.hu\/?p=149612"},"modified":"2025-05-21T15:34:30","modified_gmt":"2025-05-21T14:34:30","slug":"miert-ilyen-hideg-a-tavasz-megvaltoztak-az-evszakok","status":"publish","type":"post","link":"https:\/\/gazdasagportal.hu\/index.php\/miert-ilyen-hideg-a-tavasz-megvaltoztak-az-evszakok\/","title":{"rendered":"Mi\u00e9rt ilyen hideg a tavasz? &#8211; Megv\u00e1ltoztak az \u00e9vszakok!"},"content":{"rendered":"<table class=\"m_2182194088084355685r5-o\" role=\"presentation\" border=\"0\" width=\"100%\" cellspacing=\"0\" cellpadding=\"0\" align=\"left\">\n<tbody>\n<tr>\n<td class=\"m_2182194088084355685r6-i m_2182194088084355685nl2go-default-textstyle\" align=\"left\" valign=\"top\">\n<div>\n<p><strong>\u201eNorv\u00e9gi\u00e1ban jobb az id\u0151, mint n\u00e1lunk.\u201d \u2013 panaszolj\u00e1k sokan, mik\u00f6zben 2025 m\u00e1jus k\u00f6zep\u00e9n kab\u00e1tban indulnak munk\u00e1ba vagy \u00e9pp elhalasztj\u00e1k a tavaszi t\u00far\u00e1kat. Az ELTE Meteorol\u00f3giai Tansz\u00e9k kutat\u00f3i \u2013 Szab\u00f3 P\u00e9ter, Kis Anna \u00e9s Pongr\u00e1cz Rita \u2013 friss tanulm\u00e1nyukban megvizsg\u00e1lt\u00e1k: val\u00f3ban rendk\u00edv\u00fcli-e az idei tavasz, mi okozhatja a szokatlan hideget, \u00e9s mit \u00e1rul el mindez az \u00e9vszakok hossz\u00fa t\u00e1v\u00fa v\u00e1ltoz\u00e1sair\u00f3l.<\/strong><!--more--><\/p>\n<div class=\"ads-in-post2\"><script async src=\"https:\/\/pagead2.googlesyndication.com\/pagead\/js\/adsbygoogle.js\"><\/script>\r\n<ins class=\"adsbygoogle\"\r\n     style=\"display:block\"\r\n     data-ad-format=\"fluid\"\r\n     data-ad-layout-key=\"-6t+ed+2i-1n-4w\"\r\n     data-ad-client=\"ca-pub-1959107119989764\"\r\n     data-ad-slot=\"4008251320\"><\/ins>\r\n<script>\r\n     (adsbygoogle = window.adsbygoogle || []).push({});\r\n<\/script><\/div>\n<p>Az elm\u00falt k\u00e9t h\u00e9tben szokatlannak \u00e9rezhet\u0151 az uralkod\u00f3 h\u0171v\u00f6s id\u0151j\u00e1r\u00e1s, ami f\u0151leg a d\u00e9lel\u0151tti \u00f3r\u00e1kban \u00e9s este felt\u0171n\u0151. Val\u00f3ban, az idei tavasz a tavalyin\u00e1l sokkal hidegebb haz\u00e1nkban, de azt nem szabad elfelejten\u00fcnk, hogy 2024 tavasza volt a legmelegebb 1901 \u00f3ta. Ugyanakkor extr\u00e9m meleg peri\u00f3dusok is voltak id\u00e9n, p\u00e9ld\u00e1ul janu\u00e1rban, olyannyira, hogy az a mostani m\u00e1jus eleji hidegebb \u00e9rt\u00e9kekkel szinte azonos h\u0151m\u00e9rs\u00e9klet\u0171 volt (kb. 10 \u00b0C) \u2013 nem csoda teh\u00e1t, ha valaki kab\u00e1tban j\u00e1rt m\u00e1jusban. \u00d6sszess\u00e9g\u00e9ben azonban\u00a0<strong>az idei \u00e9v els\u0151 fel\u00e9ben a kl\u00edma\u00e1tlagn\u00e1l ink\u00e1bb kiss\u00e9 melegebb volt haz\u00e1nkban, ez\u00e9rt legfeljebb a tavalyi \u00e9vhez viszony\u00edtva helyt\u00e1ll\u00f3, hogy \u201enagyon hidegnek\u201d nevezz\u00fck az idei tavaszt<\/strong>.<\/p>\n<\/div>\n<\/td>\n<\/tr>\n<\/tbody>\n<\/table>\n<table class=\"m_2182194088084355685r7-o\" role=\"presentation\" border=\"0\" width=\"600\" cellspacing=\"0\" cellpadding=\"0\" align=\"center\">\n<tbody>\n<tr>\n<td class=\"m_2182194088084355685r8-i\"><img decoding=\"async\" class=\"CToWUd a6T\" tabindex=\"0\" src=\"https:\/\/ci3.googleusercontent.com\/meips\/ADKq_NYtmUIxcd-1T-4PuFkzSKmNYzqliSO9-ZI0_eqjpnqScZVvN_mKqEecN4iZoxrhJgF4Qr8tvvzyQ7kcHASc571w30MeQ0H3bnUy_WVKIFi8b8An3bvUiX4JpYUvwmJQA6OOJoS3vbtJJR1mzTaqftU=s0-d-e1-ft#https:\/\/f7930.img.a.d.sendibm1.com\/im\/sh\/_fBXqiSEWDrw.jpg?u=1vcqsYC5HMzcSL9iYSy1CoB0wjL3Rw\" width=\"600\" border=\"0\" data-bit=\"iit\" \/><\/td>\n<\/tr>\n<\/tbody>\n<\/table>\n<table class=\"m_2182194088084355685r5-o\" role=\"presentation\" border=\"0\" width=\"100%\" cellspacing=\"0\" cellpadding=\"0\" align=\"left\">\n<tbody>\n<tr>\n<td class=\"m_2182194088084355685r6-i m_2182194088084355685nl2go-default-textstyle\" align=\"left\" valign=\"top\">\n<div>\n<h2 class=\"m_2182194088084355685default-heading2\">Lok\u00e1lis hideg, glob\u00e1lis meleg<\/h2>\n<p>A magyarorsz\u00e1gi m\u00e1jusi hidegek ellen\u00e9re glob\u00e1lisan 2025 tov\u00e1bbra is a m\u00e1sodik legmelegebb \u00e9v az eddigi m\u00e9r\u00e9sek alapj\u00e1n. Izlandon p\u00e9ld\u00e1ul m\u00e1jusban 26 \u00b0C-ot m\u00e9rtek, m\u00e1shol pedig \u00fajabb h\u0151m\u00e9rs\u00e9kleti rekordok d\u0151ltek meg. Ahogyan mindezeknek, \u00fagy\u00a0<strong>a hazai h\u0171v\u00f6s m\u00e1jusnak szint\u00e9n a glob\u00e1lis kl\u00edmav\u00e1ltoz\u00e1s \u00e9s az \u00e9szaki f\u00e9lteke \u00fan. magasl\u00e9gk\u00f6ri pol\u00e1ris \u00f6rv\u00e9ny\u00e9nek gyeng\u00fcl\u00e9se az egyik lehets\u00e9ges okoz\u00f3ja. Ugyanis ezen \u00f6rv\u00e9ny kihat a pol\u00e1rfrontra, amely az egyenl\u00edt\u0151i meleg \u00e9s a sarki hideg leveg\u0151t v\u00e1lasztja el a t\u00e9li id\u0151szak alatt, \u00e9s ez \u00e1prilis elej\u00e9re meggyeng\u00fclt. Ezzel a pol\u00e1rfront d\u00e9lebbre tol\u00f3dott \u00e9s egyhelyben elid\u0151z\u00f6tt, amivel most tart\u00f3sabban \u00e9pp a kedvez\u0151tlenebb \u201ehideg\u201d oldalra ker\u00fclt\u00fcnk. Ezen gyeng\u00fcl\u00e9sek pedig egyre gyakrabban jelentkeznek, mert cs\u00f6kken az eg\u00e9szet ir\u00e1ny\u00edt\u00f3 h\u0151m\u00e9rs\u00e9kletk\u00fcl\u00f6nbs\u00e9g a sarkok nagyobb \u00e9s a tr\u00f3pusok kisebb meleged\u00e9se k\u00f6vetkezt\u00e9ben.<\/strong>\u00a0Ugyanez t\u00f6rt\u00e9nt 2021 tavasz\u00e1n is, amikor a mostanihoz k\u00e9pest m\u00e9g tart\u00f3sabban f\u00f6l\u00e9nk \u00e1ramlott a hideg, sarkvid\u00e9ki leveg\u0151, mely hatalmas k\u00e1rokat okozott a mez\u0151gazdas\u00e1gban a vir\u00e1gz\u00e1s alatt el\u0151fordul\u00f3 fagyok k\u00f6vetkezt\u00e9ben.<\/p><div id=\"gazda-2856828155\" class=\"gazda-tartalomban gazda-entity-placement\"><script async src=\"https:\/\/pagead2.googlesyndication.com\/pagead\/js\/adsbygoogle.js\"><\/script>\r\n<ins class=\"adsbygoogle\"\r\n     style=\"display:block\"\r\n     data-ad-format=\"fluid\"\r\n     data-ad-layout-key=\"-6t+ed+2i-1n-4w\"\r\n     data-ad-client=\"ca-pub-1959107119989764\"\r\n     data-ad-slot=\"4008251320\"><\/ins>\r\n<script>\r\n     (adsbygoogle = window.adsbygoogle || []).push({});\r\n<\/script><\/div>\n<h2 class=\"m_2182194088084355685default-heading2\">Hidegrekord? Ink\u00e1bb kiv\u00e9tel, mint szab\u00e1ly<\/h2>\n<p>A hidegrekordok ugyan megragadj\u00e1k a figyelmet \u2013 itthon m\u00e1jus els\u0151 fel\u00e9ben k\u00e9t nap is \u00faj rekordot hozott \u2013, de ezek ritkulnak.\u00a0<strong>A meleged\u0151 \u00e9ghajlattal val\u00f3j\u00e1ban a melegrekordok v\u00e1lnak egyre gyakoribb\u00e1<\/strong>: 2025-ben eddig m\u00e1r \u00f6t ilyen napot regisztr\u00e1ltak, a 2024-es \u00e9v sor\u00e1n pedig \u00f6sszesen 24-et, mik\u00f6zben hidegrekord csup\u00e1n egy fordult el\u0151. A j\u00f6v\u0151ben pedig ink\u00e1bb a tavalyihoz hasonl\u00f3 \u00e9vekre sz\u00e1m\u00edthatunk a kl\u00edmamodell-szimul\u00e1ci\u00f3k szerint, az idei \u00e9v sz\u00e1m\u00edt majd kiv\u00e9telnek.<\/p>\n<h2 class=\"m_2182194088084355685default-heading2\">Megv\u00e1ltoztak az \u00e9vszakok \u2013 de nem t\u0171ntek el<\/h2>\n<p>A kl\u00edma v\u00e1ltoz\u00e1s\u00e1val az \u00e9vszakok hat\u00e1rai is m\u00f3dosulnak \u2014 \u00e9s ez nemcsak \u00e9rz\u00e9kelhet\u0151, de m\u00e9rhet\u0151 is. Mint sok m\u00e1s m\u00e9rs\u00e9kelt\u00f6vi, kontinent\u00e1lis ter\u00fcleten, Magyarorsz\u00e1gon is alapvet\u0151en van egy meleg nyarunk \u00e9s egy hideg tel\u00fcnk, a kett\u0151 k\u00f6z\u00f6tt pedig a hidegebb \u00e9s melegebb id\u0151szakok v\u00e1ltakoznak. Az \u00e1tmeneti \u00e9vszakok eset\u00e9ben teh\u00e1t nem meglep\u0151, hogy az \u00e1tlagoshoz k\u00e9pest \u201eugr\u00e1l\u00e1st\u201d tapasztalunk. Innen erednek azok a n\u00e9pi megfigyel\u00e9sek, amellyel a m\u00e1rciusi felmeleged\u00e9seket (S\u00e1ndor-J\u00f3zsef-Benedek) vagy a m\u00e1jusi hidegbet\u00f6r\u00e9seket (Pongr\u00e1c-Szerv\u00e1c-Bonif\u00e1c fagyosszentek) pr\u00f3b\u00e1lt\u00e1k kor\u00e1bban megmagyar\u00e1zni.<\/p>\n<p>Az elm\u00falt \u00e9vtizedek adatai szerint Magyarorsz\u00e1gon\u00a0<strong>a ny\u00e1r \u00e9s a tavasz hossza 25-25 nappal n\u0151tt, mik\u00f6zben a t\u00e9l a fel\u00e9re cs\u00f6kkent<\/strong>. Egy tipikus \u00e9vben a tavasz egyre kor\u00e1bban kezd\u0151dik, de a hidegbet\u00f6r\u00e9sek m\u00e9g sok\u00e1ig elh\u00faz\u00f3dnak, m\u00edg a ny\u00e1r b\u0151 egy h\u00e9ttel kor\u00e1bban kezd\u0151dik, de b\u0151 k\u00e9t h\u00e9ttel kitol\u00f3dik szeptemberre is. Az \u0151sz hossza nem v\u00e1ltozott.\u00a0<strong>Mindegyik \u00e9vszak melegszik, de az egyes id\u0151szakok elt\u00e9r\u0151en: ez\u00e9rt mind az \u00e9vszakok kezdete, mind a v\u00e9ge megv\u00e1ltozott, de tov\u00e1bbra sem t\u0171ntek el.<\/strong><\/p>\n<\/div>\n<\/td>\n<\/tr>\n<\/tbody>\n<\/table>\n<table class=\"m_2182194088084355685r7-o\" role=\"presentation\" border=\"0\" width=\"600\" cellspacing=\"0\" cellpadding=\"0\" align=\"center\">\n<tbody>\n<tr>\n<td class=\"m_2182194088084355685r8-i\"><img decoding=\"async\" class=\"CToWUd a6T\" tabindex=\"0\" src=\"https:\/\/ci3.googleusercontent.com\/meips\/ADKq_NZMdSwu45DqLkTDVcx4pu_rwq-LnfoHsZ8BuPysa9zWdPYhUxwnaaZjKZEFhFX6g3S2aJu7b0TBLHPICDxQeP2VSaeHEERW0KJWKZOgvMF20jRNBs3JEVzI1D2hXG8uwgwpIMKL36A8YjcTwhiZQKI=s0-d-e1-ft#https:\/\/f7930.img.a.d.sendibm1.com\/im\/sh\/fWeyJq5qQqAk.jpg?u=1vcqsYC5HMzcSMol0l7VWDiwXrGgky\" width=\"600\" border=\"0\" data-bit=\"iit\" \/><\/td>\n<\/tr>\n<\/tbody>\n<\/table>\n<table class=\"m_2182194088084355685r5-o\" role=\"presentation\" border=\"0\" width=\"100%\" cellspacing=\"0\" cellpadding=\"0\" align=\"left\">\n<tbody>\n<tr>\n<td class=\"m_2182194088084355685r6-i m_2182194088084355685nl2go-default-textstyle\" align=\"left\" valign=\"top\">\n<div>\n<p>Az \u00e9vszakok v\u00e1ltoz\u00e1sa \u00e9rdekes helyi elt\u00e9r\u00e9seket is mutat. \u00cdgy m\u00e1ra az \u00c9szaki-k\u00f6z\u00e9phegys\u00e9g t\u00e9rs\u00e9g\u00e9ben lett a legr\u00f6videbb a t\u00e9l ar\u00e1nya: a teljes \u00e9vnek csup\u00e1n 9%-a, a tavasz pedig itt a leghosszabb \u00e9s az \u00e9v egyharmad\u00e1t teszi ki.<\/p>\n<p>&nbsp;<\/p>\n<p><strong>Tov\u00e1bbi r\u00e9szletek \u00e9s forr\u00e1sok a M\u00e1sf\u00e9lfokon megjelent cikkben:\u00a0<\/strong><a href=\"https:\/\/f7930.r.a.d.sendibm1.com\/mk\/cl\/f\/sh\/6rqJfgq8dINmNdUsqkPDokYd784\/CMZwGpdTW7De\" target=\"_blank\" rel=\"noopener\" data-saferedirecturl=\"https:\/\/www.google.com\/url?q=https:\/\/f7930.r.a.d.sendibm1.com\/mk\/cl\/f\/sh\/6rqJfgq8dINmNdUsqkPDokYd784\/CMZwGpdTW7De&amp;source=gmail&amp;ust=1747924218232000&amp;usg=AOvVaw1QSKNMb3CyMw4pRpt1FNhL\"><strong>https:\/\/masfelfok.hu\/2025\/05\/<wbr \/>21\/hideg-tavasz-valtozo-<wbr \/>evszakok\/<\/strong><\/a><strong>\u00a0<\/strong><\/p>\n<\/div>\n<\/td>\n<\/tr>\n<\/tbody>\n<\/table>\n<h4>Mi\u00e9rt ilyen hideg a tavasz? &#8211; Megv\u00e1ltoztak az \u00e9vszakok!<\/h4>\n","protected":false},"excerpt":{"rendered":"<p>\u201eNorv\u00e9gi\u00e1ban jobb az id\u0151, mint n\u00e1lunk.\u201d \u2013 panaszolj\u00e1k sokan, mik\u00f6zben 2025 m\u00e1jus k\u00f6zep\u00e9n kab\u00e1tban indulnak munk\u00e1ba vagy \u00e9pp elhalasztj\u00e1k a tavaszi t\u00far\u00e1kat. Az ELTE Meteorol\u00f3giai Tansz\u00e9k kutat\u00f3i \u2013 Szab\u00f3 P\u00e9ter, Kis Anna \u00e9s Pongr\u00e1cz Rita \u2013 friss tanulm\u00e1nyukban megvizsg\u00e1lt\u00e1k: val\u00f3ban rendk\u00edv\u00fcli-e az idei tavasz, mi okozhatja a szokatlan hideget, \u00e9s mit \u00e1rul el mindez az &#8230;<\/p>\n","protected":false},"author":1001010,"featured_media":149141,"comment_status":"open","ping_status":"open","sticky":false,"template":"","format":"standard","meta":[],"categories":[436,4],"tags":[],"_links":{"self":[{"href":"https:\/\/gazdasagportal.hu\/index.php\/wp-json\/wp\/v2\/posts\/149612"}],"collection":[{"href":"https:\/\/gazdasagportal.hu\/index.php\/wp-json\/wp\/v2\/posts"}],"about":[{"href":"https:\/\/gazdasagportal.hu\/index.php\/wp-json\/wp\/v2\/types\/post"}],"author":[{"embeddable":true,"href":"https:\/\/gazdasagportal.hu\/index.php\/wp-json\/wp\/v2\/users\/1001010"}],"replies":[{"embeddable":true,"href":"https:\/\/gazdasagportal.hu\/index.php\/wp-json\/wp\/v2\/comments?post=149612"}],"version-history":[{"count":1,"href":"https:\/\/gazdasagportal.hu\/index.php\/wp-json\/wp\/v2\/posts\/149612\/revisions"}],"predecessor-version":[{"id":149613,"href":"https:\/\/gazdasagportal.hu\/index.php\/wp-json\/wp\/v2\/posts\/149612\/revisions\/149613"}],"wp:featuredmedia":[{"embeddable":true,"href":"https:\/\/gazdasagportal.hu\/index.php\/wp-json\/wp\/v2\/media\/149141"}],"wp:attachment":[{"href":"https:\/\/gazdasagportal.hu\/index.php\/wp-json\/wp\/v2\/media?parent=149612"}],"wp:term":[{"taxonomy":"category","embeddable":true,"href":"https:\/\/gazdasagportal.hu\/index.php\/wp-json\/wp\/v2\/categories?post=149612"},{"taxonomy":"post_tag","embeddable":true,"href":"https:\/\/gazdasagportal.hu\/index.php\/wp-json\/wp\/v2\/tags?post=149612"}],"curies":[{"name":"wp","href":"https:\/\/api.w.org\/{rel}","templated":true}]}}