{"id":149405,"date":"2025-04-29T09:42:55","date_gmt":"2025-04-29T08:42:55","guid":{"rendered":"https:\/\/gazdasagportal.hu\/?p=149405"},"modified":"2025-04-29T09:42:55","modified_gmt":"2025-04-29T08:42:55","slug":"vezetes-es-menedzsment-21-szazad-uzleti-kornyezetben-a-siker-receptje","status":"publish","type":"post","link":"https:\/\/gazdasagportal.hu\/index.php\/vezetes-es-menedzsment-21-szazad-uzleti-kornyezetben-a-siker-receptje\/","title":{"rendered":"Vezet\u00e9s \u00e9s menedzsment 21. sz\u00e1zad \u00fczleti k\u00f6rnyezetben: a siker receptje"},"content":{"rendered":"<p><a href=\"https:\/\/gazdasagportal.hu\/wp-content\/uploads\/2025\/04\/vezetes-es-menedzsment-scaled.jpg\"><img decoding=\"async\" loading=\"lazy\" src=\"https:\/\/gazdasagportal.hu\/wp-content\/uploads\/2025\/04\/vezetes-es-menedzsment-300x200.jpg\" alt=\"Vezet\u00e9s \u00e9s menedzsment\" width=\"300\" height=\"200\" class=\"alignleft size-medium wp-image-149406\" srcset=\"https:\/\/gazdasagportal.hu\/wp-content\/uploads\/2025\/04\/vezetes-es-menedzsment-300x200.jpg 300w, https:\/\/gazdasagportal.hu\/wp-content\/uploads\/2025\/04\/vezetes-es-menedzsment-1024x684.jpg 1024w, https:\/\/gazdasagportal.hu\/wp-content\/uploads\/2025\/04\/vezetes-es-menedzsment-768x513.jpg 768w, https:\/\/gazdasagportal.hu\/wp-content\/uploads\/2025\/04\/vezetes-es-menedzsment-1536x1025.jpg 1536w, https:\/\/gazdasagportal.hu\/wp-content\/uploads\/2025\/04\/vezetes-es-menedzsment-2048x1367.jpg 2048w\" sizes=\"(max-width: 300px) 100vw, 300px\" \/><\/a><strong>A mai gyorsan v\u00e1ltoz\u00f3, kih\u00edv\u00e1sokkal teli \u00fczleti vil\u00e1gban a hat\u00e9kony vezet\u00e9s \u00e9s menedzsment fontosabb, mint valaha. De mit is \u00e9rt\u00fcnk pontosan a fogalmak alatt? \u00c9s mi a k\u00fcl\u00f6nbs\u00e9g a kett\u0151 k\u00f6z\u00f6tt? A vezet\u00e9s els\u0151sorban a v\u00edzi\u00f3r\u00f3l, az inspir\u00e1ci\u00f3r\u00f3l \u00e9s az emberekr\u0151l sz\u00f3l. A j\u00f3 vezet\u0151 k\u00e9pes motiv\u00e1lni, ir\u00e1nyt mutatni \u00e9s k\u00f6z\u00f6s c\u00e9lok fel\u00e9 terelni m\u00e1sokat. Ezzel szemben a menedzsment a folyamatokr\u00f3l, a szervez\u00e9sr\u0151l \u00e9s a megval\u00f3s\u00edt\u00e1sr\u00f3l sz\u00f3l. A kiv\u00e1l\u00f3 menedzser biztos\u00edtja, hogy az er\u0151forr\u00e1sok hat\u00e9konyan hasznosuljanak, \u00e9s a napi m\u0171k\u00f6d\u00e9s g\u00f6rd\u00fcl\u00e9kenyen menjen. B\u00e1r a k\u00e9t szerep k\u00fcl\u00f6nb\u00f6z\u0151, szorosan \u00f6sszefon\u00f3dnak \u2013 a sikerhez mindkett\u0151re sz\u00fcks\u00e9g van.<\/strong><!--more--><\/p>\n<h2><b><span>A vezet\u00e9si \u00e9s menedzsmenti kiv\u00e1l\u00f3s\u00e1g f\u0151 ism\u00e9rvei \u00e9s jellemvon\u00e1sai<\/span><\/b><\/h2>\n<p><span>Nem mindenki sz\u00fcletik vezet\u0151nek vagy menedzsernek \u2013 viszont a megfelel\u0151 hozz\u00e1\u00e1ll\u00e1ssal \u00e9s eszk\u00f6z\u00f6kkel mindk\u00e9t szerep fejleszthet\u0151. De miben is k\u00fcl\u00f6nb\u00f6znek ezek egym\u00e1st\u00f3l?<\/span><\/p>\n<p><span>A kiv\u00e1l\u00f3 vezet\u0151:<\/span><\/p><div id=\"gazda-1229075497\" class=\"gazda-tartalomban gazda-entity-placement\"><script async src=\"https:\/\/pagead2.googlesyndication.com\/pagead\/js\/adsbygoogle.js\"><\/script>\r\n<ins class=\"adsbygoogle\"\r\n     style=\"display:block\"\r\n     data-ad-format=\"fluid\"\r\n     data-ad-layout-key=\"-6t+ed+2i-1n-4w\"\r\n     data-ad-client=\"ca-pub-1959107119989764\"\r\n     data-ad-slot=\"4008251320\"><\/ins>\r\n<script>\r\n     (adsbygoogle = window.adsbygoogle || []).push({});\r\n<\/script><\/div>\n<ul>\n<li aria-level=\"1\"><span>tiszta \u00e9s vil\u00e1gos v\u00edzi\u00f3val rendelkezik, \u00e9s k\u00e9pes azt hitelesen kommunik\u00e1lni<\/span><\/li>\n<li aria-level=\"1\"><span>bizalmat \u00e9s lojalit\u00e1st \u00e9p\u00edt<\/span><\/li>\n<li aria-level=\"1\"><span>strat\u00e9giai szeml\u00e9let\u0171 \u00e9s \u00e1tl\u00e1tja az \u00f6sszef\u00fcgg\u00e9seket<\/span><\/li>\n<li aria-level=\"1\"><span>p\u00e9ld\u00e1t mutat \u00e9s hiteles marad<\/span><\/li>\n<li aria-level=\"1\"><span>t\u00e1mogatja az \u00faj \u00f6tleteket \u00e9s nyitott a v\u00e1ltoz\u00e1sra<\/span><\/li>\n<\/ul>\n<p><span>A kiv\u00e1l\u00f3 menedzser:<\/span><\/p>\n<ul>\n<li aria-level=\"1\"><span>alapos, rendszerezett \u00e9s pontos<\/span><\/li>\n<li aria-level=\"1\"><span>j\u00f3l prioriz\u00e1l \u00e9s hat\u00e9konyan deleg\u00e1l<\/span><\/li>\n<li aria-level=\"1\"><span>higgadt marad nyom\u00e1s alatt<\/span><\/li>\n<li aria-level=\"1\"><span>fejleszti a csapat\u00e1t \u00e9s kezeli a konfliktusokat<\/span><\/li>\n<li aria-level=\"1\"><span>k\u00e9zzelfoghat\u00f3, m\u00e9rhet\u0151 eredm\u00e9nyeket hoz<\/span><\/li>\n<\/ul>\n<p><span>Ide\u00e1lis esetben a fenti tulajdons\u00e1gokat \u00e9s k\u00e9pess\u00e9geket a vezet\u0151 id\u0151vel elsaj\u00e1t\u00edtja. A kih\u00edv\u00e1s az, hogyan lehet egyens\u00falyt teremteni a strat\u00e9gia \u00e9s a m\u0171k\u00f6d\u00e9s, az inspir\u00e1ci\u00f3 \u00e9s a szervezetts\u00e9g k\u00f6z\u00f6tt.<\/span><\/p>\n<h2><b><span>Innovat\u00edv vezet\u00e9s \u00e9s hat\u00e9kony menedzsment: j\u00f6v\u0151biztos strat\u00e9gi\u00e1k nyom\u00e1ban<\/span><\/b><\/h2>\n<p><span>A j\u00f6v\u0151 vezet\u0151i \u00e9s menedzserei el\u0151tt \u00faj kih\u00edv\u00e1sok \u00e1llnak: digitaliz\u00e1ci\u00f3, t\u00e1voli munkav\u00e9gz\u00e9s, fenntarthat\u00f3s\u00e1g \u00e9s a technol\u00f3giai fejl\u0151d\u00e9s temp\u00f3ja. A 21. sz\u00e1zadban m\u00e1r nem el\u00e9g szakmailag felk\u00e9sz\u00fcltnek lenni \u2013 sz\u00fcks\u00e9g van alkalmazkod\u00f3k\u00e9pess\u00e9gre, emp\u00e1ti\u00e1ra \u00e9s digit\u00e1lis tudatoss\u00e1gra is.<\/span><\/p>\n<p><span>A <\/span><a href=\"https:\/\/www.develor.hu\/future-leadership\/\" target=\"_blank\" rel=\"noopener\"><span>j\u00f6v\u0151biztos vezet\u00e9s \u00e9s menedzsment strat\u00e9gi\u00e1k<\/span><\/a><span> ma m\u00e1r t\u00f6bbek k\u00f6z\u00f6tt ezt jelentik:<\/span><\/p>\n<ul>\n<li aria-level=\"1\"><span>agilis vezet\u00e9s \u00e9s rugalmas csapatir\u00e1ny\u00edt\u00e1s, ak\u00e1r t\u00e1voli m\u0171k\u00f6d\u00e9sben is<\/span><\/li>\n<li aria-level=\"1\"><span>adatalap\u00fa d\u00f6nt\u00e9shozatal<\/span><\/li>\n<li aria-level=\"1\"><span>folyamatos tanul\u00e1s \u00e9s fejl\u0151d\u00e9s t\u00e1mogat\u00e1sa<\/span><\/li>\n<li aria-level=\"1\"><span>soksz\u00edn\u0171s\u00e9g \u00e9s befogad\u00e1s el\u0151t\u00e9rbe helyez\u00e9se<\/span><\/li>\n<li aria-level=\"1\"><span>innov\u00e1ci\u00f3ra val\u00f3 nyitotts\u00e1g, m\u00e9g akkor is, ha kock\u00e1zatosnak t\u0171nik<\/span><\/li>\n<\/ul>\n<p><span>A hagyom\u00e1nyos, fel\u00fclr\u0151l lefel\u00e9 \u00e9p\u00edtkez\u0151 vezet\u00e9si modelleket egyre ink\u00e1bb felv\u00e1ltja a nyitott, emberk\u00f6zpont\u00fa \u00e9s egy\u00fcttm\u0171k\u00f6d\u00e9sre \u00e9p\u00edt\u0151 megk\u00f6zel\u00edt\u00e9s. Egyre fontosabb, hogy a vezet\u00e9s ne csak strat\u00e9giai, hanem emberi is legyen.<\/span><\/p>\n<h2><b><span>K\u00f6zhely, de igaz: aki lemarad, kimarad \u2013 z\u00e1rk\u00f3zz fel a Develor gyakorlatorient\u00e1lt k\u00e9pz\u00e9seivel!<\/span><\/b><\/h2>\n<p><span>A v\u00e1ltoz\u00e1s ijeszt\u0151 lehet, de tele van lehet\u0151s\u00e9ggel is. Ahhoz, hogy l\u00e9p\u00e9st tudjunk tartani, elengedhetetlen a folyamatos fejl\u0151d\u00e9s. A Develor csapata \u00e9ppen ebben seg\u00edt: a gyakorlatk\u00f6zpont\u00fa k\u00e9pz\u00e9sek val\u00f3di, azonnal hasznos\u00edthat\u00f3 tud\u00e1st adnak vezet\u0151knek \u00e9s menedzsereknek egyar\u00e1nt.<\/span><\/p>\n<p><span>Itt elfelejtheted a sz\u00e1raz elm\u00e9letet: olyan eszk\u00f6z\u00f6ket, technik\u00e1kat \u00e9s szeml\u00e9letm\u00f3dot kapsz, amiket m\u00e1r m\u00e1snap alkalmazni tudsz a munk\u00e1dban. Legyen sz\u00f3 kis csapat ir\u00e1ny\u00edt\u00e1s\u00e1r\u00f3l vagy egy komplex szervezet m\u0171k\u00f6dtet\u00e9s\u00e9r\u0151l \u2013 a j\u00f6v\u0151re val\u00f3 felk\u00e9sz\u00fcl\u00e9s n\u00e1lad kezd\u0151dik.<\/span><\/p>\n<p><span>Ne maradj le \u2013 fejl\u0151dj a Develorral, \u00e9s vezess, menedzselj magabiztosan az \u00faj vil\u00e1gban!<\/span><\/p>\n","protected":false},"excerpt":{"rendered":"<p>A mai gyorsan v\u00e1ltoz\u00f3, kih\u00edv\u00e1sokkal teli \u00fczleti vil\u00e1gban a hat\u00e9kony vezet\u00e9s \u00e9s menedzsment fontosabb, mint valaha. De mit is \u00e9rt\u00fcnk pontosan a fogalmak alatt? \u00c9s mi a k\u00fcl\u00f6nbs\u00e9g a kett\u0151 k\u00f6z\u00f6tt? A vezet\u00e9s els\u0151sorban a v\u00edzi\u00f3r\u00f3l, az inspir\u00e1ci\u00f3r\u00f3l \u00e9s az emberekr\u0151l sz\u00f3l. A j\u00f3 vezet\u0151 k\u00e9pes motiv\u00e1lni, ir\u00e1nyt mutatni \u00e9s k\u00f6z\u00f6s c\u00e9lok fel\u00e9 terelni m\u00e1sokat. &#8230;<\/p>\n","protected":false},"author":1001010,"featured_media":149406,"comment_status":"open","ping_status":"open","sticky":false,"template":"","format":"standard","meta":[],"categories":[436,19],"tags":[],"_links":{"self":[{"href":"https:\/\/gazdasagportal.hu\/index.php\/wp-json\/wp\/v2\/posts\/149405"}],"collection":[{"href":"https:\/\/gazdasagportal.hu\/index.php\/wp-json\/wp\/v2\/posts"}],"about":[{"href":"https:\/\/gazdasagportal.hu\/index.php\/wp-json\/wp\/v2\/types\/post"}],"author":[{"embeddable":true,"href":"https:\/\/gazdasagportal.hu\/index.php\/wp-json\/wp\/v2\/users\/1001010"}],"replies":[{"embeddable":true,"href":"https:\/\/gazdasagportal.hu\/index.php\/wp-json\/wp\/v2\/comments?post=149405"}],"version-history":[{"count":2,"href":"https:\/\/gazdasagportal.hu\/index.php\/wp-json\/wp\/v2\/posts\/149405\/revisions"}],"predecessor-version":[{"id":149408,"href":"https:\/\/gazdasagportal.hu\/index.php\/wp-json\/wp\/v2\/posts\/149405\/revisions\/149408"}],"wp:featuredmedia":[{"embeddable":true,"href":"https:\/\/gazdasagportal.hu\/index.php\/wp-json\/wp\/v2\/media\/149406"}],"wp:attachment":[{"href":"https:\/\/gazdasagportal.hu\/index.php\/wp-json\/wp\/v2\/media?parent=149405"}],"wp:term":[{"taxonomy":"category","embeddable":true,"href":"https:\/\/gazdasagportal.hu\/index.php\/wp-json\/wp\/v2\/categories?post=149405"},{"taxonomy":"post_tag","embeddable":true,"href":"https:\/\/gazdasagportal.hu\/index.php\/wp-json\/wp\/v2\/tags?post=149405"}],"curies":[{"name":"wp","href":"https:\/\/api.w.org\/{rel}","templated":true}]}}