{"id":148799,"date":"2025-02-14T12:43:20","date_gmt":"2025-02-14T11:43:20","guid":{"rendered":"https:\/\/gazdasagportal.hu\/?p=148799"},"modified":"2025-02-14T12:43:20","modified_gmt":"2025-02-14T11:43:20","slug":"bet-legek-ismet-az-equilor-nyerte-el-az-ev-befektetesi-szolgaltatoja-dijat","status":"publish","type":"post","link":"https:\/\/gazdasagportal.hu\/index.php\/bet-legek-ismet-az-equilor-nyerte-el-az-ev-befektetesi-szolgaltatoja-dijat\/","title":{"rendered":"B\u00c9T Legek: Ism\u00e9t az Equilor nyerte el Az \u00e9v befektet\u00e9si szolg\u00e1ltat\u00f3ja d\u00edjat"},"content":{"rendered":"<p><strong>Az Equilor Befektet\u00e9si Zrt-nek \u00edt\u00e9lte a Budapesti \u00c9rt\u00e9kt\u0151zsde szakmai zs\u0171rije \u201eAz \u00e9v befektet\u00e9si szolg\u00e1ltat\u00f3ja\u201d d\u00edjat a B\u00c9T Legek 2024 d\u00edj\u00e1tad\u00f3n. Az elismer\u00e9st t\u00f6bbek k\u00f6z\u00f6tt az\u00e9rt \u00edt\u00e9lt\u00e9k oda, mert az id\u00e9n 35 \u00e9ves befektet\u00e9si szolg\u00e1ltat\u00f3 tavaly forgalmaz\u00f3k\u00e9nt vett r\u00e9szt az elm\u00falt 25 \u00e9v legnagyobb r\u00e9szv\u00e9nypiaci kibocs\u00e1t\u00e1s\u00e1ban, kiemelked\u0151 szerepet t\u00f6lt be a t\u0151zsde \u00e1rupiaci szekci\u00f3j\u00e1ban \u00e9s elemz\u00e9si, \u00e1rjegyz\u00e9si, eduk\u00e1ci\u00f3s tev\u00e9kenys\u00e9g\u00e9vel fejleszti a magyar t\u0151kepiacot.<\/strong><!--more--><\/p>\n<div class=\"ads-in-post2\"><script async src=\"https:\/\/pagead2.googlesyndication.com\/pagead\/js\/adsbygoogle.js\"><\/script>\r\n<ins class=\"adsbygoogle\"\r\n     style=\"display:block\"\r\n     data-ad-format=\"fluid\"\r\n     data-ad-layout-key=\"-6t+ed+2i-1n-4w\"\r\n     data-ad-client=\"ca-pub-1959107119989764\"\r\n     data-ad-slot=\"4008251320\"><\/ins>\r\n<script>\r\n     (adsbygoogle = window.adsbygoogle || []).push({});\r\n<\/script><\/div>\n<p><a href=\"https:\/\/gazdasagportal.hu\/wp-content\/uploads\/2025\/02\/equilor_bet_legek_ev_befektetesi_szolgaltatoja_2024.jpg\"><img decoding=\"async\" loading=\"lazy\" class=\"alignleft size-medium wp-image-148800\" src=\"https:\/\/gazdasagportal.hu\/wp-content\/uploads\/2025\/02\/equilor_bet_legek_ev_befektetesi_szolgaltatoja_2024-300x300.jpg\" alt=\"B\u00c9T Legek\" width=\"300\" height=\"300\" srcset=\"https:\/\/gazdasagportal.hu\/wp-content\/uploads\/2025\/02\/equilor_bet_legek_ev_befektetesi_szolgaltatoja_2024-300x300.jpg 300w, https:\/\/gazdasagportal.hu\/wp-content\/uploads\/2025\/02\/equilor_bet_legek_ev_befektetesi_szolgaltatoja_2024-1024x1024.jpg 1024w, https:\/\/gazdasagportal.hu\/wp-content\/uploads\/2025\/02\/equilor_bet_legek_ev_befektetesi_szolgaltatoja_2024-150x150.jpg 150w, https:\/\/gazdasagportal.hu\/wp-content\/uploads\/2025\/02\/equilor_bet_legek_ev_befektetesi_szolgaltatoja_2024-768x768.jpg 768w, https:\/\/gazdasagportal.hu\/wp-content\/uploads\/2025\/02\/equilor_bet_legek_ev_befektetesi_szolgaltatoja_2024-70x70.jpg 70w, https:\/\/gazdasagportal.hu\/wp-content\/uploads\/2025\/02\/equilor_bet_legek_ev_befektetesi_szolgaltatoja_2024.jpg 1125w\" sizes=\"(max-width: 300px) 100vw, 300px\" \/><\/a>2021 ut\u00e1n 2024-ben is az Equilor Befektet\u00e9si Zrt-nek \u00edt\u00e9lte a B\u00c9T Legek \u201eAz \u00e9v befektet\u00e9si szolg\u00e1ltat\u00f3ja\u201d d\u00edjat a Budapesti \u00c9rt\u00e9kt\u0151zsde (B\u00c9T) szakmai zs\u0171rije. A d\u00edj oda\u00edt\u00e9l\u00e9sekor figyelembe vett\u00e9k, hogy a magyar t\u0151kepiac \u00e9s a v\u00e1llalati szektor er\u0151s\u00edt\u00e9se ir\u00e1nt elk\u00f6telezett, alap\u00edt\u00e1s\u00e1nak 35. \u00e9v\u00e9t id\u00e9n \u00fcnnepl\u0151 Equilor 2024-ben kulcsszerepet t\u00f6lt\u00f6tt be forgalmaz\u00f3k\u00e9nt a Gr\u00e1nit Bank t\u0151zsd\u00e9re l\u00e9p\u00e9s\u00e9ben, r\u00e9szv\u00e9nykibocs\u00e1t\u00e1s\u00e1ban, mely az elm\u00falt 25 \u00e9v legnagyobb nyilv\u00e1nos tranzakci\u00f3ja volt. <strong>Sz\u00e9cs\u00e9nyi B\u00e1lint, az Equilor Befektet\u00e9si Zrt. eln\u00f6k-vez\u00e9rigazgat\u00f3ja a d\u00edj \u00e1tv\u00e9telekor kiemelte:<\/strong> az Equilor jelent\u0151s t\u0151kepiaci szerep\u00e9t mutatja, hogy szak\u00e9rt\u0151i az elm\u00falt \u00e9vtizedekben t\u00f6bb mint 3.000 milli\u00e1rd forint \u00e9rt\u00e9k\u0171 M&amp;A tranzakci\u00f3ban m\u0171k\u00f6dtek k\u00f6zre, m\u00edg az elm\u00falt \u00f6t \u00e9vben a legt\u00f6bb hazai nyilv\u00e1nos v\u00e9teli aj\u00e1nlatot is az Equilor vez\u00e9nyelte le. Az Equilor emellett egyed\u00fcli szekci\u00f3tagk\u00e9nt t\u00e1mogatja a hazai \u00e1rut\u0151zsd\u00e9t, ezzel kiemelked\u0151 szerepet t\u00f6lt be az \u00e1rupiac fejleszt\u00e9s\u00e9ben. A B\u00c9T \u00e9s az Equilor \u00e1ltal kidolgozott \u00faj keresked\u00e9si felt\u00e9telek 2021-ben l\u00e9ptek \u00e9letbe ezen a piacon, \u00e9s a tapasztalatok alapj\u00e1n a piaci szerepl\u0151k egyre t\u00f6bben \u00e9s n\u00f6vekv\u0151 \u00e9rdekl\u0151d\u00e9ssel fordulnak az \u00e1rupiaci lehet\u0151s\u00e9gek fel\u00e9. Mindezek mellett az elm\u00falt \u00e9vtizedekben a hazai k\u00f6tv\u00e9nypiacon is meghat\u00e1roz\u00f3 szerepl\u0151v\u00e9 v\u00e1l\u00f3 Equilor sokf\u00e9le eszk\u00f6zzel n\u00e9pszer\u0171s\u00edti a magyar <a href=\"https:\/\/tiz.hu\/nyugdijas-eveid-forognak-kockan\/\" target=\"_blank\" rel=\"noopener\">befektet\u00e9si lehet\u0151s\u00e9gek<\/a>et. Rendszeres elemz\u00e9sekkel k\u00f6veti a magyar <a href=\"https:\/\/gazdasagportal.hu\/\">t\u0151kepiac<\/a>ot \u00e9rint\u0151 esem\u00e9nyeket \u00e9s a hazai t\u0151zsde t\u00f6bb v\u00e1llalat\u00e1t, szak\u00e9rt\u0151i pedig a p\u00e9nz\u00fcgyi kult\u00fara fejleszt\u00e9s\u00e9t el\u0151seg\u00edtve rendszeresen adnak el\u0151 k\u00fcl\u00f6nb\u00f6z\u0151 konferenci\u00e1kon, oktat\u00e1si int\u00e9zm\u00e9nyekben. Az Equilor kiad\u00e1s\u00e1ban jelent meg az az egyed\u00fcl\u00e1ll\u00f3, n\u00e9gyr\u00e9szes p\u00e9nz\u00fcgyi eduk\u00e1ci\u00f3s k\u00f6nyvsorozat, mely k\u00f6z\u00e9rthet\u0151 p\u00e9ld\u00e1kkal mutatja be a deviza-, k\u00f6tv\u00e9ny-, r\u00e9szv\u00e9ny- \u00e9s opci\u00f3s piacok f\u0151bb jellemz\u0151it, m\u0171k\u00f6d\u00e9s\u00e9t.<\/p>\n<p><em>\u00a0<\/em><\/p>\n<p><em>\u00a0<\/em><\/p>\n<p><em>\u00a0<\/em><\/p>\n<p><strong>Equilor Befektet\u00e9si Zrt.<\/strong><\/p><div id=\"gazda-3289702362\" class=\"gazda-tartalomban gazda-entity-placement\"><script async src=\"https:\/\/pagead2.googlesyndication.com\/pagead\/js\/adsbygoogle.js\"><\/script>\r\n<ins class=\"adsbygoogle\"\r\n     style=\"display:block\"\r\n     data-ad-format=\"fluid\"\r\n     data-ad-layout-key=\"-6t+ed+2i-1n-4w\"\r\n     data-ad-client=\"ca-pub-1959107119989764\"\r\n     data-ad-slot=\"4008251320\"><\/ins>\r\n<script>\r\n     (adsbygoogle = window.adsbygoogle || []).push({});\r\n<\/script><\/div>\n<p>A 35 \u00e9ves Equilor Befektet\u00e9si Zrt. n\u00e9h\u00e1ny nap k\u00fcl\u00f6nbs\u00e9ggel a magyar t\u0151kepiac, valamint a Budapesti \u00c9rt\u00e9kt\u0151zsde \u00fajraalak\u00edt\u00e1s\u00e1val egy id\u0151ben kezdte meg m\u0171k\u00f6d\u00e9s\u00e9t. Az Equilor professzion\u00e1lis, \u00fcgyf\u00e9lk\u00f6zpont\u00fa \u00e9s szem\u00e9lyre szabott befektet\u00e9si banki szolg\u00e1ltat\u00e1st ny\u00fajt belf\u00f6ldi \u00e9s k\u00fclf\u00f6ldi \u00e9rt\u00e9kpap\u00edrokkal, valamint deviz\u00e1kkal kapcsolatban mag\u00e1n \u00e9s int\u00e9zm\u00e9nyi \u00fcgyfelei sz\u00e1m\u00e1ra. K\u00f6zel 25 \u00e9ve foglalkozik portf\u00f3li\u00f3- \u00e9s vagyonkezel\u00e9ssel, \u00e9s t\u00f6bb mint 25 \u00e9ve v\u00e1llalati p\u00e9nz\u00fcgyi tan\u00e1csad\u00e1ssal. Az Equilor teljes jog\u00fa tagja a budapesti a pr\u00e1gai \u00e9s a vars\u00f3i \u00e9rt\u00e9kt\u0151zsd\u00e9nek. A Budapesti \u00c9rt\u00e9kt\u0151zsde szakmai zs\u0171ri d\u00f6nt\u00e9se alapj\u00e1n az elm\u00falt \u00e9vekben \u201eAz \u00e9v befektet\u00e9si szolg\u00e1ltat\u00f3ja\u201d, \u201eAz \u00e9v csapata\u201d, valamint \u201eAz \u00e9v t\u0151zsdei hitelpap\u00edr kibocs\u00e1t\u00e1s szervez\u0151je\u201d d\u00edjat adta az Equilornak.<\/p>\n","protected":false},"excerpt":{"rendered":"<p>Az Equilor Befektet\u00e9si Zrt-nek \u00edt\u00e9lte a Budapesti \u00c9rt\u00e9kt\u0151zsde szakmai zs\u0171rije \u201eAz \u00e9v befektet\u00e9si szolg\u00e1ltat\u00f3ja\u201d d\u00edjat a B\u00c9T Legek 2024 d\u00edj\u00e1tad\u00f3n. Az elismer\u00e9st t\u00f6bbek k\u00f6z\u00f6tt az\u00e9rt \u00edt\u00e9lt\u00e9k oda, mert az id\u00e9n 35 \u00e9ves befektet\u00e9si szolg\u00e1ltat\u00f3 tavaly forgalmaz\u00f3k\u00e9nt vett r\u00e9szt az elm\u00falt 25 \u00e9v legnagyobb r\u00e9szv\u00e9nypiaci kibocs\u00e1t\u00e1s\u00e1ban, kiemelked\u0151 szerepet t\u00f6lt be a t\u0151zsde \u00e1rupiaci szekci\u00f3j\u00e1ban \u00e9s elemz\u00e9si, &#8230;<\/p>\n","protected":false},"author":1001010,"featured_media":148800,"comment_status":"open","ping_status":"open","sticky":false,"template":"","format":"standard","meta":[],"categories":[1],"tags":[],"_links":{"self":[{"href":"https:\/\/gazdasagportal.hu\/index.php\/wp-json\/wp\/v2\/posts\/148799"}],"collection":[{"href":"https:\/\/gazdasagportal.hu\/index.php\/wp-json\/wp\/v2\/posts"}],"about":[{"href":"https:\/\/gazdasagportal.hu\/index.php\/wp-json\/wp\/v2\/types\/post"}],"author":[{"embeddable":true,"href":"https:\/\/gazdasagportal.hu\/index.php\/wp-json\/wp\/v2\/users\/1001010"}],"replies":[{"embeddable":true,"href":"https:\/\/gazdasagportal.hu\/index.php\/wp-json\/wp\/v2\/comments?post=148799"}],"version-history":[{"count":2,"href":"https:\/\/gazdasagportal.hu\/index.php\/wp-json\/wp\/v2\/posts\/148799\/revisions"}],"predecessor-version":[{"id":148802,"href":"https:\/\/gazdasagportal.hu\/index.php\/wp-json\/wp\/v2\/posts\/148799\/revisions\/148802"}],"wp:featuredmedia":[{"embeddable":true,"href":"https:\/\/gazdasagportal.hu\/index.php\/wp-json\/wp\/v2\/media\/148800"}],"wp:attachment":[{"href":"https:\/\/gazdasagportal.hu\/index.php\/wp-json\/wp\/v2\/media?parent=148799"}],"wp:term":[{"taxonomy":"category","embeddable":true,"href":"https:\/\/gazdasagportal.hu\/index.php\/wp-json\/wp\/v2\/categories?post=148799"},{"taxonomy":"post_tag","embeddable":true,"href":"https:\/\/gazdasagportal.hu\/index.php\/wp-json\/wp\/v2\/tags?post=148799"}],"curies":[{"name":"wp","href":"https:\/\/api.w.org\/{rel}","templated":true}]}}