{"id":148736,"date":"2025-02-07T10:49:03","date_gmt":"2025-02-07T09:49:03","guid":{"rendered":"https:\/\/gazdasagportal.hu\/?p=148736"},"modified":"2025-02-07T09:57:03","modified_gmt":"2025-02-07T08:57:03","slug":"szint-vallott-2024-egyik-lakastakarek","status":"publish","type":"post","link":"https:\/\/gazdasagportal.hu\/index.php\/szint-vallott-2024-egyik-lakastakarek\/","title":{"rendered":"Sz\u00ednt vallott 2024-r\u0151l az egyik lak\u00e1stakar\u00e9k: er\u0151s \u00e9vet z\u00e1rhattak tavaly a p\u00e9nzt\u00e1rak"},"content":{"rendered":"<p><strong>Sz\u00ednt vallott 2024-r\u0151l az egyik lak\u00e1stakar\u00e9k: er\u0151s \u00e9vet z\u00e1rhattak tavaly a p\u00e9nzt\u00e1rak<\/strong><\/p>\n<p><strong>Megk\u00f6zel\u00edtette az \u00e1llami kamatt\u00e1mogat\u00e1s megsz\u0171n\u00e9s\u00e9nek \u00e9v\u00e9ben el\u00e9rt volument az Erste Lak\u00e1stakar\u00e9kn\u00e1l k\u00f6t\u00f6tt szerz\u0151d\u00e9sek \u00f6sszege 2024-ben, de \u2013 a kor\u00e1bbi nyilatkozataikb\u00f3l kiindulva \u2013 er\u0151s \u00e9vet z\u00e1rhatott a m\u00e1sik k\u00e9t piaci szerepl\u0151 is. Gergely P\u00e9ter, a BiztosD\u00f6nt\u00e9s.hu p\u00e9nz\u00fcgyi szak\u00e9rt\u0151je szerint az intenz\u00edv \u00e9rdekl\u0151d\u00e9shez az ak\u00e1r 30 sz\u00e1zal\u00e9kos kamatb\u00f3nuszok mellett hozz\u00e1j\u00e1rult a konstrukci\u00f3k online \u00e9rt\u00e9kes\u00edt\u00e9s\u00e9nek bevezet\u00e9se is.<\/strong><!--more--><\/p>\n<div class=\"ads-in-post2\"><script async src=\"https:\/\/pagead2.googlesyndication.com\/pagead\/js\/adsbygoogle.js\"><\/script>\r\n<ins class=\"adsbygoogle\"\r\n     style=\"display:block\"\r\n     data-ad-format=\"fluid\"\r\n     data-ad-layout-key=\"-6t+ed+2i-1n-4w\"\r\n     data-ad-client=\"ca-pub-1959107119989764\"\r\n     data-ad-slot=\"4008251320\"><\/ins>\r\n<script>\r\n     (adsbygoogle = window.adsbygoogle || []).push({});\r\n<\/script><\/div>\n<p>Meggy\u0151z\u0151 sz\u00e1mokr\u00f3l sz\u00e1molt be a napokban az Erste Lak\u00e1stakar\u00e9k: a p\u00e9nz\u00fcgyi szolg\u00e1ltat\u00f3 tavaly 211 milli\u00e1rd forint \u00e9rt\u00e9kben k\u00f6t\u00f6tt \u00faj szerz\u0151d\u00e9seket, amely m\u00e1r csak hajsz\u00e1llal marad el a 2018-ban \u2013 teh\u00e1t az \u00e1llami t\u00e1mogat\u00e1s mellett ny\u00fajtott konstrukci\u00f3k utols\u00f3 \u00e9v\u00e9ben \u2013 el\u00e9rt 219 milli\u00e1rdt\u00f3l. Ezzel a p\u00e9nzint\u00e9zet piaci r\u00e9szesed\u00e9se \u2013 saj\u00e1t becsl\u00e9se szerint \u2013 20 sz\u00e1zal\u00e9k k\u00f6r\u00fcli, majdnem a dupl\u00e1ja annak, mint a kor\u00e1bbi, \u00e1llami t\u00e1mogat\u00e1sos id\u0151szakban volt: mindez azt is jelenti, hogy a teljes lak\u00e1s-takar\u00e9kp\u00e9nzt\u00e1ri piac (a szerz\u0151d\u00e9ses \u00f6sszeg alapj\u00e1n) 2024-ben megk\u00f6zel\u00edthette az ezer milli\u00e1rd forintot.<\/p><div id=\"gazda-3593184387\" class=\"gazda-tartalomban gazda-entity-placement\"><script async src=\"https:\/\/pagead2.googlesyndication.com\/pagead\/js\/adsbygoogle.js\"><\/script>\r\n<ins class=\"adsbygoogle\"\r\n     style=\"display:block\"\r\n     data-ad-format=\"fluid\"\r\n     data-ad-layout-key=\"-6t+ed+2i-1n-4w\"\r\n     data-ad-client=\"ca-pub-1959107119989764\"\r\n     data-ad-slot=\"4008251320\"><\/ins>\r\n<script>\r\n     (adsbygoogle = window.adsbygoogle || []).push({});\r\n<\/script><\/div>\n<p><strong>Emelte a limitet az Erste<\/strong><\/p>\n<p>\u201eAz ut\u00f3bbi egy-k\u00e9t \u00e9vben j\u00f3l l\u00e1tszik, hogy folyamatosan n\u0151 az \u00e9rdekl\u0151d\u00e9s a\u00a0<a href=\"https:\/\/cl12.mlr.hu\/xA\/ZRSFJqyjOw7ZHELb\/A0cj\/bKql\/4FcL\" target=\"_blank\" rel=\"noopener\" data-saferedirecturl=\"https:\/\/www.google.com\/url?q=https:\/\/cl12.mlr.hu\/xA\/ZRSFJqyjOw7ZHELb\/A0cj\/bKql\/4FcL&amp;source=gmail&amp;ust=1739003159127000&amp;usg=AOvVaw3rd9MLpdeNmvHPMeAIak6q\">lak\u00e1s-takar\u00e9kp\u00e9nzt\u00e1ri<\/a>\u00a0konstrukci\u00f3k ir\u00e1nt, ami egy\u00e9rtelm\u0171en bizony\u00edtja, hogy a szolg\u00e1ltat\u00f3k a teljes megtakar\u00edt\u00e1si id\u0151szakra vonatkoz\u00f3, 10-30 sz\u00e1zal\u00e9kos kamatb\u00f3nuszok bevezet\u00e9s\u00e9vel k\u00e9pesek voltak ellens\u00falyozni a megtakar\u00edt\u00e1sok ut\u00e1ni \u00e1llami t\u00e1mogat\u00e1s megsz\u00fcntet\u00e9s\u00e9nek hat\u00e1s\u00e1t\u201d \u2013 mutatott r\u00e1 Gergely P\u00e9ter, a BiztosD\u00f6nt\u00e9s.hu p\u00e9nz\u00fcgyi szak\u00e9rt\u0151je. Persze \u2013 tette hozz\u00e1 \u2013 a szerz\u0151d\u00e9ses \u00f6sszegek emelked\u00e9s\u00e9nek az is haszn\u00e1lt, hogy a havi megtakar\u00edt\u00e1si \u00f6sszegek meghat\u00e1roz\u00e1s\u00e1n\u00e1l szabad kezet kaptak a p\u00e9nzt\u00e1rak, illetve a lak\u00e1sc\u00e9l\u00fa felhaszn\u00e1l\u00e1s igazol\u00e1sa is j\u00f3val egyszer\u0171bb, mint kor\u00e1bban.<\/p>\n<p>A v\u00e1llalt befizet\u00e9sek \u00f6sszeg\u00e9nek alakul\u00e1s\u00e1ra kit\u00e9rt az \u00e9ves eredm\u00e9nyei kapcs\u00e1n az Erste Lak\u00e1stakar\u00e9k is, ahol eddig 10 ezer \u00e9s 50 ezer forint k\u00f6z\u00f6tti havi befizet\u00e9st lehetett v\u00e1llalni, 10 ezres l\u00e9pcs\u0151kkel. \u201eM\u00edg kor\u00e1bban, az \u00e1llami t\u00e1mogat\u00e1sos id\u0151szakban havonta legfeljebb 20 ezer forintot lehetett befizetni, ma m\u00e1r a legt\u00f6bben 50 ezer forintot v\u00e1llalnak, m\u00edg az \u00e1tlag havi befizet\u00e9s 40 ezer forint k\u00f6r\u00fcl alakul.<\/p>\n<p>Miut\u00e1n az \u00fcgyfelek egyre t\u00f6bb <a href=\"https:\/\/tiz.hu\/tavaly-osszel-megtorpant-a-lakaspiaci-dragulas\/\" target=\"_blank\" rel=\"noopener\">p\u00e9nzt<\/a> tesznek f\u00e9lre, az Erste Lak\u00e1stakar\u00e9k \u00fagy d\u00f6nt\u00f6tt, hogy janu\u00e1r 25-t\u0151l bevezeti a 60 ezer, 70 ezer, 80 ezer, 90 ezer \u00e9s 100 ezer forintos befizet\u00e9s lehet\u0151s\u00e9g\u00e9t is\u201d \u2013 k\u00f6z\u00f6lte K\u00e1rm\u00e1n Andr\u00e1s vez\u00e9rigazgat\u00f3.<\/p>\n<p><strong>Sokat seg\u00edt a digitaliz\u00e1ci\u00f3 is<\/strong><\/p>\n<p>A BiztosD\u00f6nt\u00e9s.hu p\u00e9nz\u00fcgyi szak\u00e9rt\u0151je szerint a digit\u00e1lis csatorn\u00e1k megjelen\u00e9se szint\u00e9n hozz\u00e1j\u00e1rulhat a lak\u00e1s-takar\u00e9kp\u00e9nzt\u00e1ri konstrukci\u00f3k terjed\u00e9s\u00e9hez, hiszen egyr\u00e9szt r\u00e1ir\u00e1ny\u00edtja a figyelmet a term\u00e9kre, m\u00e1sr\u00e9szt felgyors\u00edtja a szerz\u0151d\u00e9sk\u00f6t\u00e9s folyamat\u00e1t.<\/p>\n<p>Az\u00a0<strong>Erste Lak\u00e1stakar\u00e9k<\/strong>\u00a0tavaly szeptemberben tette lehet\u0151v\u00e9 a szerz\u0151d\u00e9sk\u00f6t\u00e9st a George nev\u0171 digit\u00e1lis platformon. A szolg\u00e1ltat\u00f3 t\u00e1j\u00e9koztat\u00e1sa szerint az indul\u00e1s \u00f3ta t\u00f6bb mint ezer \u00faj szerz\u0151d\u00e9st k\u00f6t\u00f6ttek az \u00fcgyfelek George-on kereszt\u00fcl, decemberben pedig m\u00e1r az Erste fi\u00f3kokban k\u00f6t\u00f6tt szerz\u0151d\u00e9sek h\u00e1romnegyede \u00edgy, a bank digit\u00e1lis platformj\u00e1n j\u00f6tt l\u00e9tre.<\/p>\n<p>A p\u00e9nzint\u00e9zet emellett tov\u00e1bbi fejleszt\u00e9seket is tervez ezen a ter\u00fcleten: az erst\u00e9s \u00fcgyfelek m\u00e1rcius v\u00e9g\u00e9t\u0151l a digit\u00e1lis platformon is k\u00f6vethetik lak\u00e1s-takar\u00e9kp\u00e9nzt\u00e1ri egyenleg\u00fck alakul\u00e1s\u00e1t, illetve megn\u00e9zhetik szerz\u0151d\u00e9s\u00fck legfontosabb adatait.<\/p>\n<p>T\u00f6bb online opci\u00f3 k\u00f6z\u00fcl lehet v\u00e1lasztani az\u00a0<strong>OTP Lak\u00e1stakar\u00e9kn\u00e1l<\/strong>\u00a0is: ha az \u00fcgyf\u00e9l haszn\u00e1lja az internetbankot, a szokott m\u00f3don bel\u00e9pve megk\u00f6theti a szerz\u0151d\u00e9st, de ez a lehet\u0151s\u00e9g ugyan\u00fagy adott a mobilbanki fel\u00fcleten is.<\/p>\n<p>A\u00a0<strong>Fundament\u00e1n\u00e1l<\/strong>\u00a0Vide\u00f3Bank\u00e1r seg\u00edts\u00e9g\u00e9vel lehet t\u00e1volr\u00f3l szerz\u0151d\u00e9st k\u00f6tni.<\/p>\n<p><strong>Kisz\u00e1m\u00edthat\u00f3 felt\u00e9telek, \u00f3ri\u00e1si potenci\u00e1lis \u00fcgyf\u00e9lk\u00f6r<\/strong><\/p>\n<p>Gergely P\u00e9ter szerint a lak\u00e1s-takar\u00e9kp\u00e9nzt\u00e1ri megtakar\u00edt\u00e1s mellett v\u00e1ltozatlanul az a legf\u0151bb \u00e9rv \u2013 a megtakar\u00edt\u00e1s ut\u00e1ni kamatb\u00f3nuszok mellett \u2013, hogy szinte mindenki sz\u00e1m\u00e1ra relev\u00e1ns term\u00e9kr\u0151l van sz\u00f3, hiszen nagyon kev\u00e9s olyan ember \u00e9l Magyarorsz\u00e1gon, akinek ne lenne valamilyen lak\u00e1sc\u00e9lja.<\/p>\n<p>A konstrukci\u00f3 m\u00e1sik nagy vonzereje, hogy viszonylag kis \u00f6sszegek megtakar\u00edt\u00e1s\u00e1val is\u00a0<strong>\u00e9rdemi \u00f6sszeg felhalmoz\u00e1s\u00e1t<\/strong>\u00a0teszi lehet\u0151v\u00e9, \u00fagy, hogy a megtakar\u00edt\u00e1si id\u0151szak v\u00e9g\u00e9n az esetleges hitelfelv\u00e9tel is j\u00f3val k\u00f6nnyebb, mint egy frissen \u00e9rkez\u0151 \u00fcgyf\u00e9l eset\u00e9ben. A megtakar\u00edt\u00e1s hozama pedig mentes a szoci\u00e1lis hozz\u00e1j\u00e1rul\u00e1si ad\u00f3 \u00e9s a <a href=\"https:\/\/gazdasagportal.hu\/index.php\/visszaterhetnek-a-bankbetetekhez-a-pmap-befektetok\/\">kamatad\u00f3<\/a> al\u00f3l is.<\/p>\n<p>A\u00a0<strong>kisz\u00e1m\u00edthat\u00f3s\u00e1g<\/strong>\u00a0szint\u00e9n nagy \u00e9rt\u00e9k a kassz\u00e1kn\u00e1l: a lak\u00e1stakar\u00e9k kalkul\u00e1torok seg\u00edts\u00e9g\u00e9vel pontosan ki lehet sz\u00e1molni, hogy az \u00e1ltala v\u00e1llalt felt\u00e9telekkel mennyi p\u00e9nzhez jut az \u00fcgyf\u00e9l a megtakar\u00edt\u00e1si id\u0151szak ut\u00e1n \u2013 illetve milyen felt\u00e9telekkel juthat hitelhez, ha ez sz\u00fcks\u00e9ges.<\/p>\n<p>A\u00a0<a href=\"https:\/\/cl12.mlr.hu\/xA\/ZRSFJqyjOw7ZHELb\/A0cj\/bKqm\/fA0N\" target=\"_blank\" rel=\"noopener\" data-saferedirecturl=\"https:\/\/www.google.com\/url?q=https:\/\/cl12.mlr.hu\/xA\/ZRSFJqyjOw7ZHELb\/A0cj\/bKqm\/fA0N&amp;source=gmail&amp;ust=1739003159127000&amp;usg=AOvVaw2Vz7_YRN1YqA_usOBFGmg8\">BiztosD\u00f6nt\u00e9s.hu<\/a>\u00a0p\u00e9nz\u00fcgyi szak\u00e9rt\u0151je szerint szint\u00e9n nagyon fontos, hogy a lak\u00e1s-takar\u00e9kp\u00e9nzt\u00e1ri megtakar\u00edt\u00e1sok felfut\u00e1sa a teljes lakoss\u00e1gi megtakar\u00edt\u00e1si piacnak is haszn\u00e1l, hiszen hossz\u00fa t\u00e1v\u00fa, az \u00f6ngondoskod\u00e1st szolg\u00e1l\u00f3 term\u00e9kr\u0151l van sz\u00f3<\/p>\n<h5>(Sz\u00ednt vallott 2024-r\u0151l az egyik lak\u00e1stakar\u00e9k: er\u0151s \u00e9vet z\u00e1rhattak tavaly a p\u00e9nzt\u00e1rak)<\/h5>\n","protected":false},"excerpt":{"rendered":"<p>Sz\u00ednt vallott 2024-r\u0151l az egyik lak\u00e1stakar\u00e9k: er\u0151s \u00e9vet z\u00e1rhattak tavaly a p\u00e9nzt\u00e1rak Megk\u00f6zel\u00edtette az \u00e1llami kamatt\u00e1mogat\u00e1s megsz\u0171n\u00e9s\u00e9nek \u00e9v\u00e9ben el\u00e9rt volument az Erste Lak\u00e1stakar\u00e9kn\u00e1l k\u00f6t\u00f6tt szerz\u0151d\u00e9sek \u00f6sszege 2024-ben, de \u2013 a kor\u00e1bbi nyilatkozataikb\u00f3l kiindulva \u2013 er\u0151s \u00e9vet z\u00e1rhatott a m\u00e1sik k\u00e9t piaci szerepl\u0151 is. Gergely P\u00e9ter, a BiztosD\u00f6nt\u00e9s.hu p\u00e9nz\u00fcgyi szak\u00e9rt\u0151je szerint az intenz\u00edv \u00e9rdekl\u0151d\u00e9shez az ak\u00e1r &#8230;<\/p>\n","protected":false},"author":1001010,"featured_media":143942,"comment_status":"open","ping_status":"open","sticky":false,"template":"","format":"standard","meta":[],"categories":[436,19],"tags":[],"_links":{"self":[{"href":"https:\/\/gazdasagportal.hu\/index.php\/wp-json\/wp\/v2\/posts\/148736"}],"collection":[{"href":"https:\/\/gazdasagportal.hu\/index.php\/wp-json\/wp\/v2\/posts"}],"about":[{"href":"https:\/\/gazdasagportal.hu\/index.php\/wp-json\/wp\/v2\/types\/post"}],"author":[{"embeddable":true,"href":"https:\/\/gazdasagportal.hu\/index.php\/wp-json\/wp\/v2\/users\/1001010"}],"replies":[{"embeddable":true,"href":"https:\/\/gazdasagportal.hu\/index.php\/wp-json\/wp\/v2\/comments?post=148736"}],"version-history":[{"count":2,"href":"https:\/\/gazdasagportal.hu\/index.php\/wp-json\/wp\/v2\/posts\/148736\/revisions"}],"predecessor-version":[{"id":148738,"href":"https:\/\/gazdasagportal.hu\/index.php\/wp-json\/wp\/v2\/posts\/148736\/revisions\/148738"}],"wp:featuredmedia":[{"embeddable":true,"href":"https:\/\/gazdasagportal.hu\/index.php\/wp-json\/wp\/v2\/media\/143942"}],"wp:attachment":[{"href":"https:\/\/gazdasagportal.hu\/index.php\/wp-json\/wp\/v2\/media?parent=148736"}],"wp:term":[{"taxonomy":"category","embeddable":true,"href":"https:\/\/gazdasagportal.hu\/index.php\/wp-json\/wp\/v2\/categories?post=148736"},{"taxonomy":"post_tag","embeddable":true,"href":"https:\/\/gazdasagportal.hu\/index.php\/wp-json\/wp\/v2\/tags?post=148736"}],"curies":[{"name":"wp","href":"https:\/\/api.w.org\/{rel}","templated":true}]}}