{"id":148553,"date":"2025-01-17T15:49:21","date_gmt":"2025-01-17T14:49:21","guid":{"rendered":"https:\/\/gazdasagportal.hu\/?p=148553"},"modified":"2025-01-17T15:49:21","modified_gmt":"2025-01-17T14:49:21","slug":"elindult-az-unicredit-es-a-ferrari-partneri-egyuttmukodese","status":"publish","type":"post","link":"https:\/\/gazdasagportal.hu\/index.php\/elindult-az-unicredit-es-a-ferrari-partneri-egyuttmukodese\/","title":{"rendered":"Elindult az UniCredit \u00e9s a Ferrari partneri egy\u00fcttm\u0171k\u00f6d\u00e9se"},"content":{"rendered":"<p style=\"font-weight: 400;\"><strong>Az UniCredit \u00e9s a vil\u00e1gh\u00edr\u0171 luxusm\u00e1rka, a Ferrari t\u00f6bb\u00e9ves partners\u00e9g\u00e9t el\u0151sz\u00f6r 2024 szeptember\u00e9ben jelentett\u00e9k be. A\u00a0m\u0171k\u00f6d\u00e9s\u00fckben a\u00a0hagyom\u00e1nyt \u00e9s az innov\u00e1ci\u00f3t\u00a0\u00f6tv\u00f6z\u0151\u00a0neves m\u00e1rk\u00e1k osztoznak a\u00a0kiemelked\u0151\u00a0teljes\u00edtm\u00e9ny \u00e9s a kiv\u00e1l\u00f3s\u00e1g ir\u00e1nti szenved\u00e9ly\u00fckben, a befogad\u00e1s\u00a0ir\u00e1nti elk\u00f6telezetts\u00e9g\u00fckben \u00e9s azon\u00a0t\u00f6rekv\u00e9s\u00fckben, hogy\u00a0hat\u00e9konyan\u00a0tegyenek a\u00a0k\u00f6z\u00f6ss\u00e9gek\u00e9rt.<\/strong><!--more--><\/p>\n<div class=\"ads-in-post2\"><script async src=\"https:\/\/pagead2.googlesyndication.com\/pagead\/js\/adsbygoogle.js\"><\/script>\r\n<ins class=\"adsbygoogle\"\r\n     style=\"display:block\"\r\n     data-ad-format=\"fluid\"\r\n     data-ad-layout-key=\"-6t+ed+2i-1n-4w\"\r\n     data-ad-client=\"ca-pub-1959107119989764\"\r\n     data-ad-slot=\"4008251320\"><\/ins>\r\n<script>\r\n     (adsbygoogle = window.adsbygoogle || []).push({});\r\n<\/script><\/div>\n<p>Az UniCredit mil\u00e1n\u00f3i sz\u00e9khely\u00e9n tartott sajt\u00f3t\u00e1j\u00e9koztat\u00f3n\u00a0Andrea Orcel, az UniCredit Csoport vez\u00e9rigazgat\u00f3ja \u00e9s Benedetto Vigna, a Ferrari vez\u00e9rigazgat\u00f3ja tov\u00e1bbi r\u00e9szleteket hoztak nyilv\u00e1noss\u00e1gra a\u00a0t\u00f6bb\u00e9ves pr\u00e9mium partners\u00e9gr\u0151l.\u00a0Az egy\u00fcttm\u0171k\u00f6d\u00e9s k\u00e9t nagyv\u00e1llalatot hoz \u00f6ssze egy izgalmas\u00a0kooper\u00e1ci\u00f3ban, amelynek k\u00f6z\u00e9ppontj\u00e1ban az innov\u00e1ci\u00f3, az UniCredit \u00fcgyfelei \u00e9s a Scuderia Ferrari HP rajong\u00f3i sz\u00e1m\u00e1ra ny\u00fajtott \u00faj szolg\u00e1ltat\u00e1sok \u00e9s \u00e9lm\u00e9nyek \u00e1llnak\u00a0\u2013 a\u00a0\u201eBound by Passion.United in Excellence\u201d\u00a0szlogen jegy\u00e9ben.\u00a0Ennek m\u00e9lt\u00f3 meg\u00fcnnepl\u00e9s\u00e9re az UniCredit a Scuderia Ferrari HP-vel k\u00f6z\u00f6s rendezv\u00e9nyt\u00a0is\u00a0tervez 2025 m\u00e1rcius\u00e1ban Mil\u00e1n\u00f3ban.<\/p>\n<p style=\"font-weight: 400;\"><a href=\"https:\/\/gazdasagportal.hu\/wp-content\/uploads\/2025\/01\/Ferrari.jpg\"><img decoding=\"async\" loading=\"lazy\" class=\"alignleft size-medium wp-image-148554\" src=\"https:\/\/gazdasagportal.hu\/wp-content\/uploads\/2025\/01\/Ferrari-300x169.jpg\" alt=\"Ferrari\" width=\"300\" height=\"169\" srcset=\"https:\/\/gazdasagportal.hu\/wp-content\/uploads\/2025\/01\/Ferrari-300x169.jpg 300w, https:\/\/gazdasagportal.hu\/wp-content\/uploads\/2025\/01\/Ferrari-1024x577.jpg 1024w, https:\/\/gazdasagportal.hu\/wp-content\/uploads\/2025\/01\/Ferrari-768x433.jpg 768w, https:\/\/gazdasagportal.hu\/wp-content\/uploads\/2025\/01\/Ferrari.jpg 1200w\" sizes=\"(max-width: 300px) 100vw, 300px\" \/><\/a>A\u00a0partners\u00e9g akkor veszi kezdet\u00e9t, amikor a h\u00e9tszeres vil\u00e1gbajnok Lewis Hamilton csatlakozik a Scuderia Ferrari HP-hoz, hogy Charles Leclerc-kel, a Scuderia Ferrari\u00a0Driver Academyversenyz\u0151j\u00e9vel,\u00a0a sport\u00e1g\u00a0egyik legleny\u0171g\u00f6z\u0151bb tehets\u00e9g\u00e9vel\u00a0alkosson\u00a0csapatot. Az UniCredit t\u00e1mogat\u00e1s\u00e1val egyed\u00fcl\u00e1ll\u00f3 lehet\u0151s\u00e9gek\u00a0ny\u00edlnak\u00a0a glob\u00e1lis k\u00f6z\u00f6ss\u00e9ggel val\u00f3 kapcsolatteremt\u00e9sre:\u00a0exkluz\u00edv esem\u00e9nyek, izgalmas t\u00f6rt\u00e9netek\u00a0\u00e9s olyan kezdem\u00e9nyez\u00e9sek, amelyek bemutatj\u00e1k a k\u00e9t ikonikus olasz m\u00e1rka k\u00f6z\u00f6tti szinergi\u00e1t. Az UniCredit hozz\u00e1adott \u00e9rt\u00e9ket teremt az \u00fcgyf\u00e9lk\u00f6r\u00e9nek \u00e9s az \u00e9rdekelt feleknek,\u00a0valamint\u00a0lehet\u0151s\u00e9get k\u00edn\u00e1l sz\u00e1mukra, hogy\u00a0egyedi\u00a0m\u00f3don tapasztalj\u00e1k meg a Forma\u20131-\u00e9lm\u00e9nyt.<\/p><div id=\"gazda-267139742\" class=\"gazda-tartalomban gazda-entity-placement\"><script async src=\"https:\/\/pagead2.googlesyndication.com\/pagead\/js\/adsbygoogle.js\"><\/script>\r\n<ins class=\"adsbygoogle\"\r\n     style=\"display:block\"\r\n     data-ad-format=\"fluid\"\r\n     data-ad-layout-key=\"-6t+ed+2i-1n-4w\"\r\n     data-ad-client=\"ca-pub-1959107119989764\"\r\n     data-ad-slot=\"4008251320\"><\/ins>\r\n<script>\r\n     (adsbygoogle = window.adsbygoogle || []).push({});\r\n<\/script><\/div>\n<p style=\"font-weight: 400;\">Mindk\u00e9t c\u00e9g\u00a0elk\u00f6telezett a cs\u00facsteljes\u00edtm\u00e9ny ir\u00e1nt \u2013 a Scuderia Ferrari HP a versenyp\u00e1ly\u00e1n, m\u00edg az UniCredit az \u00fcgyfelek \u00e9s a k\u00f6z\u00f6ss\u00e9gek fejl\u0151d\u00e9s\u00e9t el\u0151seg\u00edt\u0151 p\u00e9nz\u00fcgyi megold\u00e1sok ter\u00e9n\u00a0\u2013,\u00a0ez\u00e9rtegy\u00fcttm\u0171k\u00f6d\u00e9s\u00fck sor\u00e1n\u00a0\u00faj banki lehet\u0151s\u00e9geket dolgoznak ki a Ferrari-rajong\u00f3k \u00e9s a p\u00e1neur\u00f3pai bank \u00fcgyfelei sz\u00e1m\u00e1ra.<\/p>\n<p style=\"font-weight: 400;\">Az UniCredit \u00e9s a Ferrari\u00a0sz\u00e1m\u00e1ra\u00a0emellett\u00a0egyar\u00e1nt\u00a0fontos\u00a0a fenntarthat\u00f3s\u00e1g \u00e9s a befogad\u00f3 k\u00f6rnyezet\u00a0is. A Ferrari\u00a0c\u00e9lkit\u0171z\u00e9sei, hogy 2030-ra sz\u00e9n-dioxid-semlegess\u00e9get \u00e9rjen el \u00e9s az oktat\u00e1sra f\u00f3kusz\u00e1lva t\u00e1mogassa a k\u00f6z\u00f6ss\u00e9geket. Az UniCredit\u00a0k\u00fcl\u00f6nb\u00f6z\u0151\u00a0kezdem\u00e9nyez\u00e9sekkel\u00a0t\u00e1mogatja az ESG-c\u00e9lokat \u00e9s\u00a0partnereit is ESG-programjaik megval\u00f3s\u00edt\u00e1s\u00e1ban. Az\u00a0UniCredit Alap\u00edtv\u00e1ny Edu-Fund Platformj\u00e1val 14 milli\u00f3 eur\u00f3t k\u00fcl\u00f6n\u00edtett el az oktat\u00e1si szeg\u00e9nys\u00e9g elleni k\u00fczdelemre. Ezek a k\u00f6z\u00f6s \u00e9rt\u00e9kek\u00a0j\u00f3l mutatj\u00e1k a partners\u00e9g erej\u00e9t, amely a fenntarthat\u00f3 \u00e9s m\u00e9lt\u00e1nyos j\u00f6v\u0151\u00e9rt tett\u00a0gyakorlati int\u00e9zked\u00e9sekben nyilv\u00e1nul\u00a0majd\u00a0meg.<\/p>\n<p style=\"font-weight: 400;\"><strong>Andrea Orcel, az UniCredit Csoport vez\u00e9rigazgat\u00f3ja<\/strong>\u00a0kiemelte:\u00a0<em>\u201eAz UniCredit b\u00fcszke arra, hogy elind\u00edthatja ezt a m\u00e9rf\u00f6ldk\u0151nek sz\u00e1m\u00edt\u00f3 partners\u00e9get egy olyan m\u00e1rk\u00e1val, amely tiszteletben tartja a m\u00faltj\u00e1t \u00e9s<\/em><em>\u00a0<\/em><em>k\u00fcl\u00f6nleges hagyom\u00e1nyait, mik\u00f6zben glob\u00e1lisan gondolkodik \u00e9s<\/em><em>\u00a0<\/em><em>el\u0151re<\/em><em>\u00a0<\/em><em>tekint.<\/em><em>\u00a0<\/em><em>A Ferrarival val\u00f3 t\u00f6bb\u00e9ves<\/em><em>\u00a0<\/em><em>egy\u00fcttm\u0171k\u00f6d\u00e9s\u00fcnk<\/em><em>\u00a0<\/em><em>az<\/em><em>\u00a0<\/em><em>\u00fczleti partners\u00e9g<\/em><em>\u00a0<\/em><em>\u00faj<\/em><em>\u00a0<\/em><em>szintj\u00e9t jelenti,<\/em><em>\u00a0<\/em><em>\u00e9s<\/em><em>\u00a0<\/em><em>hidat \u00e9p\u00edt a p\u00e9nz\u00fcgyek \u00e9s az aut\u00f3versenyz\u00e9s vil\u00e1ga k\u00f6z\u00f6tt<\/em><em>\u00a0<\/em><em>a<\/em><em>\u00a0<\/em><em>k\u00f6z\u00f6s<\/em><em>\u00a0<\/em><em>elvek ment\u00e9n<\/em><em>\u00a0<\/em><em>\u2013<\/em><em>\u00a0<\/em><em>a<\/em><em>\u00a0<\/em><em>helyes \u00faton a<\/em><em>\u00a0<\/em><em>legjobbat ny\u00fajtani az emberek sz\u00e1m\u00e1ra.<\/em><em>\u00a0<\/em><em>A partners\u00e9g sor\u00e1n olyan p\u00e9nz\u00fcgyi megold\u00e1sokat fogunk<\/em><em>\u00a0<\/em><em>k\u00edn\u00e1lni, amelyekkel a n\u00f6veked\u00e9s lehet\u0151s\u00e9g\u00e9t biztos\u00edtjuk k\u00f6z\u00f6ss\u00e9geinknek.\u201d<\/em><\/p>\n<p style=\"font-weight: 400;\"><strong>Benedetto Vigna, a Ferrari vez\u00e9rigazgat\u00f3ja<\/strong>\u00a0elmondta:\u00a0<em>\u201e\u00d6r\u00f6mmel v\u00e1gunk bele ebbe az izgalmas egy\u00fcttm\u0171k\u00f6d\u00e9sbe az UniCredittel, akik ugyanabban az innov\u00e1ci\u00f3ra \u00e9s kiv\u00e1l\u00f3s\u00e1gra \u00e9p\u00edt\u0151 szellemben m\u0171k\u00f6dnek, mint mi.<\/em><em>\u00a0<\/em><em>K\u00f6z\u00f6sen<\/em><em>\u00a0<\/em><em>fogjuk \u00fcnnepelni \u00f6r\u00f6ks\u00e9g\u00fcnket,<\/em><em>\u00a0<\/em><em>\u00e9s<\/em><em>\u00a0<\/em><em>folyamatosan<\/em><em>\u00a0<\/em><em>\u00fajrarajzoljuk<\/em><em>\u00a0<\/em><em>a hat\u00e1rokat<\/em><em>\u00a0<\/em><em>a versenyz\u00e9s \u00e9s a p\u00e9nz\u00fcgyek vil\u00e1g\u00e1ban. Ez a<\/em><em>\u00a0<\/em><em>partners\u00e9g<\/em><em>\u00a0<\/em><em>tov\u00e1bbi elk\u00f6telezetts\u00e9get jelent \u00fcgyfeleink, rajong\u00f3ink \u00e9s k\u00f6z\u00f6ss\u00e9geink ir\u00e1nt,<\/em><em>\u00a0<\/em><em>\u00e9s<\/em><em>\u00a0<\/em><em>biztos\u00edtja, hogy minden kezdem\u00e9nyez\u00e9s\u00fcnk k\u00f6z\u00e9ppontj\u00e1ban \u0151k \u00e1lljanak.<\/em><em>\u00a0<\/em><em>Szenved\u00e9ly \u00e9s teljes\u00edtm\u00e9ny: ez hat\u00e1rozza meg k\u00f6z\u00f6s j\u00f6v\u0151nket.\u201d<\/em><\/p>\n<p>&nbsp;<\/p>\n<p style=\"font-weight: 400;\"><strong>Az UniCredit<\/strong><\/p>\n<p style=\"font-weight: 400;\">Az UniCredit p\u00e1neur\u00f3pai kereskedelmi bank, amely egyed\u00fcl\u00e1ll\u00f3 szolg\u00e1ltat\u00e1si k\u00edn\u00e1lattal rendelkezik Olaszorsz\u00e1gban, N\u00e9metorsz\u00e1gban, K\u00f6z\u00e9p- \u00e9s Kelet-Eur\u00f3p\u00e1ban. C\u00e9lunk, hogy a k\u00f6z\u00f6ss\u00e9geknek megadjuk a lehet\u0151s\u00e9get a n\u00f6veked\u00e9sre, mik\u00f6zben a legjobbat ny\u00fajtjuk minden \u00e9rdekelt f\u00e9l sz\u00e1m\u00e1ra, \u00e9s seg\u00edt\u00fcnk kibontakoztatni \u00fcgyfeleink \u00e9s munkat\u00e1rsaink k\u00e9pess\u00e9geit \u00e9s lehet\u0151s\u00e9geit Eur\u00f3pa-szerte.<\/p>\n<p style=\"font-weight: 400;\">\n","protected":false},"excerpt":{"rendered":"<p>Az UniCredit \u00e9s a vil\u00e1gh\u00edr\u0171 luxusm\u00e1rka, a Ferrari t\u00f6bb\u00e9ves partners\u00e9g\u00e9t el\u0151sz\u00f6r 2024 szeptember\u00e9ben jelentett\u00e9k be. A\u00a0m\u0171k\u00f6d\u00e9s\u00fckben a\u00a0hagyom\u00e1nyt \u00e9s az innov\u00e1ci\u00f3t\u00a0\u00f6tv\u00f6z\u0151\u00a0neves m\u00e1rk\u00e1k osztoznak a\u00a0kiemelked\u0151\u00a0teljes\u00edtm\u00e9ny \u00e9s a kiv\u00e1l\u00f3s\u00e1g ir\u00e1nti szenved\u00e9ly\u00fckben, a befogad\u00e1s\u00a0ir\u00e1nti elk\u00f6telezetts\u00e9g\u00fckben \u00e9s azon\u00a0t\u00f6rekv\u00e9s\u00fckben, hogy\u00a0hat\u00e9konyan\u00a0tegyenek a\u00a0k\u00f6z\u00f6ss\u00e9gek\u00e9rt.<\/p>\n","protected":false},"author":1001010,"featured_media":148554,"comment_status":"open","ping_status":"open","sticky":false,"template":"","format":"standard","meta":[],"categories":[436,19],"tags":[],"_links":{"self":[{"href":"https:\/\/gazdasagportal.hu\/index.php\/wp-json\/wp\/v2\/posts\/148553"}],"collection":[{"href":"https:\/\/gazdasagportal.hu\/index.php\/wp-json\/wp\/v2\/posts"}],"about":[{"href":"https:\/\/gazdasagportal.hu\/index.php\/wp-json\/wp\/v2\/types\/post"}],"author":[{"embeddable":true,"href":"https:\/\/gazdasagportal.hu\/index.php\/wp-json\/wp\/v2\/users\/1001010"}],"replies":[{"embeddable":true,"href":"https:\/\/gazdasagportal.hu\/index.php\/wp-json\/wp\/v2\/comments?post=148553"}],"version-history":[{"count":2,"href":"https:\/\/gazdasagportal.hu\/index.php\/wp-json\/wp\/v2\/posts\/148553\/revisions"}],"predecessor-version":[{"id":148556,"href":"https:\/\/gazdasagportal.hu\/index.php\/wp-json\/wp\/v2\/posts\/148553\/revisions\/148556"}],"wp:featuredmedia":[{"embeddable":true,"href":"https:\/\/gazdasagportal.hu\/index.php\/wp-json\/wp\/v2\/media\/148554"}],"wp:attachment":[{"href":"https:\/\/gazdasagportal.hu\/index.php\/wp-json\/wp\/v2\/media?parent=148553"}],"wp:term":[{"taxonomy":"category","embeddable":true,"href":"https:\/\/gazdasagportal.hu\/index.php\/wp-json\/wp\/v2\/categories?post=148553"},{"taxonomy":"post_tag","embeddable":true,"href":"https:\/\/gazdasagportal.hu\/index.php\/wp-json\/wp\/v2\/tags?post=148553"}],"curies":[{"name":"wp","href":"https:\/\/api.w.org\/{rel}","templated":true}]}}