{"id":148312,"date":"2024-12-28T21:39:14","date_gmt":"2024-12-28T20:39:14","guid":{"rendered":"https:\/\/gazdasagportal.hu\/?p=148312"},"modified":"2024-12-28T21:39:14","modified_gmt":"2024-12-28T20:39:14","slug":"meghalt-szuzuki-oszamu-a-suzuki-motors-japan-autogyar-egykori-elnok-vezerigazgatoja","status":"publish","type":"post","link":"https:\/\/gazdasagportal.hu\/index.php\/meghalt-szuzuki-oszamu-a-suzuki-motors-japan-autogyar-egykori-elnok-vezerigazgatoja\/","title":{"rendered":"Meghalt Szuzuki Oszamu, a Suzuki Motors jap\u00e1n aut\u00f3gy\u00e1r egykori eln\u00f6k-vez\u00e9rigazgat\u00f3ja"},"content":{"rendered":"<p class=\"mb-5 text-lg font-normal leading-7.5 lg:mb-7.5 lg:text-xl\"><strong>Kilencvenn\u00e9gy \u00e9ves kor\u00e1ban meghalt Szuzuki Oszamu, a Suzuki Motors egykori eln\u00f6k-vez\u00e9rigazgat\u00f3ja &#8211; jelentette be a jap\u00e1n aut\u00f3gy\u00e1r p\u00e9nteken.<\/strong><\/p>\n<p><!--more--><\/p>\n<div class=\"ads-in-post2\"><script async src=\"https:\/\/pagead2.googlesyndication.com\/pagead\/js\/adsbygoogle.js\"><\/script>\r\n<ins class=\"adsbygoogle\"\r\n     style=\"display:block\"\r\n     data-ad-format=\"fluid\"\r\n     data-ad-layout-key=\"-6t+ed+2i-1n-4w\"\r\n     data-ad-client=\"ca-pub-1959107119989764\"\r\n     data-ad-slot=\"4008251320\"><\/ins>\r\n<script>\r\n     (adsbygoogle = window.adsbygoogle || []).push({});\r\n<\/script><\/div>\n<p class=\"mb-5 text-lg font-normal leading-7.5 lg:mb-7.5 lg:text-xl\">Szuzuki szerd\u00e1n hunyt el, hal\u00e1l\u00e1t limf\u00f3ma okozta &#8211; der\u00fclt ki a v\u00e1llalat k\u00f6zlem\u00e9ny\u00e9b\u0151l.<\/p>\n<p class=\"mb-5 text-lg font-normal leading-7.5 lg:mb-7.5 lg:text-xl\">A feles\u00e9ge nagyapja \u00e1ltal alap\u00edtott Suzuki v\u00e1llalathoz 1958-ban csatlakozott, majd a rangl\u00e9tr\u00e1n felfel\u00e9 haladva h\u00fasz \u00e9v m\u00falva annak eln\u00f6k-vez\u00e9rigazgat\u00f3ja lett. T\u00f6bb mint n\u00e9gy \u00e9vtizeden kereszt\u00fcl ir\u00e1ny\u00edtotta a Suzuki Motors aut\u00f3gy\u00e1rat, 2021 ut\u00e1n f\u0151tan\u00e1csad\u00f3k\u00e9nt m\u0171k\u00f6d\u00f6tt a v\u00e1llalatn\u00e1l.<\/p><div id=\"gazda-3487725459\" class=\"gazda-tartalomban gazda-entity-placement\"><script async src=\"https:\/\/pagead2.googlesyndication.com\/pagead\/js\/adsbygoogle.js\"><\/script>\r\n<ins class=\"adsbygoogle\"\r\n     style=\"display:block\"\r\n     data-ad-format=\"fluid\"\r\n     data-ad-layout-key=\"-6t+ed+2i-1n-4w\"\r\n     data-ad-client=\"ca-pub-1959107119989764\"\r\n     data-ad-slot=\"4008251320\"><\/ins>\r\n<script>\r\n     (adsbygoogle = window.adsbygoogle || []).push({});\r\n<\/script><\/div>\n<p class=\"mb-5 text-lg font-normal leading-7.5 lg:mb-7.5 lg:text-xl\">Szuzuki Oszamu eln\u00f6ks\u00e9ge idej\u00e9n hozt\u00e1k l\u00e9tre az 1993-ban felavatott esztergomi Suzuki-gy\u00e1rat.<\/p>\n<p class=\"mb-5 text-lg font-normal leading-7.5 lg:mb-7.5 lg:text-xl\">A Magyar Suzuki Zrt. a hal\u00e1lh\u00edr kapcs\u00e1n kiadott k\u00f6zlem\u00e9nye szerint Szuzuki Oszamu kiemelked\u0151 szerepet t\u00f6lt\u00f6tt be a jap\u00e1n-magyar kapcsolatok er\u0151s\u00edt\u00e9s\u00e9ben, \u00e9s munk\u00e1j\u00e1nak eredm\u00e9nyek\u00e9nt Magyarorsz\u00e1g a Suzuki eur\u00f3pai gy\u00e1rt\u00e1si k\u00f6zpontj\u00e1v\u00e1, a magyar aut\u00f3ipar egyik meghat\u00e1roz\u00f3 szerepl\u0151j\u00e9v\u00e9 v\u00e1lt.<\/p>\n","protected":false},"excerpt":{"rendered":"<p>Kilencvenn\u00e9gy \u00e9ves kor\u00e1ban meghalt Szuzuki Oszamu, a Suzuki Motors egykori eln\u00f6k-vez\u00e9rigazgat\u00f3ja &#8211; jelentette be a jap\u00e1n aut\u00f3gy\u00e1r p\u00e9nteken.<\/p>\n","protected":false},"author":1001010,"featured_media":148313,"comment_status":"open","ping_status":"open","sticky":false,"template":"","format":"standard","meta":[],"categories":[436,19],"tags":[],"_links":{"self":[{"href":"https:\/\/gazdasagportal.hu\/index.php\/wp-json\/wp\/v2\/posts\/148312"}],"collection":[{"href":"https:\/\/gazdasagportal.hu\/index.php\/wp-json\/wp\/v2\/posts"}],"about":[{"href":"https:\/\/gazdasagportal.hu\/index.php\/wp-json\/wp\/v2\/types\/post"}],"author":[{"embeddable":true,"href":"https:\/\/gazdasagportal.hu\/index.php\/wp-json\/wp\/v2\/users\/1001010"}],"replies":[{"embeddable":true,"href":"https:\/\/gazdasagportal.hu\/index.php\/wp-json\/wp\/v2\/comments?post=148312"}],"version-history":[{"count":1,"href":"https:\/\/gazdasagportal.hu\/index.php\/wp-json\/wp\/v2\/posts\/148312\/revisions"}],"predecessor-version":[{"id":148314,"href":"https:\/\/gazdasagportal.hu\/index.php\/wp-json\/wp\/v2\/posts\/148312\/revisions\/148314"}],"wp:featuredmedia":[{"embeddable":true,"href":"https:\/\/gazdasagportal.hu\/index.php\/wp-json\/wp\/v2\/media\/148313"}],"wp:attachment":[{"href":"https:\/\/gazdasagportal.hu\/index.php\/wp-json\/wp\/v2\/media?parent=148312"}],"wp:term":[{"taxonomy":"category","embeddable":true,"href":"https:\/\/gazdasagportal.hu\/index.php\/wp-json\/wp\/v2\/categories?post=148312"},{"taxonomy":"post_tag","embeddable":true,"href":"https:\/\/gazdasagportal.hu\/index.php\/wp-json\/wp\/v2\/tags?post=148312"}],"curies":[{"name":"wp","href":"https:\/\/api.w.org\/{rel}","templated":true}]}}