{"id":147729,"date":"2024-10-30T14:59:55","date_gmt":"2024-10-30T13:59:55","guid":{"rendered":"https:\/\/gazdasagportal.hu\/?p=147729"},"modified":"2024-10-30T14:59:55","modified_gmt":"2024-10-30T13:59:55","slug":"gdp-ez-nem-is-egy-jaguar","status":"publish","type":"post","link":"https:\/\/gazdasagportal.hu\/index.php\/gdp-ez-nem-is-egy-jaguar\/","title":{"rendered":"GDP &#8211; Ez nem is egy jagu\u00e1r"},"content":{"rendered":"<p style=\"font-weight: 400;\">K\u00f6zz\u00e9tette a KSH ma reggel az idei harmadik negyed\u00e9ves GDP-re vonatkoz\u00f3 gyorsbecsl\u00e9s\u00e9t.\u00a0<strong>A gazdas\u00e1g \u00e9ves szinten a nyers adatok szerint 0,8 sz\u00e1zal\u00e9kkal, a szezon\u00e1lisan \u00e9s napt\u00e1rhat\u00e1ssal kiigaz\u00edtott \u00e9s kiegyens\u00falyozott adatok szerint 0,7%-kal esett. A t\u00e9nyadat messze elmaradt a pesszimista v\u00e1rakoz\u00e1sunkt\u00f3l \u00e9s a konszenzust\u00f3l. Negyed\u00e9ves alapon is \u00e9rdemben, 0,8 sz\u00e1zal\u00e9kkal cs\u00f6kkent a brutt\u00f3 hazai term\u00e9k volumene, ezzel \u00fajabb technikai recesszi\u00f3ba ker\u00fclt a hazai gazdas\u00e1g. A negyed\u00e9ves visszaes\u00e9s nem volt meglep\u0151, de a m\u00e9rt\u00e9ke \u00e9rdemben meghaladta, amit v\u00e1rtunk.<\/strong><\/p>\n<p><!--more--><\/p>\n<div class=\"ads-in-post2\"><script async src=\"https:\/\/pagead2.googlesyndication.com\/pagead\/js\/adsbygoogle.js\"><\/script>\r\n<ins class=\"adsbygoogle\"\r\n     style=\"display:block\"\r\n     data-ad-format=\"fluid\"\r\n     data-ad-layout-key=\"-6t+ed+2i-1n-4w\"\r\n     data-ad-client=\"ca-pub-1959107119989764\"\r\n     data-ad-slot=\"4008251320\"><\/ins>\r\n<script>\r\n     (adsbygoogle = window.adsbygoogle || []).push({});\r\n<\/script><\/div>\n<p style=\"font-weight: 400;\"><strong>\u00a0<\/strong><\/p>\n<p style=\"font-weight: 400;\">A r\u00e9szletek egyel\u0151re nem ismertek, december elej\u00e9n publik\u00e1lj\u00e1k \u0151ket, a hivatal r\u00f6vid komment\u00e1rja szerint: \u201eA brutt\u00f3 hazai term\u00e9k volumen\u00e9nek az el\u0151z\u0151 \u00e9v azonos id\u0151szak\u00e1hoz viszony\u00edtott cs\u00f6kken\u00e9s\u00e9hez a nemzetgazdas\u00e1g k\u00f6zel egyharmad\u00e1t kitev\u0151 mez\u0151gazdas\u00e1g, ipar \u00e9s \u00e9p\u00edt\u0151ipar egy\u00fcttes teljes\u00edtm\u00e9nye hozz\u00e1vet\u0151legesen 2 sz\u00e1zal\u00e9kponttal j\u00e1rult hozz\u00e1. A visszaes\u00e9st mind a piaci, mind a nem piaci szolg\u00e1ltat\u00e1sok teljes\u00edtm\u00e9nye f\u00e9kezte.\u201d<\/p>\n<p style=\"font-weight: 400;\"><a href=\"https:\/\/gazdasagportal.hu\/wp-content\/uploads\/2024\/10\/gdp.jpg\"><img decoding=\"async\" loading=\"lazy\" class=\"alignleft size-medium wp-image-147730\" src=\"https:\/\/gazdasagportal.hu\/wp-content\/uploads\/2024\/10\/gdp-300x167.jpg\" alt=\"GDP\" width=\"300\" height=\"167\" srcset=\"https:\/\/gazdasagportal.hu\/wp-content\/uploads\/2024\/10\/gdp-300x167.jpg 300w, https:\/\/gazdasagportal.hu\/wp-content\/uploads\/2024\/10\/gdp-1024x570.jpg 1024w, https:\/\/gazdasagportal.hu\/wp-content\/uploads\/2024\/10\/gdp-768x427.jpg 768w, https:\/\/gazdasagportal.hu\/wp-content\/uploads\/2024\/10\/gdp-1536x854.jpg 1536w, https:\/\/gazdasagportal.hu\/wp-content\/uploads\/2024\/10\/gdp-2048x1139.jpg 2048w\" sizes=\"(max-width: 300px) 100vw, 300px\" \/><\/a>A termel\u0151 \u00e1gazatok \u00e1ltal\u00e1nosan leh\u00fazt\u00e1k a harmadik negyed\u00e9ves teljes\u00edtm\u00e9nyt: az agr\u00e1rium, az ipar \u00e9s az \u00e9p\u00edt\u0151ipar is negat\u00edvan j\u00e1rult hozz\u00e1 a brutt\u00f3 hazai term\u00e9k v\u00e1ltoz\u00e1s\u00e1hoz. A komment\u00e1r alapj\u00e1n az asz\u00e1ly k\u00f6vetkezt\u00e9ben az agr\u00e1rium zuhan\u00e1sa megk\u00f6zel\u00edthette a 2022-ben tapasztaltat. Az \u00e9ves cs\u00f6kken\u00e9st a szolg\u00e1ltat\u00e1sok f\u00e9kezhett\u00e9k: az eddigi havi \u00e9s a magas frekvenci\u00e1s adatok arr\u00f3l tan\u00faskodnak, hogy a turizmus \u00e9s a kereskedelem mellett v\u00e9lhet\u0151en az infokommunik\u00e1ci\u00f3s \u00e9s a szabadid\u0151s szolg\u00e1ltat\u00e1sok m\u00e9rs\u00e9kelhett\u00e9k legink\u00e1bb a visszaes\u00e9st. A tavalyi \u00e9vben m\u00e9g meghat\u00e1roz\u00f3 mag\u00e1neg\u00e9szs\u00e9g\u00fcgyi kiad\u00e1sok eset\u00e9ben az idei \u00e9vben szignifik\u00e1ns lassul\u00e1st l\u00e1tunk \u00e9s ez a j\u00falius-szeptemberi id\u0151szakban is folytat\u00f3dhatott.<\/p><div id=\"gazda-3639118350\" class=\"gazda-tartalomban gazda-entity-placement\"><script async src=\"https:\/\/pagead2.googlesyndication.com\/pagead\/js\/adsbygoogle.js\"><\/script>\r\n<ins class=\"adsbygoogle\"\r\n     style=\"display:block\"\r\n     data-ad-format=\"fluid\"\r\n     data-ad-layout-key=\"-6t+ed+2i-1n-4w\"\r\n     data-ad-client=\"ca-pub-1959107119989764\"\r\n     data-ad-slot=\"4008251320\"><\/ins>\r\n<script>\r\n     (adsbygoogle = window.adsbygoogle || []).push({});\r\n<\/script><\/div>\n<p style=\"font-weight: 400;\">A m\u00e1sodik ut\u00e1n a harmadik negyed\u00e9v sem hozta el a v\u00e1rva v\u00e1rt felpattan\u00e1st a hazai gazdas\u00e1gban, s\u0151t. Az \u00e9v elej\u00e9n m\u00e9g azt gondoltuk, hogy a magyar gazdas\u00e1g egy h\u00f3feh\u00e9r jagu\u00e1r, 2,5 sz\u00e1zal\u00e9k k\u00f6r\u00fcli n\u00f6veked\u00e9st hozhat id\u00e9n a tavalyi recesszi\u00f3 ut\u00e1n. A m\u00e1sodik negyed\u00e9ves adat ut\u00e1n kider\u00fclt, hogy egy\u00e1ltal\u00e1n nem feh\u00e9r, most pedig az is, hogy nem is jagu\u00e1r. A mai adat be\u00e9rkez\u00e9s\u00e9ig 1,4 sz\u00e1zal\u00e9kos b\u0151v\u00fcl\u00e9sre sz\u00e1m\u00edtottunk, ami pesszimist\u00e1nak sz\u00e1m\u00edtott a piacon \u00e9s most \u00edgy is teljesen el\u00e9rhetetlenn\u00e9 v\u00e1lt. A r\u00e9szletek ismeret\u00e9ben revide\u00e1ljuk majd az \u00e9rt\u00e9ket, ami valahol 0,5-1,0 sz\u00e1zal\u00e9kos s\u00e1vban lehet.<\/p>\n<p style=\"font-weight: 400;\">(Erste &#8211; <b>Nagy J\u00e1nos, makrogazdas\u00e1gi elemz\u0151<\/b>)<\/p>\n<p>&nbsp;<\/p>\n<h5><span style=\"font-size: small;\">Itt van n\u00e9h\u00e1ny \u00e9rdekes <a href=\"https:\/\/tiz.hu\/category\/kvizek\/\" target=\"_blank\" rel=\"noopener\">kv\u00edz<\/a>: <a href=\"https:\/\/kvizportal.hu\/agykarbantarto-kviz-hany-pontod-lett-61022\/\" target=\"_blank\" rel=\"noopener noreferrer\">Most mutasd meg mit tudsz! H\u00e1ny pontod lett? (996)<\/a> vagy <a href=\"https:\/\/kvizportal.hu\/elmeparbaj-kviz-elmebajnoksag-hany-pont-61022\/\" target=\"_blank\" rel=\"noopener noreferrer\">Elmebajnoks\u00e1g, h\u00e1ny pontod lesz? (638)<\/a> vagy <a href=\"https:\/\/kvizportal.hu\/kviz-kerdes-teszt-legalabb-fele-61022\/\" target=\"_blank\" rel=\"noopener noreferrer\">Te is azok k\u00f6z\u00e9 tartozol, akik ennek a tesztnek legal\u00e1bb a fel\u00e9t teljes\u00edtik? (459)<\/a> vagy <a href=\"https:\/\/kvizportal.hu\/agytorna-kviz-neked-csinaltuk-61022\/\" target=\"_blank\" rel=\"noopener noreferrer\">Ezt az \u00e9rdekes kv\u00edzt neked csin\u00e1ltuk (846)<\/a> vagy <a href=\"https:\/\/kvizportal.hu\/agykarbantarto-kviz-8-jo-valasz-683\/\" target=\"_blank\" rel=\"noopener noreferrer\">A legjobbak ebben a 8 j\u00f3 v\u00e1laszt adnak, na \u00e9s Te? (925)<\/a> <\/span><\/h5>\n<p>&nbsp;<\/p>\n<p style=\"font-weight: 400;\"><strong>\u00a0<\/strong><\/p>\n","protected":false},"excerpt":{"rendered":"<p>K\u00f6zz\u00e9tette a KSH ma reggel az idei harmadik negyed\u00e9ves GDP-re vonatkoz\u00f3 gyorsbecsl\u00e9s\u00e9t.\u00a0A gazdas\u00e1g \u00e9ves szinten a nyers adatok szerint 0,8 sz\u00e1zal\u00e9kkal, a szezon\u00e1lisan \u00e9s napt\u00e1rhat\u00e1ssal kiigaz\u00edtott \u00e9s kiegyens\u00falyozott adatok szerint 0,7%-kal esett. A t\u00e9nyadat messze elmaradt a pesszimista v\u00e1rakoz\u00e1sunkt\u00f3l \u00e9s a konszenzust\u00f3l. Negyed\u00e9ves alapon is \u00e9rdemben, 0,8 sz\u00e1zal\u00e9kkal cs\u00f6kkent a brutt\u00f3 hazai term\u00e9k volumene, ezzel &#8230;<\/p>\n","protected":false},"author":1001010,"featured_media":147730,"comment_status":"open","ping_status":"open","sticky":false,"template":"","format":"standard","meta":[],"categories":[19],"tags":[],"_links":{"self":[{"href":"https:\/\/gazdasagportal.hu\/index.php\/wp-json\/wp\/v2\/posts\/147729"}],"collection":[{"href":"https:\/\/gazdasagportal.hu\/index.php\/wp-json\/wp\/v2\/posts"}],"about":[{"href":"https:\/\/gazdasagportal.hu\/index.php\/wp-json\/wp\/v2\/types\/post"}],"author":[{"embeddable":true,"href":"https:\/\/gazdasagportal.hu\/index.php\/wp-json\/wp\/v2\/users\/1001010"}],"replies":[{"embeddable":true,"href":"https:\/\/gazdasagportal.hu\/index.php\/wp-json\/wp\/v2\/comments?post=147729"}],"version-history":[{"count":2,"href":"https:\/\/gazdasagportal.hu\/index.php\/wp-json\/wp\/v2\/posts\/147729\/revisions"}],"predecessor-version":[{"id":147732,"href":"https:\/\/gazdasagportal.hu\/index.php\/wp-json\/wp\/v2\/posts\/147729\/revisions\/147732"}],"wp:featuredmedia":[{"embeddable":true,"href":"https:\/\/gazdasagportal.hu\/index.php\/wp-json\/wp\/v2\/media\/147730"}],"wp:attachment":[{"href":"https:\/\/gazdasagportal.hu\/index.php\/wp-json\/wp\/v2\/media?parent=147729"}],"wp:term":[{"taxonomy":"category","embeddable":true,"href":"https:\/\/gazdasagportal.hu\/index.php\/wp-json\/wp\/v2\/categories?post=147729"},{"taxonomy":"post_tag","embeddable":true,"href":"https:\/\/gazdasagportal.hu\/index.php\/wp-json\/wp\/v2\/tags?post=147729"}],"curies":[{"name":"wp","href":"https:\/\/api.w.org\/{rel}","templated":true}]}}