{"id":147574,"date":"2024-10-17T08:22:35","date_gmt":"2024-10-17T06:22:35","guid":{"rendered":"https:\/\/gazdasagportal.hu\/?p=147574"},"modified":"2024-10-17T08:22:35","modified_gmt":"2024-10-17T06:22:35","slug":"csaladi-adokedvezmeny-emelese","status":"publish","type":"post","link":"https:\/\/gazdasagportal.hu\/index.php\/csaladi-adokedvezmeny-emelese\/","title":{"rendered":"K\u00f6zz\u00e9tett\u00e9k a csal\u00e1di ad\u00f3kedvezm\u00e9ny emel\u00e9s\u00e9nek \u00f6sszegeit"},"content":{"rendered":"<h4><strong>K\u00f6zz\u00e9tette a korm\u00e1ny a csal\u00e1di ad\u00f3kedvezm\u00e9ny m\u00f3dos\u00edt\u00e1s\u00e1r\u00f3l sz\u00f3l\u00f3 jogszab\u00e1lytervezetet, amelyr\u0151l Guly\u00e1s Gergely besz\u00e9lt a szerda d\u00e9lel\u0151tti korm\u00e1nyinf\u00f3n. Ez alapj\u00e1n k\u00e9t l\u00e9pcs\u0151ben, 2025. j\u00falius 1-jei \u00e9s 2026. janu\u00e1r 1-jei emel\u00e9ssel k\u00e9tszeres\u00e9re n\u00f6velik a gyermekek ut\u00e1n j\u00e1r\u00f3 ad\u00f3kedvezm\u00e9nyt.<\/strong><!--more--><\/h4>\n<div class=\"ads-in-post2\"><script async src=\"https:\/\/pagead2.googlesyndication.com\/pagead\/js\/adsbygoogle.js\"><\/script>\r\n<ins class=\"adsbygoogle\"\r\n     style=\"display:block\"\r\n     data-ad-format=\"fluid\"\r\n     data-ad-layout-key=\"-6t+ed+2i-1n-4w\"\r\n     data-ad-client=\"ca-pub-1959107119989764\"\r\n     data-ad-slot=\"4008251320\"><\/ins>\r\n<script>\r\n     (adsbygoogle = window.adsbygoogle || []).push({});\r\n<\/script><\/div>\n<p><a href=\"https:\/\/gazdasagportal.hu\/wp-content\/uploads\/2013\/11\/csaladtamogatas.jpg\"><img decoding=\"async\" loading=\"lazy\" class=\"alignleft size-medium wp-image-20611\" src=\"https:\/\/gazdasagportal.hu\/wp-content\/uploads\/2013\/11\/csaladtamogatas-300x199.jpg\" alt=\"csal\u00e1di ad\u00f3kedvezm\u00e9ny\" width=\"300\" height=\"199\" srcset=\"https:\/\/gazdasagportal.hu\/wp-content\/uploads\/2013\/11\/csaladtamogatas-300x199.jpg 300w, https:\/\/gazdasagportal.hu\/wp-content\/uploads\/2013\/11\/csaladtamogatas-600x399.jpg 600w, https:\/\/gazdasagportal.hu\/wp-content\/uploads\/2013\/11\/csaladtamogatas-82x55.jpg 82w, https:\/\/gazdasagportal.hu\/wp-content\/uploads\/2013\/11\/csaladtamogatas-310x206.jpg 310w, https:\/\/gazdasagportal.hu\/wp-content\/uploads\/2013\/11\/csaladtamogatas-180x120.jpg 180w, https:\/\/gazdasagportal.hu\/wp-content\/uploads\/2013\/11\/csaladtamogatas.jpg 640w\" sizes=\"(max-width: 300px) 100vw, 300px\" \/><\/a>2025 j\u00faliust\u00f3l, illetve 2026. janu\u00e1rt\u00f3l, k\u00e9t l\u00e9pcs\u0151ben emeli meg a korm\u00e1ny a gyermekek ut\u00e1n j\u00e1r\u00f3 ad\u00f3kedvezm\u00e9nyt. Ez a gyakorlatban azt jelenti, hogy az \u00f6sszevont ad\u00f3alapot nagyobb \u00f6sszeg\u0171 csal\u00e1di kedvezm\u00e9nnyel lehet cs\u00f6kkenteni, vagyis a jogosultak kevesebb szem\u00e9lyi j\u00f6vedelemad\u00f3t fizetnek be az \u00e1llamkassz\u00e1ba, a <a href=\"https:\/\/bank360.hu\/netto-brutto-kalkulator\" target=\"_blank\" rel=\"noopener\">nett\u00f3 j\u00f6vedelm\u00fck<\/a> pedig t\u00f6bb lesz &#8211; \u00edrja a Bank360.hu.<br \/>\n<strong>Mennyi most a csal\u00e1di ad\u00f3kedvezm\u00e9ny?<\/strong><\/p>\n<p><strong>\u00a0<\/strong><\/p>\n<p>Jelenleg a csal\u00e1di kedvezm\u00e9ny \u00f6sszege eltartottank\u00e9nt \u00e9s jogosults\u00e1gi h\u00f3naponk\u00e9nt<\/p>\n<p>&nbsp;<\/p><div id=\"gazda-2722776040\" class=\"gazda-tartalomban gazda-entity-placement\"><script async src=\"https:\/\/pagead2.googlesyndication.com\/pagead\/js\/adsbygoogle.js\"><\/script>\r\n<ins class=\"adsbygoogle\"\r\n     style=\"display:block\"\r\n     data-ad-format=\"fluid\"\r\n     data-ad-layout-key=\"-6t+ed+2i-1n-4w\"\r\n     data-ad-client=\"ca-pub-1959107119989764\"\r\n     data-ad-slot=\"4008251320\"><\/ins>\r\n<script>\r\n     (adsbygoogle = window.adsbygoogle || []).push({});\r\n<\/script><\/div>\n<ul>\n<li>egy eltartott eset\u00e9n 66 670 forint,<\/li>\n<li>kett\u0151 eltartott eset\u00e9n 133 330 forint,<\/li>\n<li>h\u00e1rom \u00e9s minden tov\u00e1bbi eltartott eset\u00e9n 220 000 forint.<\/li>\n<\/ul>\n<p>&nbsp;<\/p>\n<p>Ez ut\u00e1n az \u00f6sszeg ut\u00e1n nem kell megfizetni a kisz\u00e1m\u00edtott ad\u00f3t. A t\u00e9nylegesen megkaphat\u00f3 p\u00e9nz a fenti \u00f6sszegek 15 sz\u00e1zal\u00e9ka, \u00edgy egy gyerek ut\u00e1n 10 ezer forint, kett\u0151 gyermek ut\u00e1n 20-20, azaz \u00f6sszesen 40 ezer forint, h\u00e1rom ut\u00e1n pedig gyermekenk\u00e9nt 33 ezer, vagyis \u00f6sszesen ak\u00e1r 99 ezer forint. N\u00e9gy vagy t\u00f6bb gyerek ut\u00e1n is gyermekenk\u00e9nt 33 ezer forint a megsp\u00f3rolhat\u00f3 \u00f6sszeg.<\/p>\n<p>&nbsp;<\/p>\n<p>Ezek az \u00f6sszegek fognak 2025. j\u00faliust\u00f3l emelkedni.<\/p>\n<p>&nbsp;<\/p>\n<p><strong>Mennyi lesz a csal\u00e1di kedvezm\u00e9ny az emel\u00e9s ut\u00e1n?<\/strong><\/p>\n<p><strong>\u00a0<\/strong><\/p>\n<p>A jogszab\u00e1lytervezet szerint a <a href=\"https:\/\/bank360.hu\/blog\/csaladi-adokedvezmeny-csaladi-potlek\" target=\"_blank\" rel=\"noopener\">csal\u00e1di kedvezm\u00e9ny<\/a> \u00f6sszeg\u00e9t k\u00e9t r\u00e9szletben emeli a korm\u00e1ny, el\u0151sz\u00f6r 2025. j\u00faliust\u00f3l. Az eltartottak l\u00e9leksz\u00e1m\u00e1t\u00f3l f\u00fcgg\u0151en kedvezm\u00e9nyezett eltartottank\u00e9nt \u00e9s jogosults\u00e1gi h\u00f3naponk\u00e9nt az \u00f6sszeg<\/p>\n<p>&nbsp;<\/p>\n<ul>\n<li>egy eltartott eset\u00e9n 100 000 forint,<\/li>\n<li>kett\u0151 eltartott eset\u00e9n 200 000 forint,<\/li>\n<li>h\u00e1rom \u00e9s minden tov\u00e1bbi eltartott eset\u00e9n 330 000 forint lesz.<\/li>\n<\/ul>\n<p>&nbsp;<\/p>\n<p>Ez alapj\u00e1n az \u00e9rv\u00e9nyes\u00edthet\u0151 ad\u00f3kedvezm\u00e9ny \u00f6sszege<\/p>\n<p>&nbsp;<\/p>\n<ul>\n<li>egy eltartott eset\u00e9n 15 000 forint,<\/li>\n<li>k\u00e9t eltartott eset\u00e9n 30 000 forint, vagyis \u00f6sszesen 60 000 forint,<\/li>\n<li>h\u00e1rom \u00e9s minden tov\u00e1bbi eltartott eset\u00e9n 49 500 forint lesz, \u00edgy p\u00e9ld\u00e1ul h\u00e1rom gyermek ut\u00e1n ak\u00e1r 148 500 forinttal is t\u00f6bb maradhat egy csal\u00e1d kassz\u00e1j\u00e1ban, mintha nem lenne gyermek\u00fck.<\/li>\n<\/ul>\n<p>&nbsp;<\/p>\n<p><strong>2026-t\u00f3l m\u00e9g tov\u00e1bb emelkedik a kedvezm\u00e9ny \u00f6sszege<\/strong><\/p>\n<p>&nbsp;<\/p>\n<ol start=\"2026\">\n<li>janu\u00e1rban \u00e9rkezik a jogszab\u00e1lytervezet szerint a kedvezm\u00e9ny emel\u00e9s\u00e9nek a m\u00e1sodik fele, akkort\u00f3l<\/li>\n<\/ol>\n<p>&nbsp;<\/p>\n<ul>\n<li>egy eltartott eset\u00e9n 133 340 forint,<\/li>\n<li>kett\u0151 eltartott eset\u00e9n 266 660 forint,<\/li>\n<li>h\u00e1rom \u00e9s minden tov\u00e1bbi eltartott eset\u00e9n 440 000 forint lesz az ad\u00f3alap, amib\u0151l \u00e9rv\u00e9nyes\u00edteni lehet a kedvezm\u00e9nyt.<\/li>\n<\/ul>\n<p>&nbsp;<\/p>\n<p>Ez alapj\u00e1n a t\u00e9nyleges kedvezm\u00e9ny \u00f6sszegek az al\u00e1bbiak szerint alakulnak:<\/p>\n<p>&nbsp;<\/p>\n<ul>\n<li>egy eltartott eset\u00e9n 20 000 forint,<\/li>\n<li>kett\u0151 eltartott eset\u00e9n 40 000 forint, vagyis \u00f6sszesen a k\u00e9t eltartott ut\u00e1n ak\u00e1r 80 000 forinttal is cs\u00f6kkenhet a befizetend\u0151 szja \u00f6sszege,<\/li>\n<li>h\u00e1rom \u00e9s minden tov\u00e1bbi eltartott eset\u00e9n 66 000 forint lesz, ami h\u00e1rom gyermek eset\u00e9n ak\u00e1r 198 000 forint is lehet.<\/li>\n<\/ul>\n<p>&nbsp;<\/p>\n<p><strong>A beteg gyermekek ut\u00e1n j\u00e1r\u00f3 kedvezm\u00e9ny is n\u0151ni fog<\/strong><\/p>\n<p>&nbsp;<\/p>\n<p>A tart\u00f3san beteg, illetve s\u00falyosan fogyat\u00e9kos eltartottak ut\u00e1n t\u00f6bb ad\u00f3kedvezm\u00e9nyt vehetnek ig\u00e9nybe a kedvezm\u00e9nyezettek. A jelenlegi szab\u00e1lyoz\u00e1s szerint eltartottank\u00e9nt 66 670 forinttal n\u00f6velt \u00f6sszegben vehet\u0151 ig\u00e9nybe ig\u00e9nybe a csal\u00e1di kedvezm\u00e9ny, mint alapesetben. A szab\u00e1lyoz\u00e1s szerint tart\u00f3san beteg, illetve s\u00falyosan fogyat\u00e9kos szem\u00e9lynek min\u0151s\u00fcl az a 18. \u00e9let\u00e9v\u00e9t bet\u00f6lt\u00f6tt mag\u00e1nszem\u00e9ly is, aki a magasabb \u00f6sszeg\u0171 csal\u00e1di p\u00f3tl\u00e9k helyett fogyat\u00e9koss\u00e1gi t\u00e1mogat\u00e1sban r\u00e9szes\u00fcl.<\/p>\n<p>&nbsp;<\/p>\n<ol start=\"2025\">\n<li>j\u00faliust\u00f3l a beteg, illetve s\u00falyosan fogyat\u00e9kos eltartottak ut\u00e1n a csal\u00e1di kedvezm\u00e9ny 100 000 forinttal n\u00f6velt \u00f6sszegben vehet\u0151 ig\u00e9nybe, 2026. janu\u00e1rt\u00f3l pedig eltartottank\u00e9nt 133 340 forinttal.<\/li>\n<\/ol>\n","protected":false},"excerpt":{"rendered":"<p>K\u00f6zz\u00e9tette a korm\u00e1ny a csal\u00e1di ad\u00f3kedvezm\u00e9ny m\u00f3dos\u00edt\u00e1s\u00e1r\u00f3l sz\u00f3l\u00f3 jogszab\u00e1lytervezetet, amelyr\u0151l Guly\u00e1s Gergely besz\u00e9lt a szerda d\u00e9lel\u0151tti korm\u00e1nyinf\u00f3n. Ez alapj\u00e1n k\u00e9t l\u00e9pcs\u0151ben, 2025. j\u00falius 1-jei \u00e9s 2026. janu\u00e1r 1-jei emel\u00e9ssel k\u00e9tszeres\u00e9re n\u00f6velik a gyermekek ut\u00e1n j\u00e1r\u00f3 ad\u00f3kedvezm\u00e9nyt.<\/p>\n","protected":false},"author":1001010,"featured_media":20611,"comment_status":"open","ping_status":"open","sticky":false,"template":"","format":"standard","meta":[],"categories":[436,19],"tags":[],"_links":{"self":[{"href":"https:\/\/gazdasagportal.hu\/index.php\/wp-json\/wp\/v2\/posts\/147574"}],"collection":[{"href":"https:\/\/gazdasagportal.hu\/index.php\/wp-json\/wp\/v2\/posts"}],"about":[{"href":"https:\/\/gazdasagportal.hu\/index.php\/wp-json\/wp\/v2\/types\/post"}],"author":[{"embeddable":true,"href":"https:\/\/gazdasagportal.hu\/index.php\/wp-json\/wp\/v2\/users\/1001010"}],"replies":[{"embeddable":true,"href":"https:\/\/gazdasagportal.hu\/index.php\/wp-json\/wp\/v2\/comments?post=147574"}],"version-history":[{"count":1,"href":"https:\/\/gazdasagportal.hu\/index.php\/wp-json\/wp\/v2\/posts\/147574\/revisions"}],"predecessor-version":[{"id":147575,"href":"https:\/\/gazdasagportal.hu\/index.php\/wp-json\/wp\/v2\/posts\/147574\/revisions\/147575"}],"wp:featuredmedia":[{"embeddable":true,"href":"https:\/\/gazdasagportal.hu\/index.php\/wp-json\/wp\/v2\/media\/20611"}],"wp:attachment":[{"href":"https:\/\/gazdasagportal.hu\/index.php\/wp-json\/wp\/v2\/media?parent=147574"}],"wp:term":[{"taxonomy":"category","embeddable":true,"href":"https:\/\/gazdasagportal.hu\/index.php\/wp-json\/wp\/v2\/categories?post=147574"},{"taxonomy":"post_tag","embeddable":true,"href":"https:\/\/gazdasagportal.hu\/index.php\/wp-json\/wp\/v2\/tags?post=147574"}],"curies":[{"name":"wp","href":"https:\/\/api.w.org\/{rel}","templated":true}]}}