{"id":147561,"date":"2024-10-16T17:26:02","date_gmt":"2024-10-16T15:26:02","guid":{"rendered":"https:\/\/gazdasagportal.hu\/?p=147561"},"modified":"2024-10-16T17:26:02","modified_gmt":"2024-10-16T15:26:02","slug":"uj-gazdasagpolitikai-akcioterv","status":"publish","type":"post","link":"https:\/\/gazdasagportal.hu\/index.php\/uj-gazdasagpolitikai-akcioterv\/","title":{"rendered":"A korm\u00e1ny \u00faj gazdas\u00e1gpolitikai akci\u00f3tervr\u0151l d\u00f6nt\u00f6tt"},"content":{"rendered":"<p class=\"mb-5 text-lg font-normal leading-7.5 lg:mb-7.5 lg:text-xl\"><strong>A vil\u00e1ggazdas\u00e1g a koronav\u00edrus-vil\u00e1gj\u00e1rv\u00e1ny \u00e9s a h\u00e1bor\u00fa k\u00f6vetkezt\u00e9ben megv\u00e1ltozott. Ahhoz, hogy Magyarorsz\u00e1g a megv\u00e1ltozott helyzetben is sikeres legyen, \u00faj megold\u00e1sokra \u00e9s \u00faj gazdas\u00e1gpolitikai eszk\u00f6z\u00f6kre van sz\u00fcks\u00e9g &#8211; sz\u00f6gezte le szerdai k\u00f6zlem\u00e9ny\u00e9ben a Nemzetgazdas\u00e1gi Miniszt\u00e9rium (NGM).<\/strong><\/p>\n<p><!--more--><\/p>\n<div class=\"ads-in-post2\"><script async src=\"https:\/\/pagead2.googlesyndication.com\/pagead\/js\/adsbygoogle.js\"><\/script>\r\n<ins class=\"adsbygoogle\"\r\n     style=\"display:block\"\r\n     data-ad-format=\"fluid\"\r\n     data-ad-layout-key=\"-6t+ed+2i-1n-4w\"\r\n     data-ad-client=\"ca-pub-1959107119989764\"\r\n     data-ad-slot=\"4008251320\"><\/ins>\r\n<script>\r\n     (adsbygoogle = window.adsbygoogle || []).push({});\r\n<\/script><\/div>\n<p class=\"mb-5 text-lg font-normal leading-7.5 lg:mb-7.5 lg:text-xl\">A miniszt\u00e9rium hangs\u00falyozza: kiz\u00e1r\u00f3lag a gazdas\u00e1gi semlegess\u00e9g biztos\u00edt\u00e1s\u00e1val ny\u00edlik lehet\u0151s\u00e9g arra, hogy 2025-ben el\u00e9rhet\u0151 legyen a 3-6 sz\u00e1zal\u00e9k k\u00f6z\u00f6tti gazdas\u00e1gi n\u00f6veked\u00e9s. A gazdas\u00e1g \u00fajb\u00f3li lend\u00fcletbe hoz\u00e1sa mellett a korm\u00e1ny c\u00e9lul t\u0171zi ki, hogy a konjunkt\u00fara helyre\u00e1ll\u00edt\u00e1sa bevon\u00f3 jelleg\u0171 legyen, a t\u00e1rsadalom \u00e9s gazdas\u00e1g lehet\u0151 legsz\u00e9lesebb k\u00f6re r\u00e9szes\u00fclj\u00f6n bel\u0151le, k\u00fcl\u00f6n\u00f6sen a magyar csal\u00e1dok \u00e9s a magyar mikro-, kis- \u00e9s k\u00f6z\u00e9pv\u00e1llalkoz\u00e1sok.<\/p>\n<p class=\"mb-5 text-lg font-normal leading-7.5 lg:mb-7.5 lg:text-xl\">Bejelentett\u00e9k: mindezek \u00e9rdek\u00e9ben a korm\u00e1ny megkezdi az \u00faj gazdas\u00e1gpolitikai akci\u00f3terv kidolgoz\u00e1s\u00e1t, amely a k\u00f6vetkez\u0151 h\u00e1rom alappill\u00e9ren nyugszik: a j\u00f6vedelmek v\u00e1s\u00e1rl\u00f3erej\u00e9nek n\u00f6vel\u00e9se, a megfizethet\u0151 lakhat\u00e1s biztos\u00edt\u00e1sa, valamint a Demj\u00e1n S\u00e1ndor Program, amelynek c\u00e9lja a v\u00e1llalkoz\u00e1sok m\u00e9ret\u00e9nek megdupl\u00e1z\u00f3d\u00e1sa. Az \u00faj gazdas\u00e1gpolitikai akci\u00f3terv e h\u00e1rom pill\u00e9r ment\u00e9n \u00f6sszesen 21 int\u00e9zked\u00e9st tartalmaz.<\/p><div id=\"gazda-1418374816\" class=\"gazda-tartalomban gazda-entity-placement\"><script async src=\"https:\/\/pagead2.googlesyndication.com\/pagead\/js\/adsbygoogle.js\"><\/script>\r\n<ins class=\"adsbygoogle\"\r\n     style=\"display:block\"\r\n     data-ad-format=\"fluid\"\r\n     data-ad-layout-key=\"-6t+ed+2i-1n-4w\"\r\n     data-ad-client=\"ca-pub-1959107119989764\"\r\n     data-ad-slot=\"4008251320\"><\/ins>\r\n<script>\r\n     (adsbygoogle = window.adsbygoogle || []).push({});\r\n<\/script><\/div>\n<p class=\"mb-5 text-lg font-normal leading-7.5 lg:mb-7.5 lg:text-xl\">A miniszt\u00e9rium ismerteti: a j\u00f6vedelmek v\u00e1s\u00e1rl\u00f3erej\u00e9nek n\u00f6vel\u00e9s\u00e9t a korm\u00e1ny h\u00e1rom int\u00e9zked\u00e9ssel t\u00e1mogatja, amelyek k\u00f6z\u00fcl az NGM els\u0151k\u00e9nt eml\u00edti egy h\u00e1rom\u00e9ves b\u00e9rmeg\u00e1llapod\u00e1s megk\u00f6t\u00e9s\u00e9t a munkav\u00e1llal\u00f3i \u00e9s munk\u00e1ltat\u00f3i \u00e9rdekk\u00e9pviseletekkel, ezt k\u00f6veti a munk\u00e1shitel program elind\u00edt\u00e1sa \u00e9s a gyermekek ut\u00e1n j\u00e1r\u00f3 csal\u00e1di ad\u00f3kedvezm\u00e9ny megdupl\u00e1z\u00e1sa k\u00e9t l\u00e9p\u00e9sben.<\/p>\n<p class=\"mb-5 text-lg font-normal leading-7.5 lg:mb-7.5 lg:text-xl\">A lakhat\u00e1st seg\u00edt\u0151 int\u00e9zked\u00e9seket felvezetve az NGM megjegyzi, hogy Budapest s\u00falyos lakhat\u00e1si probl\u00e9m\u00e1val n\u00e9z szembe, amely probl\u00e9ma megold\u00e1sa els\u0151dlegesen a f\u0151v\u00e1ros feladata lenne, de l\u00e1that\u00f3an ezt a probl\u00e9m\u00e1t nem tudja kezelni. A budapesti lakhat\u00e1si probl\u00e9ma enyh\u00edt\u00e9se \u00e9rdek\u00e9ben a korm\u00e1ny h\u00e1rom int\u00e9zked\u00e9st dolgoz ki: a mag\u00e1nsz\u00e1ll\u00e1shely-szolg\u00e1ltat\u00e1sny\u00fajt\u00e1s, azaz az Airbnb felt\u00e9teleinek szigor\u00edt\u00e1sa, a lak\u00e1sb\u00e9rleti d\u00edjak \u00e9s szerz\u0151d\u00e9si felt\u00e9telek rendszer\u00e9nek vizsg\u00e1lata, valamint a koll\u00e9giumi f\u00e9r\u0151helyek b\u0151v\u00edt\u00e9se a fels\u0151oktat\u00e1si hallgat\u00f3k sz\u00e1m\u00e1ra.<\/p>\n<p class=\"mb-5 text-lg font-normal leading-7.5 lg:mb-7.5 lg:text-xl\">Mint hozz\u00e1tett\u00e9k, a korm\u00e1ny c\u00e9lja, hogy Budapesten t\u00falmutat\u00f3an az eg\u00e9sz orsz\u00e1gra kiterjed\u0151en fejlessze a lakhat\u00e1si felt\u00e9teleket, ez\u00e9rt a megfizethet\u0151 lakhat\u00e1ssal kapcsolatos tov\u00e1bbi h\u00e9t l\u00e9p\u00e9st tervez \u00fagy mint a fiataloknak sz\u00f3l\u00f3 lak\u00e1sprogram kialak\u00edt\u00e1sa, a vid\u00e9ki otthonfel\u00faj\u00edt\u00e1si program elind\u00edt\u00e1sa, a Sz\u00e9chenyi Pihen\u0151 K\u00e1rty\u00e1ra \u00e9rkez\u0151 juttat\u00e1sok 50 sz\u00e1zal\u00e9k\u00e1nak \u00e1tmeneti, lak\u00e1sfel\u00faj\u00edt\u00e1st lehet\u0151v\u00e9 t\u00e9v\u0151 lehet\u0151s\u00e9g\u00e9nek biztos\u00edt\u00e1sa.<\/p>\n<p class=\"mb-5 text-lg font-normal leading-7.5 lg:mb-7.5 lg:text-xl\">Az eg\u00e9sz orsz\u00e1gra kiterjed\u0151 l\u00e9p\u00e9sek k\u00f6z\u00e9 sorolt\u00e1k m\u00e9g az \u00f6nk\u00e9ntes nyugd\u00edjp\u00e9nzt\u00e1ri megtakar\u00edt\u00e1sok opcion\u00e1lis, \u00f6nk\u00e9ntes d\u00f6nt\u00e9sen alapul\u00f3, \u00e1tmeneti, lak\u00e1sc\u00e9l\u00fa felhaszn\u00e1l\u00e1s\u00e1nak biztos\u00edt\u00e1s\u00e1t, a munk\u00e1ltat\u00f3 \u00e1ltal adhat\u00f3 lakhat\u00e1si t\u00e1mogat\u00e1s ad\u00f3kedvezm\u00e9ny\u00e9nek kidolgoz\u00e1s\u00e1t, az \u00faj lak\u00f3ingatlanok \u00e9rt\u00e9kes\u00edt\u00e9s\u00e9re vonatkoz\u00f3 kedvezm\u00e9nyes, 5 sz\u00e1zal\u00e9kos \u00e1fa fenntart\u00e1s\u00e1t 2026 v\u00e9g\u00e9ig, valamint az 5 sz\u00e1zal\u00e9kos, \u00f6nk\u00e9ntesen v\u00e1llalt lak\u00e1shitel kamatplafon bevezet\u00e9s\u00e9t, egy\u00fcttm\u0171k\u00f6d\u00e9sben a bankszektorral.<\/p>\n<div class=\"ads-in-post2\"><script async src=\"https:\/\/pagead2.googlesyndication.com\/pagead\/js\/adsbygoogle.js\"><\/script>\r\n<ins class=\"adsbygoogle\"\r\n     style=\"display:block\"\r\n     data-ad-format=\"fluid\"\r\n     data-ad-layout-key=\"-6t+ed+2i-1n-4w\"\r\n     data-ad-client=\"ca-pub-1959107119989764\"\r\n     data-ad-slot=\"4008251320\"><\/ins>\r\n<script>\r\n     (adsbygoogle = window.adsbygoogle || []).push({});\r\n<\/script><\/div>\n<p class=\"mb-5 text-lg font-normal leading-7.5 lg:mb-7.5 lg:text-xl\">A harmadik csoportban a korm\u00e1ny meghirdeti a Demj\u00e1n S\u00e1ndor Programot, amelynek c\u00e9lja a hazai v\u00e1llalkoz\u00e1sok m\u00e9ret\u00e9nek megdupl\u00e1z\u00e1sa. A kkv szektor jelenti a magyar gazdas\u00e1g gerinc\u00e9t, amelynek t\u00e1mogat\u00e1s\u00e1t, tov\u00e1bbi meger\u0151s\u00edt\u00e9s\u00e9t nyolc int\u00e9zked\u00e9ssel seg\u00edti a korm\u00e1ny: jelent\u0151s m\u00e9rt\u00e9k\u0171 t\u0151kefinansz\u00edroz\u00e1si programmal, 1+1 KKV Beruh\u00e1z\u00e1s-\u00e9l\u00e9nk\u00edt\u0151 t\u00e1mogat\u00e1si programmal, azzal hogy elind\u00edtja a &#8222;Minden v\u00e1llalkoz\u00e1snak legyen saj\u00e1t honlapja&#8221; programot a digitaliz\u00e1ci\u00f3 el\u0151seg\u00edt\u00e9se \u00e9rdek\u00e9ben.<\/p>\n<p class=\"mb-5 text-lg font-normal leading-7.5 lg:mb-7.5 lg:text-xl\">Ezen t\u00falmen\u0151en bejelentett\u00e9k a Sz\u00e9chenyi K\u00e1rtya Program beruh\u00e1z\u00e1si t\u00edpus\u00fa hitelterm\u00e9kei eset\u00e9ben a fizetend\u0151 \u00e9ves kamat jelent\u0151s cs\u00f6kkent\u00e9s\u00e9t 3,5 sz\u00e1zal\u00e9kra, az Eximbank Zrt. export\u00f6szt\u00f6nz\u0151 hitelprogramj\u00e1nak \u00fajraind\u00edt\u00e1s\u00e1t, az Eximbank Zrt. \u00e1ltal ny\u00fajtand\u00f3 kifektet\u00e9si hitelprogram, valamint az NTH \u00e1ltal lebonyol\u00edtott kifektet\u00e9si t\u0151keprogram meghirdet\u00e9s\u00e9t, a hazai kkv-szektort \u00e9rint\u0151 eur\u00f3pai uni\u00f3s programok felgyors\u00edt\u00e1s\u00e1t, v\u00e9gezet\u00fcl pedig a kkv-szektor adminisztr\u00e1ci\u00f3j\u00e1nak cs\u00f6kkent\u00e9s\u00e9t, \u00edgy a k\u00f6telez\u0151 k\u00f6nyvvizsg\u00e1lati \u00e9rt\u00e9khat\u00e1r alkalmaz\u00e1si felt\u00e9tel\u00e9nek enyh\u00edt\u00e9s\u00e9t.<\/p>\n<p class=\"mb-5 text-lg font-normal leading-7.5 lg:mb-7.5 lg:text-xl\">Az \u00faj gazdas\u00e1gpolitikai akci\u00f3terv 21 int\u00e9zked\u00e9se \u00f6sszess\u00e9g\u00e9ben hozz\u00e1j\u00e1rul 3-6 sz\u00e1zal\u00e9k k\u00f6z\u00f6tti gazdas\u00e1gi n\u00f6veked\u00e9s el\u00e9r\u00e9s\u00e9hez. \u00cdgy ahhoz is, hogy a magyar GDP b\u0151v\u00fcl\u00e9se az uni\u00f3 \u00e1tlagos n\u00f6veked\u00e9s\u00e9t meghaladva az \u00e9lmez\u0151ny\u00e9be tartozzon, ez\u00e1ltal tov\u00e1bb folytatva haz\u00e1nk felz\u00e1rk\u00f3z\u00e1s\u00e1t az Eur\u00f3pai Uni\u00f3hoz &#8211; \u00edrta az NGM.<\/p>\n","protected":false},"excerpt":{"rendered":"<p>A vil\u00e1ggazdas\u00e1g a koronav\u00edrus-vil\u00e1gj\u00e1rv\u00e1ny \u00e9s a h\u00e1bor\u00fa k\u00f6vetkezt\u00e9ben megv\u00e1ltozott. Ahhoz, hogy Magyarorsz\u00e1g a megv\u00e1ltozott helyzetben is sikeres legyen, \u00faj megold\u00e1sokra \u00e9s \u00faj gazdas\u00e1gpolitikai eszk\u00f6z\u00f6kre van sz\u00fcks\u00e9g &#8211; sz\u00f6gezte le szerdai k\u00f6zlem\u00e9ny\u00e9ben a Nemzetgazdas\u00e1gi Miniszt\u00e9rium (NGM).<\/p>\n","protected":false},"author":1001010,"featured_media":1706,"comment_status":"open","ping_status":"open","sticky":false,"template":"","format":"standard","meta":[],"categories":[436,19],"tags":[],"_links":{"self":[{"href":"https:\/\/gazdasagportal.hu\/index.php\/wp-json\/wp\/v2\/posts\/147561"}],"collection":[{"href":"https:\/\/gazdasagportal.hu\/index.php\/wp-json\/wp\/v2\/posts"}],"about":[{"href":"https:\/\/gazdasagportal.hu\/index.php\/wp-json\/wp\/v2\/types\/post"}],"author":[{"embeddable":true,"href":"https:\/\/gazdasagportal.hu\/index.php\/wp-json\/wp\/v2\/users\/1001010"}],"replies":[{"embeddable":true,"href":"https:\/\/gazdasagportal.hu\/index.php\/wp-json\/wp\/v2\/comments?post=147561"}],"version-history":[{"count":2,"href":"https:\/\/gazdasagportal.hu\/index.php\/wp-json\/wp\/v2\/posts\/147561\/revisions"}],"predecessor-version":[{"id":147563,"href":"https:\/\/gazdasagportal.hu\/index.php\/wp-json\/wp\/v2\/posts\/147561\/revisions\/147563"}],"wp:featuredmedia":[{"embeddable":true,"href":"https:\/\/gazdasagportal.hu\/index.php\/wp-json\/wp\/v2\/media\/1706"}],"wp:attachment":[{"href":"https:\/\/gazdasagportal.hu\/index.php\/wp-json\/wp\/v2\/media?parent=147561"}],"wp:term":[{"taxonomy":"category","embeddable":true,"href":"https:\/\/gazdasagportal.hu\/index.php\/wp-json\/wp\/v2\/categories?post=147561"},{"taxonomy":"post_tag","embeddable":true,"href":"https:\/\/gazdasagportal.hu\/index.php\/wp-json\/wp\/v2\/tags?post=147561"}],"curies":[{"name":"wp","href":"https:\/\/api.w.org\/{rel}","templated":true}]}}