{"id":147450,"date":"2024-10-02T11:44:29","date_gmt":"2024-10-02T09:44:29","guid":{"rendered":"https:\/\/gazdasagportal.hu\/?p=147450"},"modified":"2024-10-02T11:44:29","modified_gmt":"2024-10-02T09:44:29","slug":"a-hosszu-tavu-ongondoskodast-tartja-szem-elott-az-oposz-a-nyugdijmegtakaritasok-lakascelu-felhasznalasa-eseten-is","status":"publish","type":"post","link":"https:\/\/gazdasagportal.hu\/index.php\/a-hosszu-tavu-ongondoskodast-tartja-szem-elott-az-oposz-a-nyugdijmegtakaritasok-lakascelu-felhasznalasa-eseten-is\/","title":{"rendered":"A hossz\u00fa t\u00e1v\u00fa \u00f6ngondoskod\u00e1st tartja szem el\u0151tt az \u00d6POSZ a nyugd\u00edjmegtakar\u00edt\u00e1sok lak\u00e1sc\u00e9l\u00fa felhaszn\u00e1l\u00e1sa eset\u00e9n is"},"content":{"rendered":"<p><strong>Annak \u00e9rdek\u00e9ben, hogy az \u00f6nk\u00e9ntes nyugd\u00edjp\u00e9nzt\u00e1ri megtakar\u00edt\u00e1sok azonnali lak\u00e1sc\u00e9l\u00fa felhaszn\u00e1l\u00e1s\u00e1t c\u00e9lz\u00f3 korm\u00e1nyzati sz\u00e1nd\u00e9k \u00f6sszhangba ker\u00fclj\u00f6n a p\u00e9nz\u00fcgyi tudatoss\u00e1g \u00e9s \u00f6ngondoskod\u00e1s nyugd\u00edjc\u00e9l\u00fa alapelveivel, a P\u00e9nzt\u00e1rsz\u00f6vets\u00e9g eljuttatja \u00e9szrev\u00e9teleit a Nemzetgazdas\u00e1gi Miniszt\u00e9riumhoz \u2013 hangzott el az \u00d6nk\u00e9ntes P\u00e9nzt\u00e1rak Orsz\u00e1gos Sz\u00f6vets\u00e9g\u00e9nek (\u00d6POSZ) idei \u00e9ves konferenci\u00e1j\u00e1n. A szervezet \u00e1ll\u00e1spontja szerint a nyugd\u00edjp\u00e9nzt\u00e1ri megtakar\u00edt\u00e1sok felhaszn\u00e1l\u00e1si lehet\u0151s\u00e9g\u00e9nek ingatlanszerz\u00e9si c\u00e9l\u00fa sz\u00e9les\u00edt\u00e9se \u2013 megfelel\u0151, hossz\u00fa t\u00e1vra sz\u00f3l\u00f3, az \u00f6ngondoskod\u00e1s rendszer\u00e9be illeszked\u0151 kialak\u00edt\u00e1s eset\u00e9n \u2013 a p\u00e9nzt\u00e1rtagok hossz\u00fat\u00e1v\u00fa \u00e9rdekeit tudja szolg\u00e1lni, \u00e9s m\u00e9g a fiatalabb gener\u00e1ci\u00f3k sz\u00e1m\u00e1ra is vonz\u00f3bb\u00e1 teheti a nyugd\u00edjp\u00e9nzt\u00e1ri takar\u00e9koskod\u00e1s megkezd\u00e9s\u00e9t.<\/strong><!--more--><\/p>\n<div class=\"ads-in-post2\"><script async src=\"https:\/\/pagead2.googlesyndication.com\/pagead\/js\/adsbygoogle.js\"><\/script>\r\n<ins class=\"adsbygoogle\"\r\n     style=\"display:block\"\r\n     data-ad-format=\"fluid\"\r\n     data-ad-layout-key=\"-6t+ed+2i-1n-4w\"\r\n     data-ad-client=\"ca-pub-1959107119989764\"\r\n     data-ad-slot=\"4008251320\"><\/ins>\r\n<script>\r\n     (adsbygoogle = window.adsbygoogle || []).push({});\r\n<\/script><\/div>\n<p>Mintegy 250 vend\u00e9g, 12 alapkezel\u0151, 30 \u00f6nk\u00e9ntes nyugd\u00edj- \u00e9s eg\u00e9szs\u00e9gp\u00e9nzt\u00e1r, valamint a Magyar Nemzeti Bank, illetve a Befektet\u00e9si Alapkezel\u0151k \u00e9s Vagyonkezel\u0151k Magyarorsz\u00e1gi Sz\u00f6vets\u00e9ge k\u00e9pvisel\u0151inek r\u00e9szv\u00e9tel\u00e9vel az id\u00e9n is megtartotta \u00e9ves konferenci\u00e1j\u00e1t az \u00d6nk\u00e9ntes P\u00e9nzt\u00e1rak Orsz\u00e1gos Sz\u00f6vets\u00e9ge.<\/p>\n<p><em>\u201eA magyarok sz\u00e1m\u00e1ra a hossz\u00fat\u00e1v\u00fa \u00f6ngondoskod\u00e1st a lak\u00e1stulajdon jelenti, m\u00e1rpedig ez olyan saj\u00e1toss\u00e1g, amelyet figyelembe kell venni <\/em>\u2013 emelte ki el\u0151ad\u00e1s\u00e1ban <strong>Kov\u00e1cs Zsolt, a Gazdas\u00e1gfejleszt\u00e9si Miniszt\u00e9rium miniszteri biztosa.<\/strong> <em>\u2013 Az idei \u00e9v sikeres lesz a p\u00e9nzt\u00e1rszektor sz\u00e1m\u00e1ra, \u00e1m a nyugd\u00edjkassz\u00e1kat ezzel egy\u00fctt az jellemzi, hogy cs\u00f6kken a tagl\u00e9tsz\u00e1muk. A szakt\u00e1rca a nyugd\u00edjc\u00e9l\u00fa megtakar\u00edt\u00e1sok lakhat\u00e1s ir\u00e1ny\u00e1ba t\u00f6rt\u00e9n\u0151 mobiliz\u00e1l\u00e1s\u00e1ra t\u00f6rekszik, ennek kapcs\u00e1n t\u00f6bb tervezet is sz\u00fcletett. A jelenlegi elk\u00e9pzel\u00e9sek l\u00e9nyege, hogy j\u00f6v\u0151re, egyszeri int\u00e9zked\u00e9sk\u00e9nt lakhat\u00e1si c\u00e9lra lehetne haszn\u00e1lni az \u00f6nk\u00e9ntes p\u00e9nzt\u00e1rakban gy\u0171jt\u00f6tt nyugd\u00edjmegtakar\u00edt\u00e1sokat.\u201d<\/em> A miniszteri biztos \u00e1ltal bemutatott piaci felm\u00e9r\u00e9s szerint ez mintegy 300 milli\u00e1rd forint forr\u00e1snak felelhet meg, ami 60 milli\u00f3s lak\u00e1s\u00e1rakkal \u00e9s 15 sz\u00e1zal\u00e9kos \u00f6nr\u00e9sszel sz\u00e1molva nagys\u00e1grendileg 30 ezer tranzakci\u00f3t jelentene lak\u00e1shitelt vagy m\u00e1s forr\u00e1sokat is bevonva.<\/p><div id=\"gazda-1482554798\" class=\"gazda-tartalomban gazda-entity-placement\"><script async src=\"https:\/\/pagead2.googlesyndication.com\/pagead\/js\/adsbygoogle.js\"><\/script>\r\n<ins class=\"adsbygoogle\"\r\n     style=\"display:block\"\r\n     data-ad-format=\"fluid\"\r\n     data-ad-layout-key=\"-6t+ed+2i-1n-4w\"\r\n     data-ad-client=\"ca-pub-1959107119989764\"\r\n     data-ad-slot=\"4008251320\"><\/ins>\r\n<script>\r\n     (adsbygoogle = window.adsbygoogle || []).push({});\r\n<\/script><\/div>\n<p><em>\u201eAz \u00d6nk\u00e9ntes P\u00e9nzt\u00e1rak Orsz\u00e1gos Sz\u00f6vets\u00e9ge 30 \u00e9ve a nyugd\u00edj- \u00e9s eg\u00e9szs\u00e9gmeg\u0151rz\u00e9si c\u00e9l\u00fa \u00f6ngondoskod\u00e1s elk\u00f6telezett t\u00e1mogat\u00f3ja. Minden olyan szab\u00e1lyoz\u00f3i kezdem\u00e9nyez\u00e9sben partner, amely a t\u00f6bb mint k\u00e9tmilli\u00f3 p\u00e9nzt\u00e1rtag \u2013 vagyis a foglalkoztatottak t\u00f6bb mint 42 sz\u00e1zal\u00e9ka \u2013 hossz\u00fat\u00e1v\u00fa \u00e9rdekeit szolg\u00e1lja<\/em> \u2013 hangs\u00falyozta <strong>Mohr Lajos, a P\u00e9nzt\u00e1rsz\u00f6vets\u00e9g eln\u00f6ke<\/strong>. \u2013 <em>A Nemzetgazdas\u00e1gi Miniszt\u00e9rium tervezete a p\u00e9nzt\u00e1rakban kezelt, tudatosan, nyugd\u00edjc\u00e9lra f\u00e9lretett megtakar\u00edt\u00e1sok azonnali lak\u00e1sc\u00e9l\u00fa felhaszn\u00e1l\u00e1s\u00e1t c\u00e9lozza. Annak \u00e9rdek\u00e9ben, hogy a jogszab\u00e1lym\u00f3dos\u00edt\u00e1si javaslat \u00f6sszhangba ker\u00fclj\u00f6n a p\u00e9nz\u00fcgyi tudatoss\u00e1g \u00e9s \u00f6ngondoskod\u00e1s nyugd\u00edjc\u00e9l\u00fa alapelveivel, az \u00d6POSZ eljuttatja \u00e9szrev\u00e9teleit a szakt\u00e1rc\u00e1hoz. A P\u00e9nzt\u00e1rsz\u00f6vets\u00e9g \u00e1ll\u00e1spontja szerint a nyugd\u00edjp\u00e9nzt\u00e1ri megtakar\u00edt\u00e1sok felhaszn\u00e1l\u00e1si lehet\u0151s\u00e9g\u00e9nek ingatlanszerz\u00e9si c\u00e9l\u00fa sz\u00e9les\u00edt\u00e9se \u2013 megfelel\u0151, hossz\u00fa t\u00e1vra sz\u00f3l\u00f3, az \u00f6ngondoskod\u00e1s rendszer\u00e9be illeszked\u0151 kialak\u00edt\u00e1s eset\u00e9n \u2013 a p\u00e9nzt\u00e1rtagok hossz\u00fat\u00e1v\u00fa \u00e9rdekeit tudja szolg\u00e1lni, \u00e9s m\u00e9g a fiatalabb gener\u00e1ci\u00f3k sz\u00e1m\u00e1ra is vonz\u00f3bb\u00e1 teheti a nyugd\u00edjp\u00e9nzt\u00e1ri takar\u00e9koskod\u00e1s megkezd\u00e9s\u00e9t. Mindemellett, ha \u00e9letbe l\u00e9p is egy ilyen v\u00e1ltoz\u00e1s, a p\u00e9nzt\u00e1rszektor f\u0151 tev\u00e9kenys\u00e9ge tov\u00e1bbra is az \u00f6ngondoskod\u00e1s er\u0151s\u00edt\u00e9se, az \u00e1llami nyugd\u00edj kieg\u00e9sz\u00edt\u00e9se marad\u201d \u2013 <\/em>fogalmazott az \u00d6POSZ eln\u00f6ke.<\/p>\n<p><em>\u201eAz els\u0151 f\u00e9l\u00e9v v\u00e9g\u00e9n 2077 milli\u00e1rd forint vagyont kezeltek az \u00f6nk\u00e9ntes p\u00e9nzt\u00e1rak, ez \u00e9ves szinten 19,5 sz\u00e1zal\u00e9kos n\u00f6veked\u00e9st jelent<\/em> \u2013 mondta <strong>Bense Rich\u00e1rd, a Magyar Nemzeti Bank f\u0151oszt\u00e1lyvezet\u0151je<\/strong>. <em>\u2013 \u00c9rdekess\u00e9g, hogy az \u00e1llampap\u00edrok ar\u00e1nya a kiemelked\u0151 hozamok ellen\u00e9re cs\u00f6kkent a nyugd\u00edjp\u00e9nzt\u00e1ri portf\u00f3li\u00f3kban, de a befektet\u00e9sek 43 sz\u00e1zal\u00e9ka \u00edgy is \u00e1llamk\u00f6tv\u00e9nyekben volt, \u00f6sszess\u00e9g\u00e9ben pedig 68 sz\u00e1zal\u00e9kot tett ki a hazai eszk\u00f6z\u00f6k ar\u00e1nya.\u201d <\/em>Bense Rich\u00e1rd kiemelte:<em> \u201eaz \u00e9v v\u00e9g\u00e9re a szektorban a jelenlegi tendenci\u00e1k mellett k\u00e9tsz\u00e1mjegy\u0171 hozam is el\u00e9rhet\u0151, a befizet\u00e9sek \u00e9rt\u00e9ke pedig \u2013 ad\u00f3j\u00f3v\u00e1\u00edr\u00e1ssal egy\u00fctt \u2013 ak\u00e1r el\u00e9rheti a 160 milli\u00e1rd forintot a tavalyi 146,4 milli\u00e1rdot k\u00f6vet\u0151en. A nyugd\u00edjp\u00e9nzt\u00e1rak kifejezetten k\u00f6lts\u00e9ghat\u00e9kony \u00f6ngondoskod\u00e1si form\u00e1t jelentenek, hiszen a d\u00edjterhel\u00e9si mutat\u00f3 2002 \u00e9s 2023 k\u00f6z\u00f6tt a harmad\u00e1val, 1,12 sz\u00e1zal\u00e9kr\u00f3l 0,73 sz\u00e1zal\u00e9kra cs\u00f6kkent.\u201d <\/em>A jegybanki szak\u00e9rt\u0151 arra is felh\u00edvta a figyelmet, hogy az MNB modellsz\u00e1m\u00edt\u00e1sai szerint az ad\u00f3j\u00f3v\u00e1\u00edr\u00e1si lehet\u0151s\u00e9get maximaliz\u00e1l\u00f3 nyugd\u00edjp\u00e9nzt\u00e1ri takar\u00e9koskod\u00e1ssal 2023-ig bez\u00e1r\u00f3lag 10 \u00e9v alatt 8,42, 15 \u00e9v alatt pedig 8,02 sz\u00e1zal\u00e9kos \u00e9ves \u00e1tlaghozamot lehetett el\u00e9rni.<\/p>\n","protected":false},"excerpt":{"rendered":"<p>Annak \u00e9rdek\u00e9ben, hogy az \u00f6nk\u00e9ntes nyugd\u00edjp\u00e9nzt\u00e1ri megtakar\u00edt\u00e1sok azonnali lak\u00e1sc\u00e9l\u00fa felhaszn\u00e1l\u00e1s\u00e1t c\u00e9lz\u00f3 korm\u00e1nyzati sz\u00e1nd\u00e9k \u00f6sszhangba ker\u00fclj\u00f6n a p\u00e9nz\u00fcgyi tudatoss\u00e1g \u00e9s \u00f6ngondoskod\u00e1s nyugd\u00edjc\u00e9l\u00fa alapelveivel, a P\u00e9nzt\u00e1rsz\u00f6vets\u00e9g eljuttatja \u00e9szrev\u00e9teleit a Nemzetgazdas\u00e1gi Miniszt\u00e9riumhoz \u2013 hangzott el az \u00d6nk\u00e9ntes P\u00e9nzt\u00e1rak Orsz\u00e1gos Sz\u00f6vets\u00e9g\u00e9nek (\u00d6POSZ) idei \u00e9ves konferenci\u00e1j\u00e1n. A szervezet \u00e1ll\u00e1spontja szerint a nyugd\u00edjp\u00e9nzt\u00e1ri megtakar\u00edt\u00e1sok felhaszn\u00e1l\u00e1si lehet\u0151s\u00e9g\u00e9nek ingatlanszerz\u00e9si c\u00e9l\u00fa sz\u00e9les\u00edt\u00e9se \u2013 megfelel\u0151, &#8230;<\/p>\n","protected":false},"author":1001010,"featured_media":0,"comment_status":"open","ping_status":"open","sticky":false,"template":"","format":"standard","meta":[],"categories":[19],"tags":[],"_links":{"self":[{"href":"https:\/\/gazdasagportal.hu\/index.php\/wp-json\/wp\/v2\/posts\/147450"}],"collection":[{"href":"https:\/\/gazdasagportal.hu\/index.php\/wp-json\/wp\/v2\/posts"}],"about":[{"href":"https:\/\/gazdasagportal.hu\/index.php\/wp-json\/wp\/v2\/types\/post"}],"author":[{"embeddable":true,"href":"https:\/\/gazdasagportal.hu\/index.php\/wp-json\/wp\/v2\/users\/1001010"}],"replies":[{"embeddable":true,"href":"https:\/\/gazdasagportal.hu\/index.php\/wp-json\/wp\/v2\/comments?post=147450"}],"version-history":[{"count":2,"href":"https:\/\/gazdasagportal.hu\/index.php\/wp-json\/wp\/v2\/posts\/147450\/revisions"}],"predecessor-version":[{"id":147452,"href":"https:\/\/gazdasagportal.hu\/index.php\/wp-json\/wp\/v2\/posts\/147450\/revisions\/147452"}],"wp:attachment":[{"href":"https:\/\/gazdasagportal.hu\/index.php\/wp-json\/wp\/v2\/media?parent=147450"}],"wp:term":[{"taxonomy":"category","embeddable":true,"href":"https:\/\/gazdasagportal.hu\/index.php\/wp-json\/wp\/v2\/categories?post=147450"},{"taxonomy":"post_tag","embeddable":true,"href":"https:\/\/gazdasagportal.hu\/index.php\/wp-json\/wp\/v2\/tags?post=147450"}],"curies":[{"name":"wp","href":"https:\/\/api.w.org\/{rel}","templated":true}]}}