{"id":147403,"date":"2024-09-28T20:19:28","date_gmt":"2024-09-28T18:19:28","guid":{"rendered":"https:\/\/gazdasagportal.hu\/?p=147403"},"modified":"2024-09-28T20:19:28","modified_gmt":"2024-09-28T18:19:28","slug":"orszagos-kutatasbol-netezesi-korkep-a-magyarok-tobbsegenek-elete-elkepzelhetetlen-net-nelkul","status":"publish","type":"post","link":"https:\/\/gazdasagportal.hu\/index.php\/orszagos-kutatasbol-netezesi-korkep-a-magyarok-tobbsegenek-elete-elkepzelhetetlen-net-nelkul\/","title":{"rendered":"Orsz\u00e1gos kutat\u00e1sb\u00f3l netez\u00e9si k\u00f6rk\u00e9p: a magyarok t\u00f6bbs\u00e9g\u00e9nek \u00e9lete elk\u00e9pzelhetetlen net n\u00e9lk\u00fcl"},"content":{"rendered":"<p class=\"m_-822638053246680480paragraph\"><b>Rengeteget internetez\u00fcnk, legink\u00e1bb okostelefonon, \u00e9s minden m\u00e1sodik fiatal napi 2-3 \u00f3r\u00e1t t\u00f6lt el chatel\u00e9ssel \u2013 der\u00fcl ki a Yettel orsz\u00e1gos, reprezentat\u00edv kutat\u00e1s\u00e1b\u00f3l. B\u00e1r min\u00e9l fiatalabb valaki, ann\u00e1l val\u00f3sz\u00edn\u0171bb, hogy gyakrabban haszn\u00e1lja mobilon az internetet, de m\u00e9g az X gener\u00e1ci\u00f3 85 sz\u00e1zal\u00e9ka is naponta t\u00f6bbsz\u00f6r felmegy a netre. A legn\u00e9pszer\u0171bb k\u00f6z\u00f6ss\u00e9gi platform tov\u00e1bbra is a Facebook, de a Z gener\u00e1ci\u00f3sok k\u00f6r\u00e9ben a TikTok \u00e9s az Instagram is h\u00f3d\u00edt.<u><\/u><u><\/u><\/b><\/p>\n<p><!--more--><\/p>\n<div class=\"ads-in-post2\"><script async src=\"https:\/\/pagead2.googlesyndication.com\/pagead\/js\/adsbygoogle.js\"><\/script>\r\n<ins class=\"adsbygoogle\"\r\n     style=\"display:block\"\r\n     data-ad-format=\"fluid\"\r\n     data-ad-layout-key=\"-6t+ed+2i-1n-4w\"\r\n     data-ad-client=\"ca-pub-1959107119989764\"\r\n     data-ad-slot=\"4008251320\"><\/ins>\r\n<script>\r\n     (adsbygoogle = window.adsbygoogle || []).push({});\r\n<\/script><\/div>\n<p class=\"m_-822638053246680480paragraph\">Az id\u00e9n ny\u00e1ron bemutatott Yepp, a fiatalabb k\u00f6z\u00f6ns\u00e9gnek tervezett mobilszolg\u00e1ltat\u00e1s fogadtat\u00e1s\u00e1b\u00f3l kider\u00fclt, hogy a 18-35 \u00e9ves koroszt\u00e1ly mellett a 36-55 \u00e9ves korcsoportban is megvan az ig\u00e9ny a digit\u00e1lisan ig\u00e9nybevehet\u0151 szolg\u00e1ltat\u00e1sokra, az egyszer\u0171, \u2018b\u00e1rhol-b\u00e1rmikor\u2019 \u00fcgyint\u00e9z\u00e9sre. Mivel a mobilnet-haszn\u00e1l\u00f3k adatig\u00e9nye folyamatosan n\u00f6vekszik \u00e9s a Yepp korl\u00e1tlan belf\u00f6ldi mobilnet-hozz\u00e1f\u00e9r\u00e9st k\u00edn\u00e1l, \u00edgy a Yettel orsz\u00e1gos reprezentat\u00edv kutat\u00e1s\u00e1ban arra kereste a v\u00e1laszt, hogy \u2013 b\u00e1r az internethez val\u00f3 hozz\u00e1f\u00e9r\u00e9s m\u00f3dja azonos az egyes gener\u00e1ci\u00f3kban \u2013 a k\u00fcl\u00f6nb\u00f6z\u0151 korcsoportok mire \u00e9s hogyan haszn\u00e1lj\u00e1k a netet. Az eredm\u00e9nyek alapj\u00e1n ez m\u00e1r jelent\u0151s k\u00fcl\u00f6nbs\u00e9geket mutat a koroszt\u00e1lyok k\u00f6z\u00f6tt.<u><\/u><u><\/u><\/p>\n<p class=\"m_-822638053246680480paragraph\"><u><\/u>\u00a0<u><\/u><\/p>\n<p class=\"m_-822638053246680480paragraph\"><b>Kevesen haszn\u00e1ljak keveset a netet (sokak sokat)<u><\/u><u><\/u><\/b><\/p><div id=\"gazda-3103370226\" class=\"gazda-tartalomban gazda-entity-placement\"><script async src=\"https:\/\/pagead2.googlesyndication.com\/pagead\/js\/adsbygoogle.js\"><\/script>\r\n<ins class=\"adsbygoogle\"\r\n     style=\"display:block\"\r\n     data-ad-format=\"fluid\"\r\n     data-ad-layout-key=\"-6t+ed+2i-1n-4w\"\r\n     data-ad-client=\"ca-pub-1959107119989764\"\r\n     data-ad-slot=\"4008251320\"><\/ins>\r\n<script>\r\n     (adsbygoogle = window.adsbygoogle || []).push({});\r\n<\/script><\/div>\n<p class=\"m_-822638053246680480paragraph\"><u><\/u>\u00a0<u><\/u><\/p>\n<p class=\"m_-822638053246680480paragraph\">100 f\u0151 Z gener\u00e1ci\u00f3s v\u00e1laszad\u00f3 k\u00f6z\u00fcl mind\u00f6ssze 1, az Y gener\u00e1ci\u00f3sok k\u00f6z\u00fcl 4, \u00e9s m\u00e9g az X gener\u00e1ci\u00f3 tagjai k\u00f6z\u00fcl is csak 12 olyan felhaszn\u00e1l\u00f3 van, aki legfeljebb naponta csak egyszer haszn\u00e1lja netez\u00e9sre az okostelefonj\u00e1t.\u00a0<a name=\"m_-822638053246680480__Hlk178255697\"><\/a>A 16-25 \u00e9vesek k\u00f6zel fele (49%), de m\u00e9g a 46-55 \u00e9vesek egyharmada \u00e9s az 56 \u00e9v f\u00f6l\u00f6ttiek egynegyede is mobilon netezik \u201eamikor csak lehets\u00e9ges\u201d \u2013 azaz szinte eg\u00e9sz nap. Az okostelefon ezzel minden m\u00e1s eszk\u00f6zt megel\u0151z \u2013 a k\u00f6vetkez\u0151 legn\u00e9pszer\u0171bb a laptop \u00e9s a notebook, amelyet a megk\u00e9rdezettek k\u00f6zel fele (48%) haszn\u00e1l naponta legal\u00e1bb egyszer internetez\u00e9sre.<i><u><\/u><u><\/u><\/i><\/p>\n<p class=\"m_-822638053246680480paragraph\"><u><\/u>\u00a0<u><\/u><\/p>\n<p class=\"m_-822638053246680480paragraph\">A k\u00f6z\u00f6ss\u00e9gi m\u00e9di\u00e1ban a legt\u00f6bb id\u0151t az Y gener\u00e1ci\u00f3 t\u00f6lti, k\u00f6z\u00fcl\u00fck is legink\u00e1bb a 26-35 \u00e9vesek. A k\u00f6z\u00f6ss\u00e9gi oldalakon a legkedveltebb tev\u00e9kenys\u00e9g a posztok, bejegyz\u00e9sek olvas\u00e1sa \u2013 minden m\u00e1sodik v\u00e1laszad\u00f3 naponta legal\u00e1bb 1-2 \u00f3r\u00e1t t\u00f6lt ezzel. Ezt a vide\u00f3n\u00e9z\u00e9s k\u00f6veti, majd j\u00f3val r\u00f6videbb id\u0151tartamban a saj\u00e1t poszt, bejegyz\u00e9s vagy hozz\u00e1sz\u00f3l\u00e1s \u00edr\u00e1s\u00e1ra ford\u00edtanak id\u0151t. A vide\u00f3 egy\u00e9rtelm\u0171en a legfiatalabbak, a Z gener\u00e1ci\u00f3 tagjainak a sz\u00f3rakoz\u00e1sa: k\u00e9tharmaduk (66%) naponta legal\u00e1bb 1-2 \u00f3r\u00e1t, 20 sz\u00e1zal\u00e9kuk pedig t\u00f6bb mint h\u00e1rom \u00f3r\u00e1t ford\u00edt erre naponta.<u><\/u><u><\/u><\/p>\n<p class=\"m_-822638053246680480paragraph\"><u><\/u>\u00a0<u><\/u><\/p>\n<p class=\"m_-822638053246680480paragraph\"><b>M\u00e9g mindig a Facebook \u00e9s az Instagram vezet<u><\/u><u><\/u><\/b><\/p>\n<p class=\"m_-822638053246680480paragraph\"><u><\/u>\u00a0<u><\/u><\/p>\n<p class=\"m_-822638053246680480paragraph\">A fiatalok k\u00f6z\u00f6ss\u00e9gi platformja egy\u00e9rtelm\u0171en a TikTok \u00e9s az Instagram \u2013 el\u0151bbit a Z gener\u00e1ci\u00f3 fele, ut\u00f3bbit pedig 55 sz\u00e1zal\u00e9ka naponta t\u00f6bbsz\u00f6r is haszn\u00e1lja. A Facebook a 26 \u00e9ven aluliak k\u00f6r\u00e9ben n\u00e9mileg kev\u00e9sb\u00e9 n\u00e9pszer\u0171, de \u00edgy is d\u00f6nt\u0151 r\u00e9sz\u00fck (81%) naponta bel\u00e9p a fel\u00fcletre. A YouTube ink\u00e1bb a Z \u00e9s az Y gener\u00e1ci\u00f3k platformja, az X (kor\u00e1bbi nev\u00e9n Twitter) pedig a kev\u00e9sb\u00e9 elterjedt oldalak k\u00f6z\u00e9 tartozik itthon. Az egy\u00e9b k\u00f6z\u00f6ss\u00e9gi oldalakat m\u00e1r kev\u00e9sb\u00e9 haszn\u00e1ljuk, de a Reddit, a BeReal \u00e9s f\u0151leg a Snapchat a legfiatalabbak k\u00f6z\u00f6tt az\u00e9rt n\u00e9pszer\u0171 (ut\u00f3bbin a Z gener\u00e1ci\u00f3 tagjainak 37 sz\u00e1zal\u00e9ka legal\u00e1bb napi szinten k\u00fcld \u00fczenetet). B\u00e1r a Teams sokaknak munkaeszk\u00f6z, m\u00e9gis ink\u00e1bb az Y \u00e9s Z gener\u00e1ci\u00f3 haszn\u00e1lja, nem pedig az id\u0151sebb X gener\u00e1ci\u00f3.<u><\/u><u><\/u><\/p>\n<p class=\"m_-822638053246680480paragraph\"><u><\/u>\u00a0<u><\/u><\/p>\n<p class=\"m_-822638053246680480paragraph\"><b>\u00cdgy \u00fczen\u00fcnk a neten<u><\/u><u><\/u><\/b><\/p>\n<p class=\"m_-822638053246680480paragraph\"><u><\/u>\u00a0<u><\/u><\/p>\n<p class=\"m_-822638053246680480paragraph\">Az \u00fczenetk\u00fcld\u0151 \u00e9s chatszolg\u00e1ltat\u00e1sok eset\u00e9n is megfigyelhet\u0151k a koroszt\u00e1ly szerinti k\u00fcl\u00f6nbs\u00e9gek: min\u00e9l fiatalabb valaki, ann\u00e1l val\u00f3sz\u00edn\u0171bb, hogy gyakrabban messengerezik \u2013 de m\u00e9g az 56 \u00e9v f\u00f6l\u00f6ttiek 56 sz\u00e1zal\u00e9ka is naponta t\u00f6bbsz\u00f6r haszn\u00e1lja az alkalmaz\u00e1st. A Viber \u00e9s a Whatsapp eset\u00e9n hasonl\u00f3 a helyzet: b\u00e1r az Y \u00e9s az X gener\u00e1ci\u00f3 is s\u0171r\u0171n l\u00e9p fel ezekre a platformokra, de ut\u00f3bbiak k\u00f6r\u00e9ben magasabb a szolg\u00e1ltat\u00e1st egy\u00e1ltal\u00e1n nem haszn\u00e1l\u00f3k ar\u00e1nya. A Gmaillel, az Outlookkal \u00e9s az irodai levelez\u0151programokkal ink\u00e1bb az Y \u00e9s az X gener\u00e1ci\u00f3 k\u00fcld e-maileket.<u><\/u><u><\/u><\/p>\n<p class=\"m_-822638053246680480paragraph\"><u><\/u>\u00a0<u><\/u><\/p>\n<p class=\"m_-822638053246680480paragraph\">Legink\u00e1bb az Y gener\u00e1ci\u00f3, k\u00fcl\u00f6n\u00f6sen a 26-35 \u00e9vesek t\u00f6ltenek id\u0151t munka- \u00e9s mag\u00e1nc\u00e9l\u00fa e-mailek \u00edr\u00e1s\u00e1val (sorrendben 51, illetve 46 sz\u00e1zal\u00e9k legal\u00e1bb napi f\u00e9l\u00f3r\u00e1t foglalkozik ezzel). Munka miatt szint\u00e9n az Y gener\u00e1ci\u00f3 chatel a legt\u00f6bbet (47 sz\u00e1zal\u00e9kuk naponta legal\u00e1bb f\u00e9l\u00f3r\u00e1t), mag\u00e1nc\u00e9lb\u00f3l viszont m\u00e1r a Z gener\u00e1ci\u00f3 tagjai (minden m\u00e1sodik fiatal naponta legal\u00e1bb 2-3 \u00f3r\u00e1t). A chatel\u00e9sr\u0151l is elmondhat\u00f3, hogy a kor el\u0151rehaladt\u00e1val egyre r\u00f6vid\u00fcl az ezzel t\u00f6lt\u00f6tt id\u0151.<u><\/u><u><\/u><\/p>\n<p class=\"m_-822638053246680480paragraph\"><u><\/u>\u00a0<u><\/u><\/p>\n<p class=\"m_-822638053246680480paragraph\">L\u00e1that\u00f3 teh\u00e1t, hogy gener\u00e1ci\u00f3nk\u00e9nt elt\u00e9r\u0151 m\u00e9rt\u00e9kben, de rengeteg id\u0151t t\u00f6lt\u00fcnk a digit\u00e1lis t\u00e9rben. A az orsz\u00e1g els\u0151 digit\u00e1lis el\u0151fizet\u00e9se, a Yepp \u00e9ppen azoknak a felhaszn\u00e1l\u00f3knak jelent j\u00f3 megold\u00e1st, akiknek els\u0151sorban adatra van sz\u00fcks\u00e9g\u00fck, \u00e9s \u00fcgyeiket online szeretik int\u00e9zni. A tarifa korl\u00e1tlan belf\u00f6ldi adatkeretet \u00e9s 50 GB EU\/1-es d\u00edjz\u00f3na roamingot biztos\u00edt\u00e9, h\u0171s\u00e9gszerz\u0151d\u00e9s n\u00e9lk\u00fcl vehet\u0151 ig\u00e9nybe, \u00e9s digit\u00e1lisan, teljes eg\u00e9sz\u00e9ben a Yettel alkalmaz\u00e1son kereszt\u00fcl rendelhet\u0151 meg. \u00cdgy ugyanazt a felhaszn\u00e1l\u00f3i \u00e9lm\u00e9nyt hozza, mint amit sok k\u00f6zkedvelt szolg\u00e1ltat\u00e1s a streamingt\u0151l az \u00e9telrendel\u00e9sen \u00e1t az aut\u00f3megoszt\u00e1sig. Ezzel is biztos\u00edtja a digit\u00e1lisan \u00e9rettebb felhaszn\u00e1l\u00f3knak az elv\u00e1rt, k\u00f6t\u00f6tts\u00e9gek n\u00e9lk\u00fcli szabads\u00e1got.<u><\/u><u><\/u><\/p>\n<p class=\"m_-822638053246680480paragraph\"><u><\/u>\u00a0<u><\/u><\/p>\n<p class=\"m_-822638053246680480paragraph\"><i>Az egyes gener\u00e1ci\u00f3k kutat\u00e1sban haszn\u00e1lt \u00e9letkori meghat\u00e1roz\u00e1sa: Z: 16-24 \u00e9vesek, Y: 25-44 \u00e9vesek, X: 45-65 \u00e9vesek.<u><\/u><u><\/u><\/i><\/p>\n<p class=\"m_-822638053246680480paragraph\"><i><u><\/u>\u00a0<u><\/u><\/i><\/p>\n<p class=\"m_-822638053246680480paragraph\"><i>A kutat\u00e1s 1006 f\u0151 online megk\u00e9rdez\u00e9s\u00e9vel zajlott 2024. m\u00e1rcius 14-25. k\u00f6z\u00f6tt. A minta reprezentat\u00edv a 16-65 \u00e9ves magyar lakoss\u00e1gra \u00e9letkor, nem, r\u00e9gi\u00f3, telep\u00fcl\u00e9st\u00edpus \u00e9s iskolai v\u00e9gzetts\u00e9g szerint (Impetus Research).<\/i><\/p>\n","protected":false},"excerpt":{"rendered":"<p>Rengeteget internetez\u00fcnk, legink\u00e1bb okostelefonon, \u00e9s minden m\u00e1sodik fiatal napi 2-3 \u00f3r\u00e1t t\u00f6lt el chatel\u00e9ssel \u2013 der\u00fcl ki a Yettel orsz\u00e1gos, reprezentat\u00edv kutat\u00e1s\u00e1b\u00f3l. B\u00e1r min\u00e9l fiatalabb valaki, ann\u00e1l val\u00f3sz\u00edn\u0171bb, hogy gyakrabban haszn\u00e1lja mobilon az internetet, de m\u00e9g az X gener\u00e1ci\u00f3 85 sz\u00e1zal\u00e9ka is naponta t\u00f6bbsz\u00f6r felmegy a netre. A legn\u00e9pszer\u0171bb k\u00f6z\u00f6ss\u00e9gi platform tov\u00e1bbra is a Facebook, &#8230;<\/p>\n","protected":false},"author":1001010,"featured_media":147404,"comment_status":"open","ping_status":"open","sticky":false,"template":"","format":"standard","meta":[],"categories":[436,19],"tags":[],"_links":{"self":[{"href":"https:\/\/gazdasagportal.hu\/index.php\/wp-json\/wp\/v2\/posts\/147403"}],"collection":[{"href":"https:\/\/gazdasagportal.hu\/index.php\/wp-json\/wp\/v2\/posts"}],"about":[{"href":"https:\/\/gazdasagportal.hu\/index.php\/wp-json\/wp\/v2\/types\/post"}],"author":[{"embeddable":true,"href":"https:\/\/gazdasagportal.hu\/index.php\/wp-json\/wp\/v2\/users\/1001010"}],"replies":[{"embeddable":true,"href":"https:\/\/gazdasagportal.hu\/index.php\/wp-json\/wp\/v2\/comments?post=147403"}],"version-history":[{"count":1,"href":"https:\/\/gazdasagportal.hu\/index.php\/wp-json\/wp\/v2\/posts\/147403\/revisions"}],"predecessor-version":[{"id":147405,"href":"https:\/\/gazdasagportal.hu\/index.php\/wp-json\/wp\/v2\/posts\/147403\/revisions\/147405"}],"wp:featuredmedia":[{"embeddable":true,"href":"https:\/\/gazdasagportal.hu\/index.php\/wp-json\/wp\/v2\/media\/147404"}],"wp:attachment":[{"href":"https:\/\/gazdasagportal.hu\/index.php\/wp-json\/wp\/v2\/media?parent=147403"}],"wp:term":[{"taxonomy":"category","embeddable":true,"href":"https:\/\/gazdasagportal.hu\/index.php\/wp-json\/wp\/v2\/categories?post=147403"},{"taxonomy":"post_tag","embeddable":true,"href":"https:\/\/gazdasagportal.hu\/index.php\/wp-json\/wp\/v2\/tags?post=147403"}],"curies":[{"name":"wp","href":"https:\/\/api.w.org\/{rel}","templated":true}]}}