{"id":147240,"date":"2024-09-08T22:40:34","date_gmt":"2024-09-08T20:40:34","guid":{"rendered":"https:\/\/gazdasagportal.hu\/?p=147240"},"modified":"2024-09-08T22:40:34","modified_gmt":"2024-09-08T20:40:34","slug":"novelne-a-forgalmat-a-magyar-piacon-egy-erdelyi-husuzem","status":"publish","type":"post","link":"https:\/\/gazdasagportal.hu\/index.php\/novelne-a-forgalmat-a-magyar-piacon-egy-erdelyi-husuzem\/","title":{"rendered":"N\u00f6veln\u00e9 a forgalm\u00e1t a magyar piacon egy erd\u00e9lyi h\u00fas\u00fczem"},"content":{"rendered":"<p class=\"mb-5 text-lg font-normal leading-7.5 lg:mb-7.5 lg:text-xl\"><strong>\u00dajfajta h\u00fask\u00e9sz\u00edtm\u00e9nyekb\u0151l \u00e1ll\u00f3 e-mentes term\u00e9kcsal\u00e1ddal n\u00f6veln\u00e9 forgalm\u00e1t a magyarorsz\u00e1gi piacon a sepsiszentgy\u00f6rgyi Bertis csoport &#8211; k\u00f6z\u00f6lte a c\u00e9g az MTI-vel.<\/strong><\/p>\n<p><!--more--><\/p>\n<div class=\"ads-in-post2\"><script async src=\"https:\/\/pagead2.googlesyndication.com\/pagead\/js\/adsbygoogle.js\"><\/script>\r\n<ins class=\"adsbygoogle\"\r\n     style=\"display:block\"\r\n     data-ad-format=\"fluid\"\r\n     data-ad-layout-key=\"-6t+ed+2i-1n-4w\"\r\n     data-ad-client=\"ca-pub-1959107119989764\"\r\n     data-ad-slot=\"4008251320\"><\/ins>\r\n<script>\r\n     (adsbygoogle = window.adsbygoogle || []).push({});\r\n<\/script><\/div>\n<p class=\"mb-5 text-lg font-normal leading-7.5 lg:mb-7.5 lg:text-xl\">A c\u00e9g term\u00e9kei a k\u00f6zlem\u00e9ny szerint a hagyom\u00e1nyos erd\u00e9lyi \u00edzvil\u00e1got k\u00e9pviselik a belf\u00f6ldi piacon, vev\u0151k\u00f6r\u00fcket a k\u00f6zelj\u00f6v\u0151ben term\u00e9szetes alapanyagokkal tart\u00f3s\u00edtott, jelent\u0151s r\u00e9szben k\u00e9zi munk\u00e1val el\u0151\u00e1ll\u00edtott h\u00fask\u00e9sz\u00edtm\u00e9nyekkel b\u0151v\u00edten\u00e9k.<\/p>\n<p class=\"mb-5 text-lg font-normal leading-7.5 lg:mb-7.5 lg:text-xl\">Az alapanyagot a Bertis nagyr\u00e9szt a moh\u00e1csi h\u00fas\u00fczemb\u0151l v\u00e1s\u00e1rolja. Az \u00e9vi csaknem 4200 tonna h\u00fasnak k\u00f6r\u00fclbel\u00fcl 5 sz\u00e1zal\u00e9ka ker\u00fcl vissza a feldolgozott term\u00e9kekben Magyarorsz\u00e1gra, a t\u00f6bbit k\u00fclf\u00f6ld\u00f6n \u00e9rt\u00e9kes\u00edtik &#8211; \u00edrt\u00e1k az MTI k\u00e9rd\u00e9s\u00e9re.<\/p><div id=\"gazda-1139299629\" class=\"gazda-tartalomban gazda-entity-placement\"><script async src=\"https:\/\/pagead2.googlesyndication.com\/pagead\/js\/adsbygoogle.js\"><\/script>\r\n<ins class=\"adsbygoogle\"\r\n     style=\"display:block\"\r\n     data-ad-format=\"fluid\"\r\n     data-ad-layout-key=\"-6t+ed+2i-1n-4w\"\r\n     data-ad-client=\"ca-pub-1959107119989764\"\r\n     data-ad-slot=\"4008251320\"><\/ins>\r\n<script>\r\n     (adsbygoogle = window.adsbygoogle || []).push({});\r\n<\/script><\/div>\n<p class=\"mb-5 text-lg font-normal leading-7.5 lg:mb-7.5 lg:text-xl\">A k\u00f6zlem\u00e9ny alapj\u00e1n az 1992-ben alap\u00edtott c\u00e9g piaci r\u00e9szesed\u00e9se a magyar t\u00f6bbs\u00e9g\u0171 rom\u00e1niai megy\u00e9kben 80 sz\u00e1zal\u00e9kos, Erd\u00e9ly t\u00f6bbi r\u00e9sz\u00e9n 20-30 sz\u00e1zal\u00e9kos.<\/p>\n<p class=\"mb-5 text-lg font-normal leading-7.5 lg:mb-7.5 lg:text-xl\">A majdnem 1200 munkav\u00e1llal\u00f3t foglalkoztat\u00f3 Bertis SLR gar\u00e1zsc\u00e9gb\u0151l n\u0151tte ki mag\u00e1t region\u00e1lis piacvezet\u0151v\u00e9. Jelenleg Sepsiszentgy\u00f6rgy\u00f6n \u00e9s Gyergy\u00f3szentmikl\u00f3son m\u0171k\u00f6dtetnek \u00fczemeket, saj\u00e1t \u00e1ruh\u00e1zaikban m\u00e1s magyar gy\u00e1rt\u00f3k term\u00e9keinek is helyet adnak. Term\u00e9keiket Magyarorsz\u00e1gon Sz\u00e9kely Csemege m\u00e1rkan\u00e9ven k\u00edn\u00e1lj\u00e1k.<\/p>\n<p class=\"mb-5 text-lg font-normal leading-7.5 lg:mb-7.5 lg:text-xl\">A 3 \u00e9ve alap\u00edtott le\u00e1nyv\u00e1llalatuk a nyilv\u00e1nos besz\u00e1mol\u00f3 alapj\u00e1n tavaly m\u00e9g vesztes\u00e9ges volt, de m\u00e1r majdnem 500 milli\u00f3 forintos forgalommal z\u00e1rt.<\/p>\n<p class=\"mb-5 text-lg font-normal leading-7.5 lg:mb-7.5 lg:text-xl\">Az erd\u00e9lyi anyac\u00e9g \u00e1tsz\u00e1m\u00edtva 2022-ben 22,6 milli\u00e1rd forintos, 2023-ban 26,5 milli\u00e1rd forintos forgalmat \u00e9rt el, nyeres\u00e9g\u00fck 675,9 milli\u00f3, illetve 595,8 milli\u00f3 forint volt &#8211; k\u00f6z\u00f6lt\u00e9k.<\/p>\n","protected":false},"excerpt":{"rendered":"<p>\u00dajfajta h\u00fask\u00e9sz\u00edtm\u00e9nyekb\u0151l \u00e1ll\u00f3 e-mentes term\u00e9kcsal\u00e1ddal n\u00f6veln\u00e9 forgalm\u00e1t a magyarorsz\u00e1gi piacon a sepsiszentgy\u00f6rgyi Bertis csoport &#8211; k\u00f6z\u00f6lte a c\u00e9g az MTI-vel.<\/p>\n","protected":false},"author":1001010,"featured_media":0,"comment_status":"open","ping_status":"open","sticky":false,"template":"","format":"standard","meta":[],"categories":[19],"tags":[],"_links":{"self":[{"href":"https:\/\/gazdasagportal.hu\/index.php\/wp-json\/wp\/v2\/posts\/147240"}],"collection":[{"href":"https:\/\/gazdasagportal.hu\/index.php\/wp-json\/wp\/v2\/posts"}],"about":[{"href":"https:\/\/gazdasagportal.hu\/index.php\/wp-json\/wp\/v2\/types\/post"}],"author":[{"embeddable":true,"href":"https:\/\/gazdasagportal.hu\/index.php\/wp-json\/wp\/v2\/users\/1001010"}],"replies":[{"embeddable":true,"href":"https:\/\/gazdasagportal.hu\/index.php\/wp-json\/wp\/v2\/comments?post=147240"}],"version-history":[{"count":2,"href":"https:\/\/gazdasagportal.hu\/index.php\/wp-json\/wp\/v2\/posts\/147240\/revisions"}],"predecessor-version":[{"id":147242,"href":"https:\/\/gazdasagportal.hu\/index.php\/wp-json\/wp\/v2\/posts\/147240\/revisions\/147242"}],"wp:attachment":[{"href":"https:\/\/gazdasagportal.hu\/index.php\/wp-json\/wp\/v2\/media?parent=147240"}],"wp:term":[{"taxonomy":"category","embeddable":true,"href":"https:\/\/gazdasagportal.hu\/index.php\/wp-json\/wp\/v2\/categories?post=147240"},{"taxonomy":"post_tag","embeddable":true,"href":"https:\/\/gazdasagportal.hu\/index.php\/wp-json\/wp\/v2\/tags?post=147240"}],"curies":[{"name":"wp","href":"https:\/\/api.w.org\/{rel}","templated":true}]}}